{"id":661542,"date":"2026-09-02T14:27:17","date_gmt":"2026-09-02T14:27:17","guid":{"rendered":"https:\/\/www.europesays.com\/it\/661542\/"},"modified":"2026-09-02T14:27:17","modified_gmt":"2026-09-02T14:27:17","slug":"sal-da-vinci-torna-a-roma-arrivai-qui-per-cercare-una-strada-trastevere-e-centocelle-sono-luoghi-che-mi-appartengono","status":"publish","type":"post","link":"https:\/\/www.europesays.com\/it\/661542\/","title":{"rendered":"Sal Da Vinci torna a Roma: &#8220;Arrivai qui per cercare una strada. Trastevere e Centocelle sono luoghi che mi appartengono&#8221;"},"content":{"rendered":"<p>\u201cSono a Verona, per i Power Hits Estate 2026, ma domani arrivo a Roma per iniziare a respirare quell&#8217;aria che mi \u00e8 un po&#8217; familiare\u201d. Sal Da Vinci \u00e8 appena sceso da un aereo quando ci risponde al telefono a poco pi\u00f9 di 48 ore dal suo concerto all&#8217;Auditorium Parco della Musica Ennio Morricone.\u00a0<\/p>\n<p>Un&#8217;estate che \u00e8 stato un viaggio da nord a sud, tra arene sul mare, festival e piazze e che culminer\u00e0 nella sua Napoli a fine settembre, per poi ripartire nei teatri in autunno. Lo scorso 28 agosto \u00e8 uscito anche il suo nuovo singolo \u201cFuga d&#8217;amore\u201d, un brano in cui l&#8217;amore \u00e8 ancora una volta il protagonista assoluto.\u00a0<\/p>\n<p><strong>Come ti stai vivendo quest&#8217;estate senza sosta e piena di successo?<\/strong><\/p>\n<p>Come un vero proprio dono che mi \u00e8 arrivato. Un&#8217;ondata d&#8217;affetto che mi ha invaso e rapito. Ogni sera facce nuove, anime nuove per una continua scoperta. \u00c8 fantastico. La gente mi aspetta, si posiziona nei viali, mi fa festa. Vivo tanto bene, tanta energia.<\/p>\n<p><strong>La prossima data sar\u00e0 proprio quella romana, all&#8217;Auditorium Parco della Musica Ennio Morricone, il 3 settembre. Sei gi\u00e0 in citt\u00e0 o arriverai nelle prossime ore?<\/strong><\/p>\n<p>Al momento sono a Verona, sono appena arrivato per i Power Hits Estate, domani sar\u00f2 in citt\u00e0 per prepararmi a respirare un&#8217;aria che mi \u00e8 familiare.\u00a0<\/p>\n<p><strong>Familiare in che senso?<\/strong><\/p>\n<p>Ho vissuto a Roma alla fine degli anni &#8217;80, ero un ragazzino, arrivai per cercare una strada, per capire cosa fare nel futuro.\u00a0<\/p>\n<p><strong>Fu allora che avvenne l&#8217;incontro con Carlo Verdone e Alberto Sordi?<\/strong><\/p>\n<p>Esatto. Ci fu questa bellissima esperienza del film \u201cTroppo forte\u201d che porto nel cuore. Una parentesi indimenticabile.\u00a0<\/p>\n<p><strong>Qual \u00e8 stato il primo impatto con Roma? Citt\u00e0 accogliente o chiusa?<\/strong><\/p>\n<p>Roma mi ha subito accolto in modo positivo. Sono stato tante volte qui con i miei spettacoli, ad esempio con \u201cScugnizzi\u201d al Teatro Sistina e al Teatro Olimpico e poi ho tanti amici che vivono a Roma. Spesso sono in citt\u00e0 per motivi di lavoro e non.\u00a0<\/p>\n<p><strong>E cosa ti piace di Roma?<\/strong><\/p>\n<p>Roma \u00e8 un palcoscenico a cielo aperto, qualcosa di talmente magico e grande che mi viene difficile definirla, qualsiasi aggettivo sarebbe riduttivo.\u00a0<\/p>\n<p><strong>Quali sono i quartieri in cui hai vissuto da giovane a Roma?<\/strong><\/p>\n<p>Vivevo sulla Cassia e poi mi sono spostato in vari quartieri, mi hanno sempre affascinato i quartieri popolari: ci sono cresciuto e ogni volta che ci entro \u00e8 come tornare a casa mia. Trastevere e Centocelle sono luoghi che mi appartengono in qualche modo. Qui la gente continua a sognare nonostante le avversit\u00e0, a fabbricare sogni.\u00a0<\/p>\n<p><strong>Sono questi, dunque, i tuoi posti del cuore a Roma?<\/strong><\/p>\n<p>Direi di s\u00ec. I miei posti del cuore sono quelli in cui il comun denominatore \u00e8 la verit\u00e0. Poi ovviamente c&#8217;\u00e8 tutta la parte meravigliosa e storica, quella che tutto il mondo ci invidia e in cui trovo sempre qualcosa di magico.\u00a0<\/p>\n<p><strong>C&#8217;\u00e8 un posto che ancora non hai visto di Roma e che ti piacerebbe visitare?<\/strong><\/p>\n<p>In realt\u00e0 io Roma me la sono goduta in lungo e in largo. Ma posso dire che c&#8217;\u00e8 un luogo che ogni volta mi disarma, anche se l&#8217;ho visto cento volte ed \u00e8 Campo de&#8217; Fiori. Poi anche tutta la zona di via del Corso. E quando passo davanti alla Fontana di Trevi ho sempre l&#8217;impressione che, da un momento all&#8217;altro, possa uscire una compagnia per raccontare una storia.\u00a0<\/p>\n<p><strong>Torniamo alla musica. L&#8217;Auditorium Parco della Musica \u00e8 uno dei templi della musica romana. Che impressione ti fa esibirti in una location cos\u00ec simbolica, nel contesto del Roma Summer Fest e cosa ti aspetti dal pubblico?<\/strong><\/p>\n<p>\u00c8 una location importante, sognavo di cantare qui, anche perch\u00e9 l&#8217;Auditorium \u00e8 dedicato al grande Ennio Morricone di cui sono grandissimo fan. Quando si parla di Morricone si pensa spesso soltanto alle colonne sonore, ma il maestro Morricone ha scritto tanti successi e presenziare in un posto che \u00e8 stato dedicato a lui per me \u00e8 un onore. Quello che sto preparando \u00e8 un incontro speciale con il mio pubblico.\u00a0<\/p>\n<p><strong>Qual \u00e8 la cosa che aspetti di pi\u00f9 di questo incontro?<\/strong><\/p>\n<p>Guardare negli occhi i miei fan, sono loro che mi danno quella spinta, che mi regalano energia buona per fare sempre meglio. Non \u00e8 scontato che qualcuno abbia deciso di mettere le mani in tasca per spendere dei soldi per venirmi a vedere. \u00c8 un miracolo. Certe volte mi sento cos\u00ec piccolo che dico \u201cCome faccio a ricambiare?\u201d. E allora mi impegno pi\u00f9 del dovuto, perch\u00e9 \u00e8 giusto rispettare il pubblico che mi sostiene e che ha deciso di stare con me per quella sera.<\/p>\n<p><strong>Roma d&#8217;estate ma anche in autunno, perch\u00e9 il 9 ottobre tornerai nella Capitale per il tuo tour nei teatri, con tappa all&#8217;Auditorium Conciliazione. Sar\u00e0 un concerto diverso? Pi\u00f9 intimo?<\/strong><\/p>\n<p>Il teatro \u00e8 un&#8217;altra cosa, a teatro giochi pi\u00f9 sulle sfumature. Il teatro \u00e8 la migliore forma di vita che tu possa attraversare, l\u00ec si costruiscono cose in modo diverso. Sar\u00e0 bello.<\/p>\n<p><strong>In questi giorni romani riuscirai a ritagliarti qualche momento da turista?\u00a0<\/strong><\/p>\n<p>Non credo di avere tanto tempo a disposizione, star\u00f2 qui un paio di giorni, ma il 2 ho gi\u00e0 diversi impegni lavorativi, il 3 ci sar\u00e0 la preparazione del concerto. Vediamo\u2026.<\/p>\n<p><strong>Roma e i romani ti amano, ti aspettano e sperano che anche nei prossimi tour farai tappa nella Capitale. C&#8217;\u00e8, in particolare, un luogo, un palcoscenico romano dove ti piacerebbe cantare?<\/strong><\/p>\n<p>Un sogno c&#8217;\u00e8 ed \u00e8 quello di cantare alle Terme di Caracalla, perch\u00e9 mio padre molti anni fa cant\u00f2 l\u00ec e mi parlava di questo posto suggestivo. Mi \u00e8 capitato di cantarci, ospite al concerto di Fiorella Mannoia e mi piacerebbe tornare con un live tutto mio. Poi c&#8217;\u00e8 il teatro, ovviamente. Mi piacerebbe tornare al Sistina che \u00e8 un luogo che mi sta particolarmente a cuore.\u00a0<\/p>\n<p><strong>La tua Napoli \u00e8 una citt\u00e0 simbolo della gastronomia italiana. Ma se ti dico cucina romana, ce l&#8217;hai un piatto del cuore?<\/strong><\/p>\n<p>Sicuramente amo la cacio e pepe, i carciofi alla Giudia mi fanno impazzire. Poi ogni tanto riemerge questa storia della pizza romana contro la pizza napoletana: bisogna riconoscere che voi avete la vostra arte culinaria degna di rispetto e che Roma \u00e8 una citt\u00e0 dove si mangia veramente bene.<\/p>\n<p><strong>Ristorante preferito a Roma?<\/strong><\/p>\n<p>Osteria dal 1931 mi fa impazzire. Stefanino e sua moglie Jackellinne mi accolgono sempre con qualcosa di buono.<\/p>\n<p><strong>Ci passerai in questa toccata e fuga romana?<\/strong><\/p>\n<p>Spero di riuscirci, magari dopo il concerto se restano aperti.\u00a0<\/p>\n","protected":false},"excerpt":{"rendered":"\u201cSono a Verona, per i Power Hits Estate 2026, ma domani arrivo a Roma per iniziare a respirare&hellip;\n","protected":false},"author":3,"featured_media":661543,"comment_status":"","ping_status":"","sticky":false,"template":"","format":"standard","meta":{"footnotes":"","_share_on_mastodon":"0"},"categories":[1443],"tags":[203,1282,204,1537,90,89,1538,1539,60568],"class_list":["post-661542","post","type-post","status-publish","format-standard","has-post-thumbnail","category-musica","tag-entertainment","tag-intervista","tag-intrattenimento","tag-it","tag-italia","tag-italy","tag-music","tag-musica","tag-sal-da-vinci"],"share_on_mastodon":{"url":"https:\/\/pubeurope.com\/@it\/117201918058521543","error":""},"_links":{"self":[{"href":"https:\/\/www.europesays.com\/it\/wp-json\/wp\/v2\/posts\/661542","targetHints":{"allow":["GET"]}}],"collection":[{"href":"https:\/\/www.europesays.com\/it\/wp-json\/wp\/v2\/posts"}],"about":[{"href":"https:\/\/www.europesays.com\/it\/wp-json\/wp\/v2\/types\/post"}],"author":[{"embeddable":true,"href":"https:\/\/www.europesays.com\/it\/wp-json\/wp\/v2\/users\/3"}],"replies":[{"embeddable":true,"href":"https:\/\/www.europesays.com\/it\/wp-json\/wp\/v2\/comments?post=661542"}],"version-history":[{"count":0,"href":"https:\/\/www.europesays.com\/it\/wp-json\/wp\/v2\/posts\/661542\/revisions"}],"wp:featuredmedia":[{"embeddable":true,"href":"https:\/\/www.europesays.com\/it\/wp-json\/wp\/v2\/media\/661543"}],"wp:attachment":[{"href":"https:\/\/www.europesays.com\/it\/wp-json\/wp\/v2\/media?parent=661542"}],"wp:term":[{"taxonomy":"category","embeddable":true,"href":"https:\/\/www.europesays.com\/it\/wp-json\/wp\/v2\/categories?post=661542"},{"taxonomy":"post_tag","embeddable":true,"href":"https:\/\/www.europesays.com\/it\/wp-json\/wp\/v2\/tags?post=661542"}],"curies":[{"name":"wp","href":"https:\/\/api.w.org\/{rel}","templated":true}]}}