{"id":661561,"date":"2026-09-02T14:45:14","date_gmt":"2026-09-02T14:45:14","guid":{"rendered":"https:\/\/www.europesays.com\/it\/661561\/"},"modified":"2026-09-02T14:45:14","modified_gmt":"2026-09-02T14:45:14","slug":"pogacar-dimesso-dallospedale-di-barcellona","status":"publish","type":"post","link":"https:\/\/www.europesays.com\/it\/661561\/","title":{"rendered":"Pogacar dimesso dall&#8217;ospedale di Barcellona"},"content":{"rendered":"<p>                                Caduto nella Vuelta che stava dominando, era stato operato luned\u00ec alla clavicola sinistra. Prima del recupero (anche per la commozione cerebrale e una frattura alla settima vertebra cervicale), probabile il ritorno in gara nel 2027<\/p>\n<p class=\"paragraph\" spellcheck=\"true\"><a href=\"https:\/\/www.gazzetta.it\/Ciclismo\/31-08-2026\/tadej-pogacar-ricoverato-a-barcellona-quando-rientra.shtml?intcmp=hyperlink-articolo-gazit\" title=\"Pogacar operato a Barcellona. Per rivederlo nel 2026 serve un miracolo\" target=\"_blank\" rel=\"nofollow noopener\">Tadej Pogacar <\/a>pu\u00f2 tornare a casa. Secondo quanto \u00e8 stato confermato da diverse fonti alla Gazzetta, oggi nel primo pomeriggio il campione del mondo uscir\u00e0 dall\u2019ospedale universitario Dexeus di Barcellona, dove luned\u00ec \u00e8 stato operato alla clavicola sinistra, e torner\u00e0 a casa, a Montecarlo dove risiede. Il 27enne sloveno della Uae-XRG era caduto sabato alla Vuelta, mentre era in maglia rossa, e si era dovuto ritirare. Per lui, oltre alla frattura scomposta della clavicola sinistra, anche una commozione cerebrale e una frattura stabile della settima vertebra cervicale. Lo scenario pi\u00f9 probabile resta quello di una stagione finita in anticipo, e di un arrivederci al 2027.<\/p>\n","protected":false},"excerpt":{"rendered":"Caduto nella Vuelta che stava dominando, era stato operato luned\u00ec alla clavicola sinistra. Prima del recupero (anche per&hellip;\n","protected":false},"author":3,"featured_media":661562,"comment_status":"","ping_status":"","sticky":false,"template":"","format":"standard","meta":{"footnotes":"","_share_on_mastodon":"0"},"categories":[1456],"tags":[351,4643,1887,364725,86330,1824,34983,319410,1825,5830,1537,90,89,315,245,244],"class_list":["post-661561","post","type-post","status-publish","format-standard","has-post-thumbnail","category-ciclismo","tag-barcellona","tag-caduto","tag-cerebrale","tag-cerebrale-frattura","tag-cervicale","tag-ciclismo","tag-clavicola","tag-clavicola-sinistra","tag-cycling","tag-frattura","tag-it","tag-italia","tag-italy","tag-sinistra","tag-sport","tag-sports"],"share_on_mastodon":{"url":"https:\/\/pubeurope.com\/@it\/117201988941825499","error":""},"_links":{"self":[{"href":"https:\/\/www.europesays.com\/it\/wp-json\/wp\/v2\/posts\/661561","targetHints":{"allow":["GET"]}}],"collection":[{"href":"https:\/\/www.europesays.com\/it\/wp-json\/wp\/v2\/posts"}],"about":[{"href":"https:\/\/www.europesays.com\/it\/wp-json\/wp\/v2\/types\/post"}],"author":[{"embeddable":true,"href":"https:\/\/www.europesays.com\/it\/wp-json\/wp\/v2\/users\/3"}],"replies":[{"embeddable":true,"href":"https:\/\/www.europesays.com\/it\/wp-json\/wp\/v2\/comments?post=661561"}],"version-history":[{"count":0,"href":"https:\/\/www.europesays.com\/it\/wp-json\/wp\/v2\/posts\/661561\/revisions"}],"wp:featuredmedia":[{"embeddable":true,"href":"https:\/\/www.europesays.com\/it\/wp-json\/wp\/v2\/media\/661562"}],"wp:attachment":[{"href":"https:\/\/www.europesays.com\/it\/wp-json\/wp\/v2\/media?parent=661561"}],"wp:term":[{"taxonomy":"category","embeddable":true,"href":"https:\/\/www.europesays.com\/it\/wp-json\/wp\/v2\/categories?post=661561"},{"taxonomy":"post_tag","embeddable":true,"href":"https:\/\/www.europesays.com\/it\/wp-json\/wp\/v2\/tags?post=661561"}],"curies":[{"name":"wp","href":"https:\/\/api.w.org\/{rel}","templated":true}]}}