{"id":661568,"date":"2026-09-02T14:51:12","date_gmt":"2026-09-02T14:51:12","guid":{"rendered":"https:\/\/www.europesays.com\/it\/661568\/"},"modified":"2026-09-02T14:51:12","modified_gmt":"2026-09-02T14:51:12","slug":"saluzzo-nel-palazzo-medievale-coi-soffitti-a-6-metri-daltezza-il-calore-non-si-disperde-il-restyling-dello-studio-marcante-testa","status":"publish","type":"post","link":"https:\/\/www.europesays.com\/it\/661568\/","title":{"rendered":"Saluzzo, nel palazzo medievale coi soffitti a 6 metri d&#8217;altezza il calore non si disperde. Il restyling dello studio Marcante-Testa"},"content":{"rendered":"<p>    di<br \/>\n    Elisabetta Marangoni<\/p>\n<p class=\"summary-art is-line-h-12\">Realizzato nello spazio antico un impianto di riscaldamento a pavimento per diffondere calore omogeneo. La verticalit\u00e0, oggi cos\u00ec fuori moda, \u00e8 salva<\/p>\n<p class=\"chapter-paragraph\">\u00abNei soffitti non abitano pi\u00f9 gli dei\u00bb. Cos\u00ec scriveva <b>lo psicoterapeuta James Hillman <\/b>riflettendo su come l\u2019architettura contemporanea abbia progressivamente abbassato lo sguardo dell\u2019uomo. Soffitti pi\u00f9 bassi, ambienti sempre pi\u00f9 compressi per <b>favorire costi e risparmio energetico<\/b>, una dimensione verticale che si perde insieme a quella capacit\u00e0 di alzare gli occhi, immaginare, contemplare.<br \/>Entrare in questo appartamento a Saluzzo significa, invece, fare l\u2019esperienza opposta.\u00a0<\/p>\n<p>    Salvaguardare la storia<\/p>\n<p class=\"chapter-paragraph\">Ci troviamo all\u2019interno di un palazzo di origine medievale dove i soffitti raggiungono i sei metri d\u2019altezza. Uno spazio di rara imponenza che avrebbe potuto risultare dispersivo se affrontato con un progetto tradizionale. Ed \u00e8 proprio qui che si misura il valore dell\u2019intervento dello studio di architettura Marcante-Testa, tra le realt\u00e0 italiane pi\u00f9 riconosciute a livello internazionale.<br \/>Il progetto <b>non cerca di cancellare il passato<\/b>, n\u00e9 di trasformarlo in un esercizio di nostalgia. Al contrario, parte da un principio semplice: ci\u00f2 che vediamo oggi \u00e8 la somma di tutte le epoche che questa casa ha attraversato. Ogni<b> stratificazione <\/b>racconta un passaggio della sua storia e diventa parte integrante dell\u2019identit\u00e0 dell\u2019abitazione.\u00a0    &#13;<br \/>\n&#13;<br \/>\n&#13;<br \/>\n&#13;<br \/>\n&#13;<br \/>\n&#13;<br \/>\n&#13;<br \/>\n&#13;<br \/>\n&#13;<br \/>\n&#13;<br \/>\n&#13;<br \/>\n&#13;<br \/>\n&#13;<br \/>\n&#13;<br \/>\n&#13;<br \/>\n&#13;<br \/>\n&#13;<br \/>\n&#13;<br \/>\n&#13;<br \/>\n&#13;<br \/>\n&#13;<br \/>\n&#13;<br \/>\n&#13;<br \/>\n&#13;<br \/>\n&#13;<br \/>\n&#13;<br \/>\n&#13;<br \/>\n&#13;<br \/>\n&#13;<br \/>\n&#13;<br \/>\n&#13;<br \/>\n&#13;<br \/>\n&#13;<br \/>\n&#13;<br \/>\n&#13;<br \/>\n&#13;<br \/>\n&#13;<br \/>\n&#13;<br \/>\n&#13;<br \/>\n&#13;<br \/>\n&#13;<br \/>\n&#13;<br \/>\n&#13;<br \/>\n&#13;<br \/>\n&#13;<br \/>\n&#13;<br \/>\n&#13;<br \/>\n&#13;<br \/>\n&#13;<br \/>\n&#13;<br \/>\n&#13;<br \/>\n&#13;<br \/>\n&#13;\n<\/p>\n<p>    Sostenibilit\u00e0 e comfort<\/p>\n<p class=\"chapter-paragraph\">L\u2019abilit\u00e0 degli architetti \u00e8 stata quella di riuscire a rendere sostenibile un appartamento storico con tutto il comfort della modernit\u00e0. \u00c8 stato realizzato un impianto di riscaldamento a pavimento per diffondere calore omogeneo, i pavimenti sono nuovi e il corridoio \u00e8 stato realizzato recuperando un <b>pavimento originale <\/b>che come vedete perfettamente si integra.<\/p>\n<p class=\"chapter-paragraph\">L\u2019altezza straordinaria degli ambienti ha imposto una riflessione non solo estetica, ma anche percettiva. Per vivere bene uno spazio occorre sentirsi in equilibrio con le sue proporzioni. Per questo il progetto interviene soprattutto nella parte alta delle pareti, utilizzando <b>colore, carte da parati <\/b>ed <b>elementi d\u2019arredo <\/b>capaci di ridisegnare la percezione dei volumi senza alterarne la monumentalit\u00e0. Il risultato \u00e8 sorprendente: gli spazi mantengono tutta la loro <b>forza scenografica<\/b>, ma acquistano una misura pi\u00f9 domestica, pi\u00f9 intima, pi\u00f9 vicina alla quotidianit\u00e0.\u00a0<\/p>\n<p>    La cucina<\/p>\n<p class=\"chapter-paragraph\">L\u2019ambiente che ha richiesto una sfida importante \u00e8 quello della cucina dove l\u2019esigenza principale della famiglia era di poter mantenere l\u2019abitudine di un unico ambiente ma andava <b>totalmente rimodulato <\/b>per non risultare distante anzich\u00e9 intimo. La cucina \u00e8 separata dalla zona pranzo con un paravento parzialmente apribile che rende lo spazio pi\u00f9 raccolto ma al contempo un insieme.<\/p>\n<p>    Interpretare un luogo<\/p>\n<p class=\"chapter-paragraph\">Nel grande salone \u00e8 stata inoltre conservata la tappezzeria originale in un intenso <b>blu Majorelle<\/b>, una tonalit\u00e0 profonda e vibrante che dialoga con l\u2019architettura storica del palazzo esaltandone il carattere quasi aulico.<br \/>In un\u2019epoca in cui l\u2019abitare tende spesso a uniformarsi, questa casa ricorda che progettare significa prima di tutto interpretare un luogo, comprenderne la storia e trovare un equilibrio tra memoria e presente. Forse Hillman aveva ragione: non \u00e8 solo una questione di centimetri. Quando rinunciamo alla verticalit\u00e0 perdiamo anche una parte del nostro immaginario. E case come questa ci ricordano quanto, ogni tanto, valga ancora la pena alzare gli occhi.<\/p>\n<p class=\"is-mr-t-20 is-mr-b-20\"><b><br \/>\n                    <a href=\"https:\/\/torino.corriere.it\/?intcmp=Notizielocali_nd_010623_corriere_ss_nd\" target=\"_blank\" rel=\"nofollow noopener\">Vai a tutte le notizie di Torino<\/a><br \/>\n            <\/b><\/p>\n<p class=\"chapter-paragraph\"><b><a href=\"https:\/\/www.corriere.it\/newsletter\/?theme=35&amp;intcmp=IIIcolonna_NL_CorTorino\" target=\"_blank\" rel=\"nofollow noopener\">Iscriviti alla newsletter di Corriere Torino<\/a><\/b><\/p>\n<p class=\"is-last-update\" datetime=\"2026-09-02T05:01:40+02:00\">1 settembre 2026 ( modifica il 1 settembre 2026 | 20:39)<\/p>\n<p class=\"is-copyright\">\n            \u00a9 RIPRODUZIONE RISERVATA\n        <\/p>\n","protected":false},"excerpt":{"rendered":"di Elisabetta Marangoni Realizzato nello spazio antico un impianto di riscaldamento a pavimento per diffondere calore omogeneo. La&hellip;\n","protected":false},"author":3,"featured_media":661569,"comment_status":"","ping_status":"","sticky":false,"template":"","format":"standard","meta":{"footnotes":"","_share_on_mastodon":"0"},"categories":[1446],"tags":[6902,8615,345900,4924,14815,6656,2670,1615,1613,1614,1611,1610,15085,364727,108240,5221,1612,8783,364728,364729,203,9606,9800,35719,364730,364731,25511,204,1537,90,89,364732,81545,181790,364733,3203,10313,330,49834,2851,5156,364726,8041,1567],"class_list":["post-661568","post","type-post","status-publish","format-standard","has-post-thumbnail","category-arte-e-design","tag-altezza","tag-alzare","tag-alzare-occhi","tag-ambiente","tag-ambienti","tag-appartamento","tag-architettura","tag-arte","tag-arte-e-design","tag-arteedesign","tag-arts","tag-arts-and-design","tag-calore","tag-calore-omogeneo","tag-comfort","tag-cucina","tag-design","tag-diffondere","tag-diffondere-calore","tag-diffondere-calore-omogeneo","tag-entertainment","tag-equilibrio","tag-hillman","tag-impianto","tag-impianto-riscaldamento","tag-impianto-riscaldamento-pavimento","tag-interpretare","tag-intrattenimento","tag-it","tag-italia","tag-italy","tag-marcante","tag-marcante-testa","tag-medievale","tag-medievale-soffitti","tag-metri","tag-metri-altezza","tag-palazzo","tag-pavimento","tag-progetto","tag-realizzato","tag-soffitti","tag-spazio","tag-storia"],"share_on_mastodon":{"url":"","error":"Validation failed: Text character limit of 500 exceeded"},"_links":{"self":[{"href":"https:\/\/www.europesays.com\/it\/wp-json\/wp\/v2\/posts\/661568","targetHints":{"allow":["GET"]}}],"collection":[{"href":"https:\/\/www.europesays.com\/it\/wp-json\/wp\/v2\/posts"}],"about":[{"href":"https:\/\/www.europesays.com\/it\/wp-json\/wp\/v2\/types\/post"}],"author":[{"embeddable":true,"href":"https:\/\/www.europesays.com\/it\/wp-json\/wp\/v2\/users\/3"}],"replies":[{"embeddable":true,"href":"https:\/\/www.europesays.com\/it\/wp-json\/wp\/v2\/comments?post=661568"}],"version-history":[{"count":0,"href":"https:\/\/www.europesays.com\/it\/wp-json\/wp\/v2\/posts\/661568\/revisions"}],"wp:featuredmedia":[{"embeddable":true,"href":"https:\/\/www.europesays.com\/it\/wp-json\/wp\/v2\/media\/661569"}],"wp:attachment":[{"href":"https:\/\/www.europesays.com\/it\/wp-json\/wp\/v2\/media?parent=661568"}],"wp:term":[{"taxonomy":"category","embeddable":true,"href":"https:\/\/www.europesays.com\/it\/wp-json\/wp\/v2\/categories?post=661568"},{"taxonomy":"post_tag","embeddable":true,"href":"https:\/\/www.europesays.com\/it\/wp-json\/wp\/v2\/tags?post=661568"}],"curies":[{"name":"wp","href":"https:\/\/api.w.org\/{rel}","templated":true}]}}