{"id":661575,"date":"2026-09-02T14:56:20","date_gmt":"2026-09-02T14:56:20","guid":{"rendered":"https:\/\/www.europesays.com\/it\/661575\/"},"modified":"2026-09-02T14:56:20","modified_gmt":"2026-09-02T14:56:20","slug":"non-solo-el-shaarawy-occhio-agli-svincolati-brozovic-valuta-una-proposta-darmian-acerbi-icardi","status":"publish","type":"post","link":"https:\/\/www.europesays.com\/it\/661575\/","title":{"rendered":"Non solo El Shaarawy, occhio agli svincolati: Brozovic valuta una proposta, Darmian, Acerbi, Icardi&#8230;"},"content":{"rendered":"<p>\nIl mercato \u00e8 finito ma in realt\u00e0 non si ferma mai: <strong>resta aperto per gli svincolati.<\/strong> E ci sono diversi nomi interessanti per chi deve fare ancora l\u2019asta. Uno su tutti era <strong>Stephan El Shaarawy<\/strong>, ora in procinto di <a href=\"https:\/\/www.sosfanta.com\/squadra\/genoa\/el-shaarawy-genoa-fantacalcio-asta\/\" rel=\"nofollow noopener\" target=\"_blank\">firmare<\/a> con il Genoa. Ma non solo.\n<\/p>\n<p>\nOcchio anche a <strong>Marcelo Brozovic.<\/strong> Come riporta La Nazione, \u201cla Fiorentina \u00e8 segnalata su Marcelo Brozovic, ex Inter che \u00e8 adesso svincolato dopo l&#8217;esperienza con l&#8217;Al-Nassr. La Viola mette sul piatto 2,5 milioni a stagione d&#8217;ingaggio, il ricchissimo Al Ittihad pu\u00f2 metterne molti di pi\u00f9. La scelta spetter\u00e0 al calciatore. Restare in Arabia Saudita per continuare a guadagnare valanghe di milioni oppure tornare a giocare in Serie A&#8221;.\n<\/p>\n<p>        <img src=\"https:\/\/www.europesays.com\/it\/wp-content\/uploads\/2026\/09\/GettyImages-2273875411-373b5a96d554-480x269.jpg\"   width=\"715\" height=\"400\" alt=\"GettyImages-2273875411\" title=\"GettyImages-2273875411\" loading=\"eager\" fetchpriority=\"high\" decoding=\"sync\" class=\"w-full h-auto aspect-3\/2 object-cover object-top rounded-lg\"\/><\/p>\n<p>\n<strong>Francesco Acerbi e Matteo Darmian<\/strong> sono rimasti ancora svincolati. Per il centrale si \u00e8 parlato di diverse squadre, tra cui <strong>Parma e Bologna. Proprio il Parma invece \u00e8 la squadra pi\u00f9 vicina a Darmian<\/strong>, che aveva anche il <strong>Torino<\/strong> tra le opzioni. Ora i granata per\u00f2 sono coperti nel ruolo.\n<\/p>\n<p>\nIl ds del Torino Petrachi ha detto: \u201cSono ottimista nel cercare qualcosa di utile e funzionale negli svincolati, c\u2019\u00e8 ancora qualche svincolato che pu\u00f2 esserci d\u2019aiuto\u201d. Quello che manca \u00e8 un difensore mancino, resta valida l\u2019opzione di un ritorno di Ricardo Rodriguez. Si \u00e8 fatto anche il nome del 27enne portoghese Diogo Leite.\n<\/p>\n<p>\nChiudiamo con gli attaccanti. <strong>Un nome su tutti: Mauro Icardi.<\/strong> \u00c8 stato il sogno di tante squadre italiane, negli ultimi giorni si \u00e8 parlato soprattutto della Lazio. Vediamo se ci saranno novit\u00e0, ieri l\u2019argentino ha detto no perch\u00e9 l\u2019offerta era insufficiente. \u00c8 rimasto senza squadra anche <strong>Belotti<\/strong>, il suo trasferimento al Cagliari era saltato dopo le visite.<\/p>\n","protected":false},"excerpt":{"rendered":"Il mercato \u00e8 finito ma in realt\u00e0 non si ferma mai: resta aperto per gli svincolati. E ci&hellip;\n","protected":false},"author":3,"featured_media":661576,"comment_status":"","ping_status":"","sticky":false,"template":"","format":"standard","meta":{"footnotes":"","_share_on_mastodon":"0"},"categories":[176],"tags":[33592,12672,364734,364735,30861,117616,38763,2391,364736,364737,2730,13655,3261,364738,364739,5299,364740,1537,90,89,1434,245,244,195989],"class_list":["post-661575","post","type-post","status-publish","format-standard","has-post-thumbnail","category-sport","tag-acerbi","tag-aperto","tag-aperto-svincolati","tag-aperto-svincolati-diversi","tag-asta","tag-brozovic","tag-darmian","tag-diversi","tag-diversi-nomi","tag-diversi-nomi-interessanti","tag-el","tag-el-shaarawy","tag-ferma","tag-ferma-resta","tag-ferma-resta-aperto","tag-finito","tag-finito-realta","tag-it","tag-italia","tag-italy","tag-resta","tag-sport","tag-sports","tag-svincolati"],"share_on_mastodon":{"url":"https:\/\/pubeurope.com\/@it\/117202032106449277","error":""},"_links":{"self":[{"href":"https:\/\/www.europesays.com\/it\/wp-json\/wp\/v2\/posts\/661575","targetHints":{"allow":["GET"]}}],"collection":[{"href":"https:\/\/www.europesays.com\/it\/wp-json\/wp\/v2\/posts"}],"about":[{"href":"https:\/\/www.europesays.com\/it\/wp-json\/wp\/v2\/types\/post"}],"author":[{"embeddable":true,"href":"https:\/\/www.europesays.com\/it\/wp-json\/wp\/v2\/users\/3"}],"replies":[{"embeddable":true,"href":"https:\/\/www.europesays.com\/it\/wp-json\/wp\/v2\/comments?post=661575"}],"version-history":[{"count":0,"href":"https:\/\/www.europesays.com\/it\/wp-json\/wp\/v2\/posts\/661575\/revisions"}],"wp:featuredmedia":[{"embeddable":true,"href":"https:\/\/www.europesays.com\/it\/wp-json\/wp\/v2\/media\/661576"}],"wp:attachment":[{"href":"https:\/\/www.europesays.com\/it\/wp-json\/wp\/v2\/media?parent=661575"}],"wp:term":[{"taxonomy":"category","embeddable":true,"href":"https:\/\/www.europesays.com\/it\/wp-json\/wp\/v2\/categories?post=661575"},{"taxonomy":"post_tag","embeddable":true,"href":"https:\/\/www.europesays.com\/it\/wp-json\/wp\/v2\/tags?post=661575"}],"curies":[{"name":"wp","href":"https:\/\/api.w.org\/{rel}","templated":true}]}}