{"id":661626,"date":"2026-09-02T15:39:20","date_gmt":"2026-09-02T15:39:20","guid":{"rendered":"https:\/\/www.europesays.com\/it\/661626\/"},"modified":"2026-09-02T15:39:20","modified_gmt":"2026-09-02T15:39:20","slug":"uae-team-emirates-xrg-tadej-pogacar-lascera-oggi-lospedale-di-barcellona-dopo-loperazione-alla-spalla","status":"publish","type":"post","link":"https:\/\/www.europesays.com\/it\/661626\/","title":{"rendered":"UAE Team Emirates &#8211; XRG, Tadej Poga\u010dar lascer\u00e0 oggi l&#8217;ospedale di Barcellona dopo l&#8217;operazione alla spalla"},"content":{"rendered":"<p>\t\t<img width=\"1200\" height=\"800\" src=\"https:\/\/www.europesays.com\/it\/wp-content\/uploads\/2026\/09\/1287254613.jpg\" class=\"attachment-full size-full wp-post-image\" alt=\"\" data-main-img=\"1\" decoding=\"async\" fetchpriority=\"high\"  \/><\/p>\n<p>\t\t\t\t\t\t\t \u00a9 Sirotti<\/p>\n<p>\t\t\t\t\t<a href=\"https:\/\/cyclingpro.net\/spaziociclismo\/altro\/scopri-lapp-ufficiale-di-spaziociclismo\/\" title=\"\" rel=\"nofollow noopener\" target=\"_blank\"><br \/>\n\t\t\t\t\t\t<img loading=\"lazy\" decoding=\"async\" src=\"https:\/\/www.europesays.com\/it\/wp-content\/uploads\/2025\/09\/1758060682_662_Banner-App-SpazioCiclismo.png\" alt=\"\" width=\"728\" height=\"91\"\/><br \/>\n\t\t\t\t\t<\/a><\/p>\n<p><a href=\"https:\/\/cyclingpro.net\/spaziociclismo\/worldtour\/uae-team-emirates-xrg-tadej-pogacar-operato-con-successo-alla-clavicola-sinistra\/\" target=\"_blank\" rel=\"noopener nofollow\"><strong>Tadej Poga\u010dar<\/strong><\/a> torna a casa in Slovenia. Luned\u00ec il fenomeno della <strong>UAE Team Emirates \u2013 XRG\u00a0<\/strong>\u00e8 stato operato alla clavicola a Barcellona, dove si trovava dopo la terribile caduta alla <strong>Vuelta a Espa\u00f1a 2026<\/strong>, e ha passato altre due notti nella citt\u00e0 catalana. Per diversi giorni, lo staff della squadra e l\u2019\u00e9quipe medica ha ripetuto che la sua permanenza presso la struttura sarebbe dipesa completamente da come avrebbe risposto il corpo dopo l\u2019operazione. Ebbene, come riporta il giornalista de La Gazzetta dello Sport\u00a0<strong>Ciro Scognamiglio<\/strong>, il vincitore di cinque Tour de France si starebbe gi\u00e0 recando a casa in Slovenia per un po\u2019 di meritato riposo, prima di procedere con la riabilitazione.\u00a0\u201cCome confermato da alcune fonti, <strong>Tadej Pogacar lascia l\u2019Ospedale Dexeus di Barcellona e torner\u00e0 a casa<\/strong> dopo l\u2019intervento chirurgico che si \u00e8 tenuto lo scorso luned\u00ec\u201d ha scritto il giornalista sul suo account X.<\/p>\n<p> <a href=\"https:\/\/cyclingpro.net\/spaziociclismo\/abbonati\/\" rel=\"nofollow noopener\" target=\"_blank\"><img decoding=\"async\" src=\"https:\/\/www.europesays.com\/it\/wp-content\/uploads\/2026\/07\/Banner-AdFree-SpazioCiclismo.png\"\/><\/a><\/p>\n<p>La tempistica lascerebbe ben sperare: l\u2019operazione alla clavicola fratturata non dovrebbe aver avuto controindicazioni. Adesso bisogner\u00e0 capire le tempistiche del recupero, che dovrebbero essere lunghe. Tanto la squadra quanto il corridore hanno lasciato intendere che non forzeranno in alcun modo il rientro alle corse, nonostante l\u2019appuntamento con il\u00a0<strong>Mondiale Montr\u00e9al 2026<\/strong> sia tra meno di un mese, il 27 settembre. C\u2019\u00e8 forse qualche flebile speranza in pi\u00f9 di rivedere lo sloveno agli\u00a0<strong>Europei 2026<\/strong> in casa o pi\u00f9 tardi a\u00a0<strong>Il Lombardia 2026<\/strong>, sabato 10 ottobre. L\u2019ipotesi pi\u00f9 probabile, per\u00f2, \u00e8 che il 2026 ciclistico di <a href=\"https:\/\/cyclingpro.net\/spaziociclismo\/worldtour\/uae-team-emirates-xrg-mauro-gianetti-aggiorna-sulle-condizioni-di-tadej-pogacar-domani-lo-operano-e-presto-per-capire-se-correra-il-finale-di-stagione\/\" target=\"_blank\" rel=\"noopener nofollow\"><strong>Tadej Poga\u010dar<\/strong><\/a> sia gi\u00e0 finito, a meno di un recupero lampo. Il rischio di correre prima che la spalla sia tornata completamente a regime, infatti, sarebbe troppo alto. Ma chiss\u00e0 che il grande campione sloveno non riesca a sorprendere di nuovo.<\/p>\n<blockquote class=\"twitter-tweet\">\n<p dir=\"ltr\" lang=\"en\">Info <a href=\"https:\/\/x.com\/Gazzetta_it?ref_src=twsrc%5Etfw\" rel=\"nofollow\">@Gazzetta_it<\/a> \u2013 Today <a href=\"https:\/\/x.com\/TamauPogi?ref_src=twsrc%5Etfw\" rel=\"nofollow\">@TamauPogi<\/a> leaves Hospital Dexeus in Barcelona and will be back home, sources confirmed us, after surgery held on monday <a href=\"https:\/\/x.com\/cycling_podcast?ref_src=twsrc%5Etfw\" rel=\"nofollow\">@cycling_podcast<\/a><\/p>\n<p>\u2014 Ciro Scognamiglio (@cirogazzetta) <a href=\"https:\/\/x.com\/cirogazzetta\/status\/2095129557682573602?ref_src=twsrc%5Etfw\" rel=\"nofollow\">September 2, 2026<\/a><\/p>\n<\/blockquote>\n<p>Seguici<\/p>\n<p>\t\t\t\t\t\t\t\t\t\t<a href=\"https:\/\/news.google.com\/publications\/CAAqKQgKIiNDQklTRkFnTWFoQUtEbU41WTJ4cGJtZHdjbTh1Ym1WMEtBQVAB?hl=it&amp;gl=IT&amp;ceid=IT%3Ait\" title=\"Google News\" target=\"_blank\" rel=\"nofollow noopener\" class=\"post-followus-btn google-new-btn\"><br \/>\n\t\t\t\t\t\t<img decoding=\"async\" src=\"https:\/\/cyclingpro.net\/spaziociclismo\/wp-content\/themes\/jannah\/assets\/images\/google-news.svg\" alt=\"Google News\" loading=\"lazy\" width=\"120\" height=\"22\"\/><br \/>\n\t\t\t\t\t<\/a><br \/>\n\t\t\t\t\t\t\t\t\t\t<a href=\"https:\/\/flipboard.com\/@SpazioCiclismo\" title=\"Flipboard\" target=\"_blank\" rel=\"nofollow noopener\" class=\"post-followus-btn flipboard-btn\"><br \/>\n\t\t\t\t\t\t<img decoding=\"async\" src=\"https:\/\/cyclingpro.net\/spaziociclismo\/wp-content\/themes\/jannah\/assets\/images\/flipboard.svg\" alt=\"Flipboard\" loading=\"lazy\" width=\"152\" height=\"30\"\/><br \/>\n\t\t\t\t\t<\/a><\/p>\n","protected":false},"excerpt":{"rendered":"\u00a9 Sirotti Tadej Poga\u010dar torna a casa in Slovenia. Luned\u00ec il fenomeno della UAE Team Emirates \u2013 XRG\u00a0\u00e8&hellip;\n","protected":false},"author":3,"featured_media":661627,"comment_status":"","ping_status":"","sticky":false,"template":"","format":"standard","meta":{"footnotes":"","_share_on_mastodon":"0"},"categories":[1456],"tags":[1824,1825,1537,90,89,245,244,1531],"class_list":["post-661626","post","type-post","status-publish","format-standard","has-post-thumbnail","category-ciclismo","tag-ciclismo","tag-cycling","tag-it","tag-italia","tag-italy","tag-sport","tag-sports","tag-tadej-pogacar"],"share_on_mastodon":{"url":"https:\/\/pubeurope.com\/@it\/117202202505757024","error":""},"_links":{"self":[{"href":"https:\/\/www.europesays.com\/it\/wp-json\/wp\/v2\/posts\/661626","targetHints":{"allow":["GET"]}}],"collection":[{"href":"https:\/\/www.europesays.com\/it\/wp-json\/wp\/v2\/posts"}],"about":[{"href":"https:\/\/www.europesays.com\/it\/wp-json\/wp\/v2\/types\/post"}],"author":[{"embeddable":true,"href":"https:\/\/www.europesays.com\/it\/wp-json\/wp\/v2\/users\/3"}],"replies":[{"embeddable":true,"href":"https:\/\/www.europesays.com\/it\/wp-json\/wp\/v2\/comments?post=661626"}],"version-history":[{"count":0,"href":"https:\/\/www.europesays.com\/it\/wp-json\/wp\/v2\/posts\/661626\/revisions"}],"wp:featuredmedia":[{"embeddable":true,"href":"https:\/\/www.europesays.com\/it\/wp-json\/wp\/v2\/media\/661627"}],"wp:attachment":[{"href":"https:\/\/www.europesays.com\/it\/wp-json\/wp\/v2\/media?parent=661626"}],"wp:term":[{"taxonomy":"category","embeddable":true,"href":"https:\/\/www.europesays.com\/it\/wp-json\/wp\/v2\/categories?post=661626"},{"taxonomy":"post_tag","embeddable":true,"href":"https:\/\/www.europesays.com\/it\/wp-json\/wp\/v2\/tags?post=661626"}],"curies":[{"name":"wp","href":"https:\/\/api.w.org\/{rel}","templated":true}]}}