{"id":661636,"date":"2026-09-02T15:48:20","date_gmt":"2026-09-02T15:48:20","guid":{"rendered":"https:\/\/www.europesays.com\/it\/661636\/"},"modified":"2026-09-02T15:48:20","modified_gmt":"2026-09-02T15:48:20","slug":"ariana-grande-saluta-i-fan-al-concerto-di-londra-prima-della-pausa-annunciata","status":"publish","type":"post","link":"https:\/\/www.europesays.com\/it\/661636\/","title":{"rendered":"Ariana Grande saluta i fan al concerto di Londra prima della pausa annunciata"},"content":{"rendered":"<p>La popstar\u00a0ha concluso l\u2019Eternal Sunshine Tour alla O2 Arena della capitale del Regno Unito, salutando il pubblico tra le lacrime e ringraziando i fan per il sostegno ricevuto. Dopo 41 concerti, la cantante si prepara ora a una pausa dagli impegni pubblici<\/p>\n<p>Si chiude con la commozione di <a data-intcmp=\"skytg24_foglia articolo_interlink_text\" href=\"https:\/\/tg24.sky.it\/argomenti\/ariana-grande\" target=\"_self\" rel=\"nofollow noopener\">Ariana Grande<\/a> l\u2019Eternal Sunshine Tour. Marted\u00ec 1\u00b0 settembre 2026, sul palco della O2 Arena di Londra, la popstar ha salutato il pubblico al termine dell\u2019ultima delle 41 date della\u00a0tourne\u00e8, chiudendo il tutto dopo dieci serate nella capitale britannica.<\/p>\n<p>\u00a0<\/p>\n<p>Il tour era partito il 6 giugno da Oakland, in California, e dopo le tappe negli Stati Uniti e a Montreal si \u00e8 concluso il 1\u00b0 settembre a Londra, al termine di una residency di dieci serate alla O2 Arena. Davanti al pubblico londinese, Grande ha faticato a trattenere l\u2019emozione.<\/p>\n<p>\t\t \tGrande: \u201cUna delle esperienze pi\u00f9 belle della vita\u201d<\/p>\n<p>\u201c\u00c8 stata una delle esperienze pi\u00f9 belle e straordinarie della mia vita e voglio solo esprimere la mia gratitudine senza mettermi completamente a piangere\u201d, ha detto l&#8217;artista, visibilmente commossa.<\/p>\n<p>Poi il ringraziamento ai suoi sostenitori: \u201cMa davvero, grazie dal profondo del mio cuore. \u00c8 stato qualcosa di cos\u00ec speciale e conserver\u00f2 per sempre questo ricordo\u201d. E ancora: \u201cHo i migliori fan del mondo intero e li ho sempre avuti\u201d.<\/p>\n<p>\u00a0<\/p>\n<p>Grande ha dedicato parte del suo discorso anche ai dettagli con cui il pubblico ha accompagnato gli spettacoli, dagli abiti al trucco fino ai messaggi ricevuti durante il tour: \u201cAdoro i vostri outfit, adoro i vostri volti, adoro vedervi, adoro il modo in cui riesco a connettermi con voi. Grazie per tutto il vostro impegno nel rendere tutto questo cos\u00ec speciale. Tutti i vostri messaggi, i vostri costumi, i vostri abiti e il vostro trucco sono semplicemente bellissimi\u201d.<\/p>\n<p>Prima di concludere, la cantante ha ribadito quanto sia stato importante condividere il percorso con il pubblico: \u201cHo amato ogni momento trascorso con voi e voglio assicurarmi di esprimere quanto vi sono grata\u201d. Infine: \u201cGrazie e vi amo tantissimo\u201d.<\/p>\n<p>\t\t\t<a class=\"c-inline-card j-inline-card c-inline-card--with-image\" href=\"https:\/\/tg24.sky.it\/spettacolo\/musica\/2026\/08\/18\/ariana-grande-cynthia-erivo-concerto-londra\" rel=\"follow nofollow noopener\" data-intcmp=\"skytg24_articolo_approfondimenti_inline\" target=\"_blank\"><\/p>\n<p>\t\t\t         <img decoding=\"async\" crossorigin=\"anonymous\" alt=\"\"  loading=\"lazy\"  src=\"https:\/\/www.europesays.com\/it\/wp-content\/uploads\/2026\/09\/ariana-grande-cynthia-erivo-ipa.jpg\"\/><\/p>\n<p>\n\t\t\t         Approfondimento<br \/>\n\t\t\t         Ariana Grande e Cynthia Erivo, duetto a sorpresa al concerto di Londra\n\t\t\t      <\/p>\n<p>\t\t\t<\/a><\/p>\n<p>\t\t \tIl tour come esperienza di cambiamento<\/p>\n<p>Il saluto arriva alcune settimane dopo che Grande aveva descritto l\u2019Eternal Sunshine Tour come una sorta di esperienza correttiva. Durante un\u2019intervista del 17 agosto a Vosk in the City, aveva spiegato: \u201cPenso che durante il mio ultimo tour non mi trovassi necessariamente nello stesso punto della mia vita e questa volta sono riuscita a essere molto pi\u00f9 presente\u201d.<\/p>\n<p>\u00a0<\/p>\n<p>La conclusione della tourn\u00e9e coincide inoltre con l\u2019annunciato periodo di pausa dagli impegni pubblici. Il 2 agosto un rappresentante della cantante aveva comunicato che Grande avrebbe ridotto la propria esposizione pubblica dopo la fine del tour.<\/p>\n<p>\u201cNon vede l\u2019ora di concludere il tour e terminarlo con una nota positiva, sia in salute sia con felicit\u00e0, e poi prendersi una pausa che si \u00e8 ampiamente meritata dal lavoro e dalle apparizioni pubbliche, che hanno portato a un\u2019infinita e continua attenzione nei suoi confronti\u201d, aveva dichiarato il rappresentante.<\/p>\n<p>\t\t\t<a class=\"c-inline-card j-inline-card c-inline-card--with-image\" href=\"https:\/\/tg24.sky.it\/spettacolo\/musica\/2026\/08\/13\/ariana-grande-petal-backstage-video\" rel=\"follow nofollow noopener\" data-intcmp=\"skytg24_articolo_approfondimenti_inline\" target=\"_blank\"><\/p>\n<p>\t\t\t         <img decoding=\"async\" crossorigin=\"anonymous\" alt=\"\"  loading=\"lazy\"  src=\"https:\/\/www.europesays.com\/it\/wp-content\/uploads\/2026\/08\/1787073198_912_25-ariana-grande-ipa.jpg\"\/><\/p>\n<p>\n\t\t\t         Approfondimento<br \/>\n\t\t\t         Ariana Grande, il backstage del videoclip del nuovo singolo Petal\n\t\t\t      <\/p>\n<p>\t\t\t<\/a><\/p>\n<p>\t\t \tLa decisione di fermarsi<\/p>\n<p>L\u2019annuncio della pausa era arrivato mentre aumentava l\u2019attenzione pubblica sulla salute e sull\u2019aspetto fisico della cantante, tornata particolarmente al centro delle discussioni dopo la pubblicazione del videoclip di Petal il 31 luglio.<\/p>\n<p>\u00a0<\/p>\n<p>Il giorno successivo Grande aveva parlato direttamente con il pubblico durante il concerto allo United Center di Chicago, spiegando che la decisione non era stata presa d\u2019impulso: \u201cL\u2019annuncio fatto ieri non \u00e8 stata una decisione reattiva o impulsiva. \u00c8 qualcosa che avevo deciso di programmare\u201d. La cantante aveva precisato di averlo fatto \u201cin silenzio, molto tempo fa\u201d.<\/p>\n<p>\u00a0<\/p>\n<p>Ora, con la conclusione dell\u2019ultima data londinese, per Ariana Grande comincia quindi la pausa annunciata, dopo 41 concerti e un tour che ha definito un\u2019esperienza particolarmente significativa.<\/p>\n<p>\t\t\t<a class=\"c-inline-card j-inline-card c-inline-card--with-image\" href=\"https:\/\/tg24.sky.it\/spettacolo\/musica\/2026\/08\/04\/ariana-grande-pausa-news\" rel=\"follow nofollow noopener\" data-intcmp=\"skytg24_articolo_approfondimenti_inline\" target=\"_blank\"><\/p>\n<p>\t\t\t         <img decoding=\"async\" crossorigin=\"anonymous\" alt=\"\"  loading=\"lazy\"  src=\"https:\/\/www.europesays.com\/it\/wp-content\/uploads\/2026\/07\/1785495137_870_89-ariana-grande-ipa.jpg\"\/><\/p>\n<p>\n\t\t\t         Approfondimento<br \/>\n\t\t\t         Ariana Grande spiega i motivi della pausa dagli eventi pubblici\n\t\t\t      <\/p>\n<p>\t\t\t<\/a><\/p>\n<p>\t            TAG:<\/p>\n","protected":false},"excerpt":{"rendered":"La popstar\u00a0ha concluso l\u2019Eternal Sunshine Tour alla O2 Arena della capitale del Regno Unito, salutando il pubblico tra&hellip;\n","protected":false},"author":3,"featured_media":661637,"comment_status":"","ping_status":"","sticky":false,"template":"","format":"standard","meta":{"footnotes":"","_share_on_mastodon":"0"},"categories":[1443],"tags":[30912,203,204,1537,90,89,1538,1539],"class_list":["post-661636","post","type-post","status-publish","format-standard","has-post-thumbnail","category-musica","tag-ariana-grande","tag-entertainment","tag-intrattenimento","tag-it","tag-italia","tag-italy","tag-music","tag-musica"],"share_on_mastodon":{"url":"https:\/\/pubeurope.com\/@it\/117202237635919231","error":""},"_links":{"self":[{"href":"https:\/\/www.europesays.com\/it\/wp-json\/wp\/v2\/posts\/661636","targetHints":{"allow":["GET"]}}],"collection":[{"href":"https:\/\/www.europesays.com\/it\/wp-json\/wp\/v2\/posts"}],"about":[{"href":"https:\/\/www.europesays.com\/it\/wp-json\/wp\/v2\/types\/post"}],"author":[{"embeddable":true,"href":"https:\/\/www.europesays.com\/it\/wp-json\/wp\/v2\/users\/3"}],"replies":[{"embeddable":true,"href":"https:\/\/www.europesays.com\/it\/wp-json\/wp\/v2\/comments?post=661636"}],"version-history":[{"count":0,"href":"https:\/\/www.europesays.com\/it\/wp-json\/wp\/v2\/posts\/661636\/revisions"}],"wp:featuredmedia":[{"embeddable":true,"href":"https:\/\/www.europesays.com\/it\/wp-json\/wp\/v2\/media\/661637"}],"wp:attachment":[{"href":"https:\/\/www.europesays.com\/it\/wp-json\/wp\/v2\/media?parent=661636"}],"wp:term":[{"taxonomy":"category","embeddable":true,"href":"https:\/\/www.europesays.com\/it\/wp-json\/wp\/v2\/categories?post=661636"},{"taxonomy":"post_tag","embeddable":true,"href":"https:\/\/www.europesays.com\/it\/wp-json\/wp\/v2\/tags?post=661636"}],"curies":[{"name":"wp","href":"https:\/\/api.w.org\/{rel}","templated":true}]}}