{"id":661644,"date":"2026-09-02T15:52:21","date_gmt":"2026-09-02T15:52:21","guid":{"rendered":"https:\/\/www.europesays.com\/it\/661644\/"},"modified":"2026-09-02T15:52:21","modified_gmt":"2026-09-02T15:52:21","slug":"george-clooney-alla-mostra-di-venezia-gli-usa-sono-guidati-da-incapaci-invecchiare-e-malinconico-anche-quando-mi-lavo-i-denti-penso-erano-piu-belli-prima","status":"publish","type":"post","link":"https:\/\/www.europesays.com\/it\/661644\/","title":{"rendered":"George Clooney alla Mostra di Venezia: \u00abGli Usa sono guidati da incapaci. Invecchiare \u00e8 malinconico, anche quando mi lavo i denti penso: erano pi\u00f9 belli prima\u00bb"},"content":{"rendered":"<p>    di<br \/>\n    Chiara Maffioletti<\/p>\n<p class=\"summary-art is-line-h-12\">L&#8217;attore \u00e8 arrivato al Lido per partecipare alla conferenza stampa che anticipa la consegna del Leone d&#8217;Oro alla carriera. La critica all&#8217;amministrazione Trump: \u00abCon il voto di midterm torni normalit\u00e0\u00bb<\/p>\n<p class=\"chapter-paragraph\">Il re \u00e8 arrivato. La giornata di <b>George Clooney<\/b>, quella in cui <a href=\"https:\/\/corrieredelveneto.corriere.it\/notizie\/venezia-mestre\/cultura-e-tempo-libero\/26_settembre_02\/mostra-del-cinema-e-il-giorno-di-george-clooney-premiato-con-il-leone-d-oro-alla-carriera-930ae5c8-9d03-45b6-937a-9722064eaxlk.shtml\" title=\"Mostra del Cinema: \u00e8 il giorno di George Clooney, premiato con il Leone d&#039;Oro alla carriera\" rel=\"nofollow noopener\" target=\"_blank\">ricever\u00e0 il Leone d&#8217;Oro alla carriera<\/a>, \u00e8 iniziata come da copione, con il divo in grande forma, completo blu e camicia bianca, che \u00e8 entrato in sala stampa <b>esibendo il suo fiero: \u00abBuongiorno\u00bb. Applausi, ovviamente<\/b>. Gli stessi che risuoneranno per tutta la giornata, fino a quando ricever\u00e0 il prestigioso riconoscimento dalle mani di Laura Dern. Il destino fa giri strani e l&#8217;attore ammette che essere qui, oggi, ricorda molto quello che accadeva al suo Jay Kelly nell&#8217;omonimo film presentato lo scorso anno alla Mostra: un attore che vola in Italia per ricevere un premio alla carriera.\u00a0\u00abIn effetti la situazione \u00e8 simile &#8211; spiega -. Ho 65 anni, tutto \u00e8 un po&#8217; malinconico&#8230; anche quando ti lavi i denti ti guardi e dici: erano molto pi\u00f9 belli una volta\u00bb. Dopodich\u00e9, sa di essere anche\u00a0\u00abmolto fortunato\u00bb, e via di tormentone con la gioia di avere \u00abun moglie stupenda, due figli spettacolari, un lavoro che posso scegliere di fare\u00bb. Tutto vero.<a href=\"https:\/\/video.corriere.it\/spettacoli\/mostra-cinema-venezia\/george-clooney-sbarca-al-lido-io-prossimo-presidente-degli-stati-uniti-no-no\/6cf74c1d-5057-4de3-9c94-ea8372208xlk\" title=\"George Clooney sbarca al Lido: \u00abIo prossimo presidente degli Stati Uniti? No, no\u00bb\" rel=\"nofollow noopener\" target=\"_blank\"> Ma Clooney \u00e8 forse l&#8217;attore pi\u00f9 famoso del Pianeta e crescere, cambiare, qualcosa vorr\u00e0 pur dire.<\/a><\/p>\n<p class=\"chapter-paragraph\">\u00abBisogna accettare il cambiamento, \u00e8 divertente, in un certo senso\u00bb. E spiega che, ad esempio, proprio in virt\u00f9 del cambiamento ha scelto di non dirigere pi\u00f9 film:\u00a0\u00ab<b>Non lavoro pi\u00f9 come regista<\/b> ma ho avuto grandi esperienze, in questo senso. Sono stato nominato agli Oscar\u00a0 e sono stato anche molto criticato, ho raccontato storie che le persone hanno odiato e altre amato. Ma il punto per me \u00e8 che ora che <b>ho due bambini 9 anni non voglio pi\u00f9 assentarmi per molto tempo e non posso pi\u00f9 spostare loro: un lavoro di regia richiede almeno un anno lontano da casa<\/b>, uno di attore al massimo tre mesi in cui posso sempre staccarmi per andare a salutare\u00bb. Resta per\u00f2 per lui la convinzione che\u00a0\u00abraccontare storie sia fondamentale e i Festival, in questo senso, sono molto importanti: permettono di far viaggiare le storie che raccontano, come \u00e8 successo al mio Good Night and Good Luck,\u00a0costato pochissimo eppure andato benissimo e diventato ora anche una pi\u00e9ce che mi ha fatto debuttare a Broadway\u00bb.    &#13;<br \/>\n&#13;<br \/>\n&#13;<br \/>\n&#13;<br \/>\n&#13;<br \/>\n&#13;<br \/>\n&#13;<br \/>\n&#13;<br \/>\n&#13;<br \/>\n&#13;<br \/>\n&#13;<br \/>\n&#13;<br \/>\n&#13;<br \/>\n&#13;<br \/>\n&#13;<br \/>\n&#13;<br \/>\n&#13;<br \/>\n&#13;<br \/>\n&#13;<br \/>\n&#13;<br \/>\n&#13;<br \/>\n&#13;<br \/>\n&#13;<br \/>\n&#13;<br \/>\n&#13;<br \/>\n&#13;<br \/>\n&#13;<br \/>\n&#13;<br \/>\n&#13;<br \/>\n&#13;<br \/>\n&#13;<br \/>\n&#13;<br \/>\n&#13;<br \/>\n&#13;<br \/>\n&#13;<br \/>\n&#13;<br \/>\n&#13;<br \/>\n&#13;<br \/>\n&#13;<br \/>\n&#13;<br \/>\n&#13;<br \/>\n&#13;<br \/>\n&#13;<br \/>\n&#13;<br \/>\n&#13;<br \/>\n&#13;<br \/>\n&#13;<br \/>\n&#13;<br \/>\n&#13;<br \/>\n&#13;<br \/>\n&#13;<br \/>\n&#13;<br \/>\n&#13;\n<\/p>\n<p class=\"chapter-paragraph\">Un film che parlava di giornalismo, una sua passione. Il cui stato di salute \u00e8 piuttosto preoccupante, dice: \u00ab<b>Alcune delle persone pi\u00f9 ricche del mondo possiedono testate o fonti di informazione<\/b> come il Washington Post o social come X. Sono figlio di un giornalista e anche mia moglie lo \u00e8,\u00a0 abbiamo grande ammirazione per questo mestiere tanto che con la nostra fondazione offriamo tutela ai giornalisti che hanno parlato contro i regimi&#8230; quello che succede nel mondo \u00e8 preoccupante ma credo che l&#8217;informazione trover\u00e0 un modo per liberarsi\u00bb.<\/p>\n<p class=\"chapter-paragraph\">Giura che non vede nel suo futuro Washington, ma come sempre non si esime quando \u00e8 chiamato a <b>parlare dell&#8217;amministrazione Trump<\/b>:\u00a0\u00abNon \u00e8 facile vivere in un Paese che \u00e8 guidato dalle persone meno capaci di farlo. A novembre ci sono le elezioni di midterm che saranno sicuramente un momento per tirare le somme e se va tutto bene torneremo ad una<br \/>situazione di maggiore normalit\u00e0\u00bb. E ancora:\u00a0\u00abAbbiamo attraversato molti momenti difficili e questo \u00e8 uno di quelli. Sono sempre molto ottimista, ma credo siamo in una situazione poco fortunata, per dirla con un eufemismo. Ho visto gli Usa nel &#8217;68 quando le citt\u00e0 erano in fiamme e la capitale era circondata da militari armati. <b>C&#8217;\u00e8 un termine fantastico, kakistocracy, che indica un Paese governato dalle persone meno qualificate. Penso che in questo momento ci troviamo proprio in una cachistocrazia, ma ce la faremo&#8230;\u00a0a novembre si vota e poi ci sono le elezioni nel 2028 e se tutto va bene torneremo ad una situazione di normalit\u00e0<\/b>\u00bb. Quindi, l&#8217;affondo: \u00abOggi c&#8217;\u00e8 l&#8217;idea che la crudelt\u00e0 sia alla base di tutto e che essere crudeli e scortesi faccia parte del divertimento. Il segretario della Difesa twitta con ironia immagini di donne militari del Canada. E penso: cosa c&#8217;\u00e8 che non va in te? Dov&#8217;\u00e8 finito il senso della decenza? \u00c8 una vergogna, ma supereremo tutto e ne usciremo migliori\u00bb.\u00a0<\/p>\n<p class=\"chapter-paragraph\">E la riflessione scivola poi sul cambiamento climatico, e su chi lo nega: \u00abVorrei fare qualcosa, il sud della Francia (dove vive, ndr.) ha dimostrato che c&#8217;\u00e8 un&#8217;urgenza, molti amici hanno perso le loro case, vorrei parlare con dei sindaci&#8230; io ero a Como e anche l\u00ec ha fatto tanto caldo&#8230; se prendessimo seriamente la questione climatica potrebbero nascerne tanti nuovi posti di lavoro green&#8230;\u00bb. A ruota libera e con la serenit\u00e0 che proprio una carriera come la sua gli ha consegnato, ha parlato di molte cose, tra cui i rischi dell&#8217;intelligenza artificiale (\u00abIl rischio \u00e8 non distinguere pi\u00f9 la realt\u00e0 dalla finzione. Io stesso ho visto dei video in cui sono manipolato con ai e sembrano veri&#8230; <b>Non vorrei finire tra vent&#8217;anni, quando sar\u00f2 morto, in una pubblicit\u00e0 di assorbenti<\/b>\u00bb), ha espresso solidariet\u00e0 a Mark Ruffalo e scherzato sugli amici Brad Pitt e Matt Damon: \u00abNo, non mi piacciono quei due\u00bb. Confermando poi che\u00a0\u00abli adora come dimostra anche il fatto che torniamo a girare assieme ogni volta che ne abbiamo la possibilit\u00e0, come con la saga Ocean&#8217;s\u00bb.\u00a0<\/p>\n<p class=\"chapter-paragraph\">Ma poi il pensiero torna a oggi e oggi \u00e8 il suo giorno. Un giorno che, comunque sia, non era per forza scontato arrivasse:\u00a0\u00abLe carriere sono strane, sono fatte tutte di alti e bassi. Non sai mai. E la fortuna serve, senz&#8217;altro. Ricordo la prima volta che sono venuto qui, a Venezia, a presentare il film &#8220;Prima ti sposo poi ti rovino&#8221; con Catherine Zeta Johnes: f<b>acevo battute in sala stampa e nessuno rideva, ma proprio nessuno.<\/b> Ricordo di averle detto alla fine: scappiamo&#8230; e ora eccoci qui\u00bb. Sembrerebbe un lieto fine. Come festegger\u00e0 quindi oggi, dopo la consegna del premio?\u00a0\u00abIn un modo: bevendo\u00bb<\/p>\n<p class=\"is-last-update\" datetime=\"2026-09-02T17:12:20+02:00\">2 settembre 2026 ( modifica il 2 settembre 2026 | 17:12)<\/p>\n<p class=\"is-copyright\">\n            \u00a9 RIPRODUZIONE RISERVATA\n        <\/p>\n","protected":false},"excerpt":{"rendered":"di Chiara Maffioletti L&#8217;attore \u00e8 arrivato al Lido per partecipare alla conferenza stampa che anticipa la consegna del&hellip;\n","protected":false},"author":3,"featured_media":661645,"comment_status":"","ping_status":"","sticky":false,"template":"","format":"standard","meta":{"footnotes":"","_share_on_mastodon":"0"},"categories":[174],"tags":[16522,364764,364765,6576,364766,1266,31,3822,3077,2382,25909,4913,1902,641,42679,1367,16688,123,203,454,4034,31723,5183,21771,7889,204,1537,90,89,649,52718,54950,128802,29217,888,1229,632,51542,7030,3206,54952,5775,66,4966,6092,776,95955,123299,1922,18,28708,2677,786,479,408,2685,145179,364763,379,410,222,5325,3714],"class_list":["post-661644","post","type-post","status-publish","format-standard","has-post-thumbnail","category-intrattenimento","tag-accadeva","tag-accadeva-jay","tag-accadeva-jay-kelly","tag-accettare","tag-accettare-cambiamento","tag-amici","tag-amministrazione","tag-amministrazione-trump","tag-arrivato","tag-attore","tag-belli","tag-cambiamento","tag-carriera","tag-clooney","tag-consegna","tag-credo","tag-denti","tag-elezioni","tag-entertainment","tag-film","tag-george","tag-george-clooney","tag-giornata","tag-good","tag-informazione","tag-intrattenimento","tag-it","tag-italia","tag-italy","tag-leone","tag-leone-oro","tag-leone-oro-carriera","tag-malinconico","tag-midterm","tag-militari","tag-moglie","tag-mostra","tag-normalita","tag-novembre","tag-oro","tag-oro-carriera","tag-parlare","tag-parlato","tag-penso","tag-posso","tag-premio","tag-preoccupante","tag-ricevera","tag-ricordo","tag-sala","tag-sala-stampa","tag-senso","tag-situazione","tag-spiega","tag-stampa","tag-storie","tag-torneremo","tag-torneremo-situazione","tag-trump","tag-usa","tag-venezia","tag-vorrei","tag-washington"],"share_on_mastodon":{"url":"","error":"Validation failed: Text character limit of 500 exceeded"},"_links":{"self":[{"href":"https:\/\/www.europesays.com\/it\/wp-json\/wp\/v2\/posts\/661644","targetHints":{"allow":["GET"]}}],"collection":[{"href":"https:\/\/www.europesays.com\/it\/wp-json\/wp\/v2\/posts"}],"about":[{"href":"https:\/\/www.europesays.com\/it\/wp-json\/wp\/v2\/types\/post"}],"author":[{"embeddable":true,"href":"https:\/\/www.europesays.com\/it\/wp-json\/wp\/v2\/users\/3"}],"replies":[{"embeddable":true,"href":"https:\/\/www.europesays.com\/it\/wp-json\/wp\/v2\/comments?post=661644"}],"version-history":[{"count":0,"href":"https:\/\/www.europesays.com\/it\/wp-json\/wp\/v2\/posts\/661644\/revisions"}],"wp:featuredmedia":[{"embeddable":true,"href":"https:\/\/www.europesays.com\/it\/wp-json\/wp\/v2\/media\/661645"}],"wp:attachment":[{"href":"https:\/\/www.europesays.com\/it\/wp-json\/wp\/v2\/media?parent=661644"}],"wp:term":[{"taxonomy":"category","embeddable":true,"href":"https:\/\/www.europesays.com\/it\/wp-json\/wp\/v2\/categories?post=661644"},{"taxonomy":"post_tag","embeddable":true,"href":"https:\/\/www.europesays.com\/it\/wp-json\/wp\/v2\/tags?post=661644"}],"curies":[{"name":"wp","href":"https:\/\/api.w.org\/{rel}","templated":true}]}}