{"id":661667,"date":"2026-09-02T16:14:20","date_gmt":"2026-09-02T16:14:20","guid":{"rendered":"https:\/\/www.europesays.com\/it\/661667\/"},"modified":"2026-09-02T16:14:20","modified_gmt":"2026-09-02T16:14:20","slug":"e-sempre-cartabianca-bianca-berlinguer-riparte-da-roberto-vannacci-gli-ospiti-e-le-anticipazioni-del-2-settembre","status":"publish","type":"post","link":"https:\/\/www.europesays.com\/it\/661667\/","title":{"rendered":"\u00c8 sempre Cartabianca, Bianca Berlinguer riparte da Roberto Vannacci: gli ospiti e le anticipazioni del 2 settembre"},"content":{"rendered":"<p>Stasera, <strong>mercoled\u00ec 2 settembre<\/strong>, torna in prima serata su <a href=\"https:\/\/www.ilmessaggero.it\/t\/rete-4\" rel=\"nofollow noopener\" target=\"_blank\">Rete 4<\/a> <a href=\"https:\/\/www.ilmessaggero.it\/t\/e-sempre-cartabianca\" rel=\"nofollow noopener\" target=\"_blank\">\u00c8 sempre Cartabianca<\/a>, il programma Videonews condotto da <a href=\"https:\/\/www.ilmessaggero.it\/t\/bianca-berlinguer\" rel=\"nofollow noopener\" target=\"_blank\">Bianca Berlinguer<\/a>. La nuova stagione porta con s\u00e9 anche un cambio di collocazione: dopo le precedenti edizioni al marted\u00ec, il talk si sposta al mercoled\u00ec sera. Ad aprire la prima puntata sar\u00e0 un&#8217;intervista a <a href=\"https:\/\/www.ilmessaggero.it\/t\/roberto-vannacci\" rel=\"nofollow noopener\" target=\"_blank\">Roberto Vannacci<\/a>, leader di <a href=\"https:\/\/www.ilmessaggero.it\/t\/futuro-nazionale\" rel=\"nofollow noopener\" target=\"_blank\">Futuro Nazionale<\/a>. L&#8217;ex generale ed europarlamentare torna al centro del dibattito politico dopo la nascita del suo nuovo partito e in una fase in cui ha intensificato lo scontro con le altre forze del centrodestra.<\/p>\n<p> L&#8217;intervista a Roberto Vannacci <\/p>\n<p><a href=\"https:\/\/www.ilmessaggero.it\/t\/bianca-berlinguer\" rel=\"nofollow noopener\" target=\"_blank\">Bianca Berlinguer<\/a> riparte quindi da uno dei personaggi pi\u00f9 discussi della politica italiana. <a href=\"https:\/\/www.ilmessaggero.it\/t\/vannacci\" rel=\"nofollow noopener\" target=\"_blank\">Vannacci<\/a> \u00e8 oggi alla guida di <a href=\"https:\/\/www.ilmessaggero.it\/t\/futuro-nazionale\" rel=\"nofollow noopener\" target=\"_blank\">Futuro Nazionale<\/a>, formazione che a giugno ha celebrato la propria assemblea costituente e che a settembre sar\u00e0 impegnata anche nelle suppletive di <a href=\"https:\/\/www.ilmessaggero.it\/t\/reggio-calabria\" rel=\"nofollow noopener\" target=\"_blank\">Reggio Calabria<\/a> con la candidatura dell&#8217;ex deputato di <a href=\"https:\/\/www.ilmessaggero.it\/t\/forza-italia\" rel=\"nofollow noopener\" target=\"_blank\">Forza Italia<\/a> Domenico Giannetta. L&#8217;intervista arriva inoltre proprio nel giorno in cui il Financial Times dedica un&#8217;analisi alla sua crescita politica e alle sue posizioni sulla Russia, indicandolo come una possibile fonte di pressione elettorale per Giorgia Meloni.<\/p>\n<p> Il record del governo Meloni <\/p>\n<p>Al centro della puntata ci sar\u00e0 anche il traguardo storico ormai vicinissimo per il governo <a href=\"https:\/\/www.ilmessaggero.it\/t\/meloni\" rel=\"nofollow noopener\" target=\"_blank\">Meloni<\/a>. L&#8217;esecutivo \u00e8 in carica dal 22 ottobre 2022 e venerd\u00ec 4 settembre raggiunger\u00e0 quota 1.413 giorni, superando il secondo governo Berlusconi, rimasto in carica per 1.412 giorni tra il giugno 2001 e l&#8217;aprile 2005. Diventer\u00e0 cos\u00ec, se arriver\u00e0 regolarmente a quella data, il governo pi\u00f9 longevo della storia della <a href=\"https:\/\/www.ilmessaggero.it\/t\/repubblica-italiana\" rel=\"nofollow noopener\" target=\"_blank\">Repubblica italiana<\/a>. Il primato riaprir\u00e0 il confronto sulla stabilit\u00e0 rivendicata dalla maggioranza, ma anche sui risultati ottenuti e sulle condizioni economiche e sociali del Paese a quasi quattro anni dall&#8217;insediamento dell&#8217;esecutivo.<\/p>\n<p> Il caro vita <\/p>\n<p>Spazio poi alle difficolt\u00e0 economiche che attendono le famiglie al <strong>rientro dalle vacanze<\/strong>. Il programma affronter\u00e0 il tema dei rincari di energia, carburanti e prodotti alimentari, analizzandone l&#8217;impatto sui bilanci familiari. Un tema destinato a intrecciarsi con il confronto politico sui conti pubblici e sulle misure che il governo dovr\u00e0 mettere in campo nei prossimi mesi.<\/p>\n<p> Il caldo e gli eventi estremi <\/p>\n<p>Nella prima puntata ci sar\u00e0 anche un approfondimento dedicato alla crisi climatica e alle temperature ancora elevate all&#8217;inizio di settembre. Il programma prover\u00e0 a capire quanto stia cambiando il clima italiano e perch\u00e9 fenomeni atmosferici che in passato venivano considerati eccezionali si presentino oggi con maggiore frequenza. Su questo fronte interverr\u00e0 anche il meteorologo Mario Giuliacci.<\/p>\n<p> Gli ospiti <\/p>\n<p>Oltre a <a href=\"https:\/\/www.ilmessaggero.it\/t\/roberto-vannacci\" rel=\"nofollow noopener\" target=\"_blank\">Roberto Vannacci<\/a>, tra gli ospiti annunciati per la puntata ci sono <a href=\"https:\/\/www.ilmessaggero.it\/t\/maurizio-belpietro\" rel=\"nofollow noopener\" target=\"_blank\">Maurizio Belpietro<\/a>, <a href=\"https:\/\/www.ilmessaggero.it\/t\/marina-la-rosa\" rel=\"nofollow noopener\" target=\"_blank\">Marina La Rosa<\/a> e <a href=\"https:\/\/www.ilmessaggero.it\/t\/mario-giuliacci\" rel=\"nofollow noopener\" target=\"_blank\">Mario Giuliacci<\/a>. Confermato anche uno dei punti fermi del programma: <a href=\"https:\/\/www.ilmessaggero.it\/t\/mauro-corona\" rel=\"nofollow noopener\" target=\"_blank\">Mauro Corona<\/a>, alpinista e scrittore che torner\u00e0 a confrontarsi con Bianca Berlinguer nel corso della serata. \u00c8 sempre Cartabianca va in onda mercoled\u00ec 2 settembre in prima serata su Rete 4. Le guide tv indicano l&#8217;inizio intorno alle 21.35.<\/p>\n","protected":false},"excerpt":{"rendered":"Stasera, mercoled\u00ec 2 settembre, torna in prima serata su Rete 4 \u00c8 sempre Cartabianca, il programma Videonews condotto&hellip;\n","protected":false},"author":3,"featured_media":661668,"comment_status":"","ping_status":"","sticky":false,"template":"","format":"standard","meta":{"footnotes":"","_share_on_mastodon":"0"},"categories":[1444],"tags":[89228,1518,78903,203,204,1537,90,89,11099,9424,68426,2656,253,18099],"class_list":["post-661667","post","type-post","status-publish","format-standard","has-post-thumbnail","category-tv","tag-sempre-cartabianca","tag-anticipazioni","tag-cartabianca","tag-entertainment","tag-intrattenimento","tag-it","tag-italia","tag-italy","tag-oggi-in-tv","tag-ospiti","tag-roberto-vannacci","tag-stasera-in-tv","tag-tv","tag-vannacci"],"share_on_mastodon":{"url":"https:\/\/pubeurope.com\/@it\/117202338620662629","error":""},"_links":{"self":[{"href":"https:\/\/www.europesays.com\/it\/wp-json\/wp\/v2\/posts\/661667","targetHints":{"allow":["GET"]}}],"collection":[{"href":"https:\/\/www.europesays.com\/it\/wp-json\/wp\/v2\/posts"}],"about":[{"href":"https:\/\/www.europesays.com\/it\/wp-json\/wp\/v2\/types\/post"}],"author":[{"embeddable":true,"href":"https:\/\/www.europesays.com\/it\/wp-json\/wp\/v2\/users\/3"}],"replies":[{"embeddable":true,"href":"https:\/\/www.europesays.com\/it\/wp-json\/wp\/v2\/comments?post=661667"}],"version-history":[{"count":0,"href":"https:\/\/www.europesays.com\/it\/wp-json\/wp\/v2\/posts\/661667\/revisions"}],"wp:featuredmedia":[{"embeddable":true,"href":"https:\/\/www.europesays.com\/it\/wp-json\/wp\/v2\/media\/661668"}],"wp:attachment":[{"href":"https:\/\/www.europesays.com\/it\/wp-json\/wp\/v2\/media?parent=661667"}],"wp:term":[{"taxonomy":"category","embeddable":true,"href":"https:\/\/www.europesays.com\/it\/wp-json\/wp\/v2\/categories?post=661667"},{"taxonomy":"post_tag","embeddable":true,"href":"https:\/\/www.europesays.com\/it\/wp-json\/wp\/v2\/tags?post=661667"}],"curies":[{"name":"wp","href":"https:\/\/api.w.org\/{rel}","templated":true}]}}