{"id":661695,"date":"2026-09-02T16:37:12","date_gmt":"2026-09-02T16:37:12","guid":{"rendered":"https:\/\/www.europesays.com\/it\/661695\/"},"modified":"2026-09-02T16:37:12","modified_gmt":"2026-09-02T16:37:12","slug":"juve-woltemade-le-prime-parole-mi-ispiro-a-ibra-e-havertz","status":"publish","type":"post","link":"https:\/\/www.europesays.com\/it\/661695\/","title":{"rendered":"Juve, Woltemade, le prime parole: &#8220;Mi ispiro a Ibra e Havertz&#8221;"},"content":{"rendered":"<p>                                Il centravanti tedesco, arrivato in prestito dal Newcastle, si presenta: &#8220;Le mie qualit\u00e0 migliori sono la tecnica e la comprensione del gioco. So segnare, fare assist e dettare l&#8217;ultimo passaggio, penso di essere un calciatore intelligente&#8221;<\/p>\n<p>                    2 settembre &#8211; 16:58  &#8211; MILANO<\/p>\n<p class=\"paragraph\" spellcheck=\"true\">Nonostante l&#8217;altezza, non tutto \u00e8 come sembra. Nick Woltemade, <a href=\"https:\/\/www.gazzetta.it\/Calcio\/Serie-A\/Juventus\/02-09-2026\/juventus-woltemade-puo-essere-l-arma-in-piu-contro-il-milan.shtml?intcmp=hyperlink-articolo-gazit\" title=\"Woltemade gi\u00e0 accelera e Spalletti ci pensa. Pu\u00f2 essere l&#039;arma in pi\u00f9 contro il Milan\" rel=\"nofollow noopener\" target=\"_blank\">nuovo attaccante della Juve arrivato in prestito dal Newcastle<\/a>, rilascia la prima intervista bianconera e precisa subito di non aspettarsi da lui i movimenti di un classico centravanti d&#8217;area. &#8220;Penso che non capiti spesso di vedere un ragazzo alto che gioca come me &#8211; spiega -. Credo che da me ci si possa aspettare uno stile di gioco molto fisico, ma penso che le mie qualit\u00e0 migliori e pi\u00f9 importanti siano la mia tecnica e la mia comprensione del gioco. Penso di essere un calciatore intelligente. So segnare, so fare assist, so dettare l&#8217;ultimo passaggio per i miei compagni. Credo di essere bravo a trovare la posizione giusta in campo e che, nel complesso, come vedrete, questo sia il mio modo di giocare&#8221;.\u00a0<\/p>\n<p><a class=\"is-partner-link\" href=\"https:\/\/ad.doubleclick.net\/ddm\/trackclk\/N1792338.340088CAIRORCSMEDIAS.P.\/B28038690.452531709;dc_trk_aid=646241311;dc_trk_cid=173665161;dc_lat=;dc_rdid=;tag_for_child_directed_treatment=;tfua=;gdpr=%24%7BGDPR%7D;gdpr_consent=%24%7BGDPR_CONSENT_755%7D;ltd=;dc_tdv=1\" rel=\"nofollow noopener\" target=\"_blank\">Guarda tutte le partite di Serie A Enilive in esclusiva nei locali Sky! Trova il locale pi\u00f9 vicino a te.<\/a><\/p>\n<p>    woltemade e i suoi modelli\u2014 \u00a0<\/p>\n<p class=\"paragraph is-inline\" spellcheck=\"true\">E allora, nell&#8217;indicare i suoi modelli, il nuovo numero 27 della Juve non ha dubbi. &#8220;Penso di aver preso qualcosa un po&#8217; da tutti, ad esempio da Zlatan Ibrahimovic: mi \u00e8 sempre piaciuto guardarlo perch\u00e9 anche lui \u00e8 molto alto e ha una buona tecnica &#8211; ammette -. Inoltre, mi piace anche Kai Havertz, che \u00e8 un mio amico. Cerco sempre di prendere qualcosa un po&#8217; da tutti, di prendere ognuna di queste caratteristiche da tutti per poi cercare di farle anche mie. Ma non \u00e8 mai stato facile avere un modello perch\u00e9 non penso ci siano molti calciatori simili a me, a causa della mia altezza e del mio modo di giocare&#8221;. Sulla Juve, per\u00f2, ha gi\u00e0 le idee chiare: &#8220;\u00c8 il pi\u00f9 grande club italiano e ci\u00f2 che conta di pi\u00f9 \u00e8 che abbia vinto le prime due partite di campionato &#8211; conclude -.\u00a0Sono felicissimo di essere in una squadra come questa, che controlla molto la palla e lo fa con i tempi giusti: penso sia in situazioni come queste che posso esprimermi al meglio&#8221;.<\/p>\n<p class=\"is-above-copyright is-mr-r-10\" spellcheck=\"true\">La Gazzetta dello Sport<\/p>\n<p class=\"is-copyright\">\u00a9 RIPRODUZIONE RISERVATA<\/p>\n","protected":false},"excerpt":{"rendered":"Il centravanti tedesco, arrivato in prestito dal Newcastle, si presenta: &#8220;Le mie qualit\u00e0 migliori sono la tecnica e&hellip;\n","protected":false},"author":3,"featured_media":661696,"comment_status":"","ping_status":"","sticky":false,"template":"","format":"standard","meta":{"footnotes":"","_share_on_mastodon":"0"},"categories":[1452],"tags":[6902,4197,3077,364786,364787,8235,2281,364788,721,12837,25076,364789,1367,39407,364790,1740,2024,1537,90,89,565,4966,1272,1739,245,244,33084,360141],"class_list":["post-661695","post","type-post","status-publish","format-standard","has-post-thumbnail","category-calcio","tag-altezza","tag-alto","tag-arrivato","tag-arrivato-prestito","tag-arrivato-prestito-newcastle","tag-assist","tag-calciatore","tag-calciatore-intelligente","tag-calcio","tag-centravanti","tag-comprensione","tag-comprensione-gioco","tag-credo","tag-dettare","tag-dettare-passaggio","tag-football","tag-gioco","tag-it","tag-italia","tag-italy","tag-juve","tag-penso","tag-so","tag-soccer","tag-sport","tag-sports","tag-tecnica","tag-woltemade"],"share_on_mastodon":{"url":"https:\/\/pubeurope.com\/@it\/117202429484812601","error":""},"_links":{"self":[{"href":"https:\/\/www.europesays.com\/it\/wp-json\/wp\/v2\/posts\/661695","targetHints":{"allow":["GET"]}}],"collection":[{"href":"https:\/\/www.europesays.com\/it\/wp-json\/wp\/v2\/posts"}],"about":[{"href":"https:\/\/www.europesays.com\/it\/wp-json\/wp\/v2\/types\/post"}],"author":[{"embeddable":true,"href":"https:\/\/www.europesays.com\/it\/wp-json\/wp\/v2\/users\/3"}],"replies":[{"embeddable":true,"href":"https:\/\/www.europesays.com\/it\/wp-json\/wp\/v2\/comments?post=661695"}],"version-history":[{"count":0,"href":"https:\/\/www.europesays.com\/it\/wp-json\/wp\/v2\/posts\/661695\/revisions"}],"wp:featuredmedia":[{"embeddable":true,"href":"https:\/\/www.europesays.com\/it\/wp-json\/wp\/v2\/media\/661696"}],"wp:attachment":[{"href":"https:\/\/www.europesays.com\/it\/wp-json\/wp\/v2\/media?parent=661695"}],"wp:term":[{"taxonomy":"category","embeddable":true,"href":"https:\/\/www.europesays.com\/it\/wp-json\/wp\/v2\/categories?post=661695"},{"taxonomy":"post_tag","embeddable":true,"href":"https:\/\/www.europesays.com\/it\/wp-json\/wp\/v2\/tags?post=661695"}],"curies":[{"name":"wp","href":"https:\/\/api.w.org\/{rel}","templated":true}]}}