{"id":661697,"date":"2026-09-02T16:38:19","date_gmt":"2026-09-02T16:38:19","guid":{"rendered":"https:\/\/www.europesays.com\/it\/661697\/"},"modified":"2026-09-02T16:38:19","modified_gmt":"2026-09-02T16:38:19","slug":"camila-giorgi-svela-il-nome-del-figlio-in-arrivo-si-chiamera-magnus-vangelis-ecco-perche","status":"publish","type":"post","link":"https:\/\/www.europesays.com\/it\/661697\/","title":{"rendered":"Camila Giorgi svela il nome del figlio in arrivo: \u201cSi chiamer\u00e0 Magnus Vangelis, ecco perch\u00e9\u201d"},"content":{"rendered":"<p>Macerata, 2 settembre 2026\u00a0&#8211;\u00a0<strong>Camila Giorgi<\/strong> torna a sorprendere, ancora una volta lontano dal campo da tennis. Dopo aver annunciato la volont\u00e0 di preparare il ritorno nel circuito professionistico nel 2027, la campionessa marchigiana ha <strong>svelato<\/strong> un dettaglio particolarmente atteso della sua vita privata:<strong> il nome scelto per il bambino <\/strong>che sta per arrivare.<\/p>\n<p> La rivelazione durante un\u2019intervista sui social <\/p>\n<p> La rivelazione \u00e8 arrivata quasi naturalmente, durante <strong>un\u2019intervista pubblicata sul suo profilo Instagram<\/strong>. Una domanda, poche parole e finalmente un nome che fino a oggi era rimasto lontano dai riflettori: <strong>Magnus Vangelis Pasutti.<\/strong><\/p>\n<p>Approfondisci:<\/p>\n<p><a href=\"https:\/\/www.ilrestodelcarlino.it\/ancona\/cultura\/gianmarco-tamberi-anniversario-moglie-chiara-5de068ae\" class=\"ArticleEmbed_article__embed__content__Jzqnz\" rel=\"nofollow noopener\" target=\"_blank\">\u201cSono 17 anni insieme, pi\u00f9 ore con te al mio fianco che senza\u201d. Il dolce messaggio di Gimbo alla moglie Chiara: \u201cSono felice\u201d<img alt=\"\u201cSono 17 anni insieme, pi\u00f9 ore con te al mio fianco che senza\u201d. Il dolce messaggio di Gimbo alla moglie Chiara: \u201cSono felice\u201d\" loading=\"lazy\" width=\"140\" height=\"78\" decoding=\"async\" data-nimg=\"1\" style=\"color:transparent\"  src=\"https:\/\/www.europesays.com\/it\/wp-content\/uploads\/2026\/09\/la-dedica-di-tamberi-per-sua-moglie-chiara-sei-il-mio-punto-di-riferimento.webp\"\/><\/a><br \/>\nLa\u00a0scelta del nome del figlio in arrivo <\/p>\n<p> <strong>\u201cMagnus l\u2019ha scelto mio marito e Vangelis io<\/strong>. Hanno dei significati particolari, per noi molto importanti\u201d, ha raccontato Giorgi, spiegando cos\u00ec l\u2019origine della scelta. Un nome decisamente particolare, costruito attraverso due preferenze diverse ma evidentemente<strong> unite da un significato profondo per la coppia.<\/strong><\/p>\n<p> <img alt=\"Un frame di Camila Giorgi dal video nell'ultima storia Instagram\" loading=\"lazy\" width=\"1280\" height=\"1714\" decoding=\"async\" data-nimg=\"1\" style=\"color:transparent;max-width:100%;height:auto\"   src=\"https:\/\/www.europesays.com\/it\/wp-content\/uploads\/2026\/09\/un-frame-di-camila-giorgi-dal-video-nell-ultima-storia-instagram.webp\"\/><\/p>\n<p>Un frame di Camila Giorgi dal video nell&#8217;ultima storia Instagram<\/p>\n<p>\u00c8 proprio questo l\u2019aspetto che ha attirato maggiormente l\u2019attenzione. Camila, da sempre molto riservata quando si parla della sua sfera personale, questa volta<strong> ha deciso di condividere con i suoi follower <\/strong>qualcosa di intimo e destinato a segnare una nuova fase della sua vita. <strong>Magnus Vangelis Pasutti<\/strong> non \u00e8 quindi soltanto il nome del bambino in arrivo, ma anche un piccolo pezzo della storia familiare che Giorgi ha scelto di raccontare pubblicamente.<\/p>\n<p>Approfondisci:<\/p>\n<p><a href=\"https:\/\/www.ilrestodelcarlino.it\/pesaro\/cronaca\/clara-rossi-sorella-valentino-intervista-graziano-gvugvr7u\" class=\"ArticleEmbed_article__embed__content__Jzqnz\" rel=\"nofollow noopener\" target=\"_blank\">Clara Rossi: \u201cNon chiamatemi solo \u2018sorella di Vale\u2019. Pap\u00e0 Graziano? Gli voglio bene\u201d<img alt=\"Clara Rossi: \u201cNon chiamatemi solo \u2018sorella di Vale\u2019. Pap\u00e0 Graziano? Gli voglio bene\u201d\" loading=\"lazy\" width=\"140\" height=\"78\" decoding=\"async\" data-nimg=\"1\" style=\"color:transparent\"  src=\"https:\/\/www.europesays.com\/it\/wp-content\/uploads\/2026\/09\/1788367099_330_clara-rossi-in-arte-clari-29-anni-cantante-e-sorella-di-valentino-rossi-figlia-di-graziano-a-destra-.webp\"\/><\/a><br \/>\nLa gravidanza e il ritorno al tennis <\/p>\n<p> La <strong>gravidanza e il progetto di tornare a giocare<\/strong> nel 2027 hanno inevitabilmente riportato l\u2019ex numero 26 del mondo al centro dell\u2019attenzione. Dopo<strong> l\u2019addio improvviso al tennis nel 2024,<\/strong> la marchigiana aveva lasciato il circuito senza grandi spiegazioni. Oggi, invece, la sua vita sembra avere una direzione precisa: <strong>la maternit\u00e0 da una parte, la voglia di tornare a competere dall\u2019altra.<\/strong> E nel mezzo, una quotidianit\u00e0 costruita anche lontano dall\u2019Italia.<\/p>\n<p> Il legame con Parigi <\/p>\n<p> Durante l\u2019intervista, infatti, Giorgi ha parlato anche dei luoghi ai quali \u00e8 rimasta maggiormente legata. Alla domanda su dove tornerebbe volentieri, ha risposto senza esitazioni:<strong> Parigi. \u201cPer me ha un significato importante nella mia vita<\/strong>, nell\u2019adolescenza perch\u00e9 ci ho vissuto cinque anni, quindi ci torno appena posso\u201d.<\/p>\n<p>Il rapporto con la Spagna <\/p>\n<p>  Diverso, ma altrettanto significativo, <strong>il rapporto con la Spagna<\/strong>, dove oggi vive. \u201cS\u00ec, tanto\u201d, ha detto alla domanda se le piaccia vivere l\u00ec, aggiungendo per\u00f2 una frase che racconta un lato pi\u00f9 nostalgico della sua nuova vita: \u201cPer\u00f2 ovviamente la quotidianit\u00e0 mi manca tanto\u201d. Parole che restituiscono l\u2019immagine di una<strong> Camila Giorgi divisa tra presente e futuro,<\/strong> tra una nuova famiglia e il richiamo del tennis. Ma stavolta, pi\u00f9 che il ritorno sul campo, \u00e8 stato un nome a catturare l\u2019attenzione.<strong> Magnus Vangelis Pasutti:<\/strong> tre parole che, per Camila e suo marito, racchiudono gi\u00e0 una storia e un significato speciale.<\/p>\n","protected":false},"excerpt":{"rendered":"Macerata, 2 settembre 2026\u00a0&#8211;\u00a0Camila Giorgi torna a sorprendere, ancora una volta lontano dal campo da tennis. Dopo aver&hellip;\n","protected":false},"author":3,"featured_media":661698,"comment_status":"","ping_status":"","sticky":false,"template":"","format":"standard","meta":{"footnotes":"","_share_on_mastodon":"0"},"categories":[1451],"tags":[1262,84615,1621,1620,17483,203,2716,25039,204,1537,90,89,14594,23572,364791],"class_list":["post-661697","post","type-post","status-publish","format-standard","has-post-thumbnail","category-celebrita","tag-arrivo","tag-camila","tag-celebrita","tag-celebrities","tag-chiamera","tag-entertainment","tag-figlio","tag-giorgi","tag-intrattenimento","tag-it","tag-italia","tag-italy","tag-perche","tag-svela","tag-vangelis"],"share_on_mastodon":{"url":"https:\/\/pubeurope.com\/@it\/117202434407809829","error":""},"_links":{"self":[{"href":"https:\/\/www.europesays.com\/it\/wp-json\/wp\/v2\/posts\/661697","targetHints":{"allow":["GET"]}}],"collection":[{"href":"https:\/\/www.europesays.com\/it\/wp-json\/wp\/v2\/posts"}],"about":[{"href":"https:\/\/www.europesays.com\/it\/wp-json\/wp\/v2\/types\/post"}],"author":[{"embeddable":true,"href":"https:\/\/www.europesays.com\/it\/wp-json\/wp\/v2\/users\/3"}],"replies":[{"embeddable":true,"href":"https:\/\/www.europesays.com\/it\/wp-json\/wp\/v2\/comments?post=661697"}],"version-history":[{"count":0,"href":"https:\/\/www.europesays.com\/it\/wp-json\/wp\/v2\/posts\/661697\/revisions"}],"wp:featuredmedia":[{"embeddable":true,"href":"https:\/\/www.europesays.com\/it\/wp-json\/wp\/v2\/media\/661698"}],"wp:attachment":[{"href":"https:\/\/www.europesays.com\/it\/wp-json\/wp\/v2\/media?parent=661697"}],"wp:term":[{"taxonomy":"category","embeddable":true,"href":"https:\/\/www.europesays.com\/it\/wp-json\/wp\/v2\/categories?post=661697"},{"taxonomy":"post_tag","embeddable":true,"href":"https:\/\/www.europesays.com\/it\/wp-json\/wp\/v2\/tags?post=661697"}],"curies":[{"name":"wp","href":"https:\/\/api.w.org\/{rel}","templated":true}]}}