{"id":661701,"date":"2026-09-02T16:41:16","date_gmt":"2026-09-02T16:41:16","guid":{"rendered":"https:\/\/www.europesays.com\/it\/661701\/"},"modified":"2026-09-02T16:41:16","modified_gmt":"2026-09-02T16:41:16","slug":"uomini-e-donne-barbara-de-santi-uomini-meglio-stendere-un-velo-pietoso","status":"publish","type":"post","link":"https:\/\/www.europesays.com\/it\/661701\/","title":{"rendered":"Uomini e Donne, Barbara De Santi: &#8220;Uomini? Meglio stendere un velo pietoso&#8221;"},"content":{"rendered":"<p>La storica dama del parterre dell&#8217;over e il suo (attuale) bilancio sentimentale raccontano a Uomini e Donne Magazine. <\/p>\n<p>Estate da single per la storica dama del trono over di <strong>Uomini e Donne<\/strong>, <strong>Barbara De Santi. <\/strong>Il noto volto del dating show di <strong>Canale 5<\/strong>, ha raccontato senza filtri al settimanale Uomini e Donne Magazine, come sta vivendo questi mesi lontana da una relazione.<\/p>\n<p>Uomini e Donne, Barbara De Santi, torna a parlare di Massimo Cipollini: &#8220;A oggi lo ringrazio perch\u00e9 mi ha evitato di perdere tempo&#8221;<\/p>\n<p>La<strong> dama del parterre over,<\/strong> da sempre molto diretta quando si tratta di parlare di sentimenti e frequentazioni, ha ammesso di non aver avuto flirt durante l&#8217;estate e di non essere particolarmente entusiasta delle ultime conoscenze maschili avvenute nel corso dell&#8217;ultima stagione del programma.<\/p>\n<p>Alla domanda se ci fosse stato almeno un interesse o una breve frequentazione, durante le vacanze, <strong>Barbara <\/strong>ha risposto senza esitazioni:<\/p>\n<blockquote><p>&#8220;Zero, zero meno di zero. Ormai gli uomini sono delle primedonne: non mostrano interesse e non corteggiano, o per lo meno gli uomini che incontro io&#8221;<\/p><\/blockquote>\n<p>La <strong>dama <\/strong>ha poi raccontato alcuni degli episodi piuttosto spiacevoli che le sono capitati negli ultimi mesi. Storie che si sono concluse ancora prima di cominciare. &#8220;Ho gi\u00e0 scritto un libro con alcuni aneddoti di incontri infelici, potrei scriverne un secondo, ha ironizzato <strong>Barbara<\/strong>, prima di raccontare uno degli incontri avvenuti all&#8217;inzio dell&#8217;estate:<\/p>\n<blockquote><p>&#8220;In palestra aveva conosciuto un uomo con il quale sembrava poter nascere qualcosa, tanto che tra i due era scattato anche un mezzo appuntamento per una cena. L&#8217;incontro, per\u00f2, non si \u00e8 mai concretizzato. A fine giugno in palestra conosco un tipo con cui scappa un mezzo appuntamento per una cena. Poi per\u00f2 questa cena non si \u00e8 mai fatta perch\u00e9 fuori dai denti mi ha detto che voleva solamente divertirsi ma ha capito, tra una chiacchiera e l&#8217;altra durante gli allenamenti, che io stavo cercando una storia seria&#8221;<\/p><\/blockquote>\n<p>E non \u00e8 finita qui. <strong>Barbara <\/strong>ha raccontato anche di un altro uomo conosciuto a met\u00e0 luglio in un locale.<\/p>\n<blockquote><p>&#8220;Un altro, conosciuto in un locale a met\u00e0 luglio, non ha fatto altro che primeggiare, quasi volesse entrare in competizione con me nella conversazione, per tutta la serata sottolineando sempre come stesse bene da solo, ma allungando l&#8217;occhio sulle ragazze molto pi\u00f9 giovani che giravano attorno&#8221;<\/p><\/blockquote>\n<p>E ancora:<\/p>\n<blockquote><p>&#8220;Un altro era a una cena organizzata con musica in cui c&#8217;ero anch&#8217;io: tante compagnie diverse e per tutta la sera non si avvicina a me. Vado a casa, apro Instagram prima di addormentarmi e leggo che mi ha scritto in direct riempiendomi di complimenti e lusinghe. Ma \u00e8 normale che non si sia avvicinato quando ne aveva la possibilit\u00e0 e poi mi ha scritto? Potrei raccontare altri episodi, ma meglio stendere un velo pietoso&#8221;<\/p><\/blockquote>\n<p>Nel corso dell&#8217;intervista, Barbara \u00e8 tornata anche sulla frequentazione con <strong>Massimo Cipollini<\/strong>, conclusasi durante l&#8217;ultima stagione di <strong>Uomini e Donne. <\/strong>Sembra che<strong> Massimo<\/strong> le abbia scritto con la voglia di incontrarla fuori dagli studi di Canale 5. La risposta di Barbara \u00e8 stata piuttosto netta:<\/p>\n<blockquote><p>&#8220;Io gli ho risposto che se non avesse voluto confronti pubblici e &#8220;interferenze&#8221; da centro studio avrebbe dovuto cercare una compagna fuori da un programma televisivo con quel format&#8221;<\/p><\/blockquote>\n<p>Massimo, secondo quanto raccontato dalla dama, l&#8217;avrebbe poi invitata a non dimenticare i momenti belli trascorsi insieme. Ma anche in questo caso Barbara non ha cambiato posizione:<\/p>\n<blockquote><p>&#8220;Mi ha esortato a non dimenticare i bei momenti passati insieme e la mia risposta ovviamente \u00e8 stata che lui li aveva dimenticati, dato che aveva chiuso repentinamente e senza ripensamenti&#8221;<\/p><\/blockquote>\n<p>Oggi, guardando alla fine di quella frequentazione, <strong>Barbara <\/strong>sembra avere le idee molto chiare:<\/p>\n<blockquote><p>&#8220;A oggi lo ringrazio perch\u00e9 mi ha evitato di perdere tempo ed energie per una persona che non merita una donna sincera, generosa (di sentimenti), solare e risolta come me&#8221;<\/p><\/blockquote>\n<p>Infine, <strong>Barbara <\/strong>ha fatto un bilancio dell&#8217;ultima stagione di <strong>Uomini e Donne,<\/strong> chiedendosi se ci sia qualcosa che avrebbe potuto fare diversamente.<\/p>\n<blockquote><p>&#8220;Avrei dovuto ascoltare di pi\u00f9 il mio sesto senso su certe persone con cui sono uscita dando loro una possibilit\u00e0, nonostante la mia vocina interna mi dicesse che non era cosa, che quella persona non andava bene non solo per me ma per tutto il parterre femminile&#8221;<\/p><\/blockquote>\n<p>Scopri le ultime news su <strong><a href=\"https:\/\/www.comingsoon.it\/tv\/uomini-e-donne\/3\/scheda\/\" target=\"_blank\" title=\"Uomini e Donne\" rel=\"nofollow noopener\">Uomini e Donne<\/a><\/strong>.<\/p>\n","protected":false},"excerpt":{"rendered":"La storica dama del parterre dell&#8217;over e il suo (attuale) bilancio sentimentale raccontano a Uomini e Donne Magazine.&hellip;\n","protected":false},"author":3,"featured_media":661702,"comment_status":"","ping_status":"","sticky":false,"template":"","format":"standard","meta":{"footnotes":"","_share_on_mastodon":"0"},"categories":[1444],"tags":[203,204,1537,90,89,253],"class_list":["post-661701","post","type-post","status-publish","format-standard","has-post-thumbnail","category-tv","tag-entertainment","tag-intrattenimento","tag-it","tag-italia","tag-italy","tag-tv"],"share_on_mastodon":{"url":"https:\/\/pubeurope.com\/@it\/117202445252275368","error":""},"_links":{"self":[{"href":"https:\/\/www.europesays.com\/it\/wp-json\/wp\/v2\/posts\/661701","targetHints":{"allow":["GET"]}}],"collection":[{"href":"https:\/\/www.europesays.com\/it\/wp-json\/wp\/v2\/posts"}],"about":[{"href":"https:\/\/www.europesays.com\/it\/wp-json\/wp\/v2\/types\/post"}],"author":[{"embeddable":true,"href":"https:\/\/www.europesays.com\/it\/wp-json\/wp\/v2\/users\/3"}],"replies":[{"embeddable":true,"href":"https:\/\/www.europesays.com\/it\/wp-json\/wp\/v2\/comments?post=661701"}],"version-history":[{"count":0,"href":"https:\/\/www.europesays.com\/it\/wp-json\/wp\/v2\/posts\/661701\/revisions"}],"wp:featuredmedia":[{"embeddable":true,"href":"https:\/\/www.europesays.com\/it\/wp-json\/wp\/v2\/media\/661702"}],"wp:attachment":[{"href":"https:\/\/www.europesays.com\/it\/wp-json\/wp\/v2\/media?parent=661701"}],"wp:term":[{"taxonomy":"category","embeddable":true,"href":"https:\/\/www.europesays.com\/it\/wp-json\/wp\/v2\/categories?post=661701"},{"taxonomy":"post_tag","embeddable":true,"href":"https:\/\/www.europesays.com\/it\/wp-json\/wp\/v2\/tags?post=661701"}],"curies":[{"name":"wp","href":"https:\/\/api.w.org\/{rel}","templated":true}]}}