{"id":661711,"date":"2026-09-02T16:46:22","date_gmt":"2026-09-02T16:46:22","guid":{"rendered":"https:\/\/www.europesays.com\/it\/661711\/"},"modified":"2026-09-02T16:46:22","modified_gmt":"2026-09-02T16:46:22","slug":"heidi-mi-ha-cambiato-la-vita-la-cantante-della-sigla-elisabetta-viviani-tra-mille-ricordi-il-sanremo-con-vasco-il-film-con-celentano-e-lamore-con-gianni-rivera","status":"publish","type":"post","link":"https:\/\/www.europesays.com\/it\/661711\/","title":{"rendered":"\u201cHeidi mi ha cambiato la vita\u201d, la cantante della sigla Elisabetta Viviani tra mille ricordi: il Sanremo con Vasco, il film con Celentano e l\u2019amore con Gianni Rivera"},"content":{"rendered":"<p>Bologna, 2 settembre 2026 \u2013 <strong>Heidi-mania<\/strong>. Alzi la mano chi &#8211; almeno una volta nella vita &#8211; non ha cantato la <strong>mitica sigla del cartoon<\/strong> che raccontava le avventure della dolce pastorella e delle sue amate montagne. Di recente, dopo Fiorello, anche <strong>Jovanotti,<\/strong> ha postato sui social un <strong>video diventato virale,<\/strong> in cui balla con lei.<\/p>\n<p> <img alt=\"Elisabetta Viviani\" loading=\"lazy\" width=\"1600\" height=\"1600\" decoding=\"async\" data-nimg=\"1\" style=\"color:transparent;max-width:100%;height:auto\"   src=\"https:\/\/www.europesays.com\/it\/wp-content\/uploads\/2026\/09\/elisabetta-viviani.webp\"\/><\/p>\n<p>Elisabetta Viviani<\/p>\n<p>Elisabetta Viviani:\u00a0&#8220;Non mi sono mai pentita di avere cantato quel brano\u201d <\/p>\n<p>&#8220;Non mi sono mai pentita di avere cantato quel brano\u201d, esordisce <strong>Elisabetta Viviani,<\/strong> interprete della mitica sigla.<\/p>\n<p>Approfondisci:<\/p>\n<p><a href=\"https:\/\/www.ilrestodelcarlino.it\/bologna\/cultura\/vasco-rossi-paracadutista-militare-vz6rwi4p\" class=\"ArticleEmbed_article__embed__content__Jzqnz\" rel=\"nofollow noopener\" target=\"_blank\">\u201cNon potevo perdere quel treno\u201d: Vasco Rossi tra il sogno da paracadutista e il servizio militare. I fan: \u201cCome avremmo fatto senza le tue canzoni\u201d<img alt=\"\u201cNon potevo perdere quel treno\u201d: Vasco Rossi tra il sogno da paracadutista e il servizio militare. I fan: \u201cCome avremmo fatto senza le tue canzoni\u201d\" loading=\"lazy\" width=\"140\" height=\"78\" decoding=\"async\" data-nimg=\"1\" style=\"color:transparent\"  src=\"https:\/\/www.europesays.com\/it\/wp-content\/uploads\/2026\/09\/vasco-rossi-in-versione-indiano-e-mentre-gioca-con-le-pistole-ad-acqua-foto-instagram.webp\"\/><\/a> <\/p>\n<p>&#8220;In quegli anni, a cavallo fra i Settanta e gli Ottanta, <strong>cantare per i bambini significava anche essere relegati in una sorta di ghetto<\/strong>. Successe anche <strong>al grande Mal con \u2018Furia\u2019.<\/strong> Nei miei spettacoli, la canto sempre. I bambini di oggi apprezzano, come la amano tantissimo i genitori che non l&#8217;hanno mai dimenticata. Heidi \u00e8 tratta da una storia vera e la gente lo percepisce \u2013 continua la show-girl-.\u00a0Sono andata al cinema a vedere la nuova versione e devo dire che mi \u00e8 piaciuta. <strong>Se De Martino quest&#8217;anno mi chiamasse a Sanremo a cantarla, ci andrei di corsa&#8221;<\/strong>.<\/p>\n<p> <img alt=\"Jovanotti balla con Heidi, frame del video Instagram\" loading=\"lazy\" width=\"1600\" height=\"900\" decoding=\"async\" data-nimg=\"1\" style=\"color:transparent;max-width:100%;height:auto\"   src=\"https:\/\/www.europesays.com\/it\/wp-content\/uploads\/2026\/09\/jovanotti-balla-con-heidi-frame-del-video-instagram.webp\"\/><\/p>\n<p>Jovanotti balla con Heidi, frame del video Instagram<\/p>\n<p>La carriera, fino a diventare una\u00a0showgirl di punta di Rai e Mediaset <\/p>\n<p>Una <strong>carriera iniziata prestissimo<\/strong> quella di Elisabetta. Prima i caroselli, la danza classica e il teatro di prosa ( con Calindri, Lia Zoppelli). Poi arriv\u00f2 la e la sua vita cambi\u00f2.<strong> La grande popolarit\u00e0 con l&#8217;operetta televisiva &#8220;No, no, Nanette&#8221; <\/strong>con la regia di Vito Molinari. Viviani ha cantato, ballato, recitato, diventando per alcuni anni, una <strong>show-girl di punta di Rai e Mediaset,<\/strong> anche in virt\u00f9 della sua immagine fresca e spontanea.<\/p>\n<p> <img alt=\"\u201cHeidi mi ha cambiato la vita\u201d, la cantante della sigla Elisabetta Viviani tra mille ricordi: il Sanremo con Vasco, il film con Celentano e l\u2019amore con Gianni Rivera\" loading=\"lazy\" width=\"429\" height=\"762\" decoding=\"async\" data-nimg=\"1\" style=\"color:transparent\"  src=\"https:\/\/www.dailymotion.com\/thumbnail\/1280x720\/video\/xb3as6q?f=16%3A9&amp;q=0.75&amp;w=1280\"\/> <\/p>\n<p>Approfondisci:<\/p>\n<p><a href=\"https:\/\/www.ilrestodelcarlino.it\/pesaro\/cronaca\/clara-rossi-sorella-valentino-intervista-graziano-gvugvr7u\" class=\"ArticleEmbed_article__embed__content__Jzqnz\" rel=\"nofollow noopener\" target=\"_blank\">Clara Rossi: \u201cNon chiamatemi solo \u2018sorella di Vale\u2019. Pap\u00e0 Graziano? Gli voglio bene\u201d<img alt=\"Clara Rossi: \u201cNon chiamatemi solo \u2018sorella di Vale\u2019. Pap\u00e0 Graziano? Gli voglio bene\u201d\" loading=\"lazy\" width=\"140\" height=\"78\" decoding=\"async\" data-nimg=\"1\" style=\"color:transparent\"  src=\"https:\/\/www.europesays.com\/it\/wp-content\/uploads\/2026\/09\/1788367579_870_clara-rossi-in-arte-clari-29-anni-cantante-e-sorella-di-valentino-rossi-figlia-di-graziano-a-destra-.webp\"\/><\/a><br \/>\nDalla svolta con Heidi\u00a0al legame con l\u2019Emilia Romagna <\/p>\n<p>Un<strong> vortice di dischi, tv, spettacoli.<\/strong> Ma \u00e8 stata <strong>Heidi a cambiarle radicalmente la vita<\/strong>. &#8220;Continuo a portarla in giro per l&#8217;Italia. Sono molto affezionata<strong> all&#8217;Emilia Romagna <\/strong>dove ho cantato ovunque, dalle colline di <strong>Ravenna, <\/strong>come <strong>Riolo ai lidi ravennati<\/strong>. Sono molto legata a <strong>Bologna e a Cattolica<\/strong>, dove sono stata di recente e l&#8217;ho trovata cambiata, sempre pi\u00f9 bella. Una sera ho cantato anche con <strong>Cristina D&#8217;Avena<\/strong> (altra regina delle sigle televisive, ndr). Nessuna rivalit\u00e0, quando ci vediamo ci facciamo le feste&#8221;.<\/p>\n<p> <img alt=\"Elisabetta Viviani (foto di Claudio Damiani); a destra, la copertina del 45 giri Heidi\" loading=\"lazy\" width=\"1600\" height=\"1066\" decoding=\"async\" data-nimg=\"1\" style=\"color:transparent;max-width:100%;height:auto\"   src=\"https:\/\/www.europesays.com\/it\/wp-content\/uploads\/2026\/09\/elisabetta-viviani-foto-di-claudio-damiani-a-destra-la-copertina-del-45-giri-heidi.webp\"\/><\/p>\n<p>Elisabetta Viviani (foto di Claudio Damiani); a destra, la copertina del 45 giri Heidi<\/p>\n<p>Approfondisci:<\/p>\n<p><a href=\"https:\/\/www.ilrestodelcarlino.it\/macerata\/cultura\/camila-giorgi-nome-figlio-magnus-vangelis-daa4f6aa\" class=\"ArticleEmbed_article__embed__content__Jzqnz\" rel=\"nofollow noopener\" target=\"_blank\">Camila Giorgi svela il nome del figlio in arrivo: \u201cSi chiamer\u00e0 Magnus Vangelis, ecco perch\u00e9\u201d<img alt=\"Camila Giorgi svela il nome del figlio in arrivo: \u201cSi chiamer\u00e0 Magnus Vangelis, ecco perch\u00e9\u201d\" loading=\"lazy\" width=\"140\" height=\"78\" decoding=\"async\" data-nimg=\"1\" style=\"color:transparent\"  src=\"https:\/\/www.europesays.com\/it\/wp-content\/uploads\/2026\/09\/camila-giorgi-ha-svelato-il-nome-del-figlio-in-un-intervista-pubblicata-sulle-storie-di-instagram.we.webp\"\/><\/a><br \/>\nDal film con Celentano al Sanremo nell\u2019anno di Vasco <\/p>\n<p>Nel suo lungo percorso anche il <strong>cinema, &#8220;Asso&#8221; con Adriano Celentano<\/strong>. &#8220;Ricordo che la moglie <strong>Claudia Mori<\/strong>, arrivava al mattino sul set con torte meravigliose&#8221;. E poi, quel Festival di Sanremo del 1982. <strong>Con il brano &#8220;C&#8217;\u00e8&#8221; si classific\u00f2 al sesto posto.<\/strong> La cosa incredibile che Vasco Rossi con \u2018Vado al massimo\u2019 relegato dalle giurie agli ultimi posti. <strong>\u201cEra gi\u00e0 un grande, un vero fuoriclasse. Mi faceva delle battute divertentissime.<\/strong> Per la copertina di un noto settimanale, lui e tutti gli altri giovani colleghi vennero a fare le foto a Milano a casa mia, perch\u00e9 mi era venuta l&#8217;influenza e non mi potevo muovere. Ricordo con gioia quel Sanremo ma anche la paura e la tensione alle prove sul palco dell&#8217; Ariston&#8221;.<\/p>\n<p>Approfondisci:<\/p>\n<p><a href=\"https:\/\/www.ilrestodelcarlino.it\/ancona\/cultura\/gianmarco-tamberi-anniversario-moglie-chiara-5de068ae\" class=\"ArticleEmbed_article__embed__content__Jzqnz\" rel=\"nofollow noopener\" target=\"_blank\">\u201cSono 17 anni insieme, pi\u00f9 ore con te al mio fianco che senza\u201d. Il dolce messaggio di Gimbo alla moglie Chiara: \u201cSono felice\u201d<img alt=\"\u201cSono 17 anni insieme, pi\u00f9 ore con te al mio fianco che senza\u201d. Il dolce messaggio di Gimbo alla moglie Chiara: \u201cSono felice\u201d\" loading=\"lazy\" width=\"140\" height=\"78\" decoding=\"async\" data-nimg=\"1\" style=\"color:transparent\"  src=\"https:\/\/www.europesays.com\/it\/wp-content\/uploads\/2026\/09\/1788367581_684_la-dedica-di-tamberi-per-sua-moglie-chiara-sei-il-mio-punto-di-riferimento.webp\"\/><\/a><br \/>\nLa\u00a0love-story con Gianni Rivera <\/p>\n<p>La sua <strong>love-story con Gianni Rivera,<\/strong> l&#8217;ex &#8220;golden boy&#8221; del Milan ha riempito per anni i rotocalchi. La storia fin\u00ec dopo qualche anno e Rivera si fece una nuova famiglia. &#8220;Quando \u00e8 nata <strong>Nicole<\/strong> (figlia di Viviani e Rivera, oggi noto avvocato, ndr) spunt\u00f2\u00a0un fotografo perfino dal bagno dell&#8217;ospedale&#8221;.\u00a0<\/p>\n<p> <img alt=\"Elisabetta Viviani con Gianni Rivera\" loading=\"lazy\" width=\"1600\" height=\"900\" decoding=\"async\" data-nimg=\"1\" style=\"color:transparent;max-width:100%;height:auto\"   src=\"https:\/\/www.europesays.com\/it\/wp-content\/uploads\/2026\/09\/elisabetta-viviani-con-gianni-rivera.webp\"\/><\/p>\n<p>Elisabetta Viviani con Gianni Rivera<\/p>\n<p>I successi tra Rai e Mediaset <\/p>\n<p>Anni di <strong>successi targati Rai ma anche Mediaset<\/strong>.\u00a0&#8220;Oltre alle fiction, partecipai con alcuni colleghi ad una &#8220;Crociera&#8221; televisiva a Cuba. Era una specie di &#8216;Grande Fratello&#8217; ante litteram. Una sorta di esperimento televisivo, credo mai fatto prima&#8221;. E con il successo e l&#8217;esposizione mediatica arrivarono anche momenti di paura. &#8220;Mi raccontarono che nel palazzo di Amin Dada, noto dittatore ugandese, famoso per essere stato uno dei pi\u00f9 sanguinosi della storia africana, quando cadde il suo regime, i reporter che entrarono nelle sue residenze private, tra gli oggetti, trovarono anche una <strong>pagina tratta da una rivista con le mie foto in abito rosa.<\/strong> Beh, diciamo che la cosa m&#8217;inquieto&#8217; abbastanza&#8221;.<\/p>\n<p>Dischi e spettacoli con Damiani <\/p>\n<p>E oggi, pur lontana dal mondo televisivo che conta, dove i nomi che si rincorrono sono sempre gli stessi, Viviani continua la sua carriera, tra spettacoli e dischi. &#8220;Da dieci anni collaboro con<strong> Claudio Damiani, <\/strong>un musicista, cantautore e produttore molto bravo col quale ho un feeling particolare. Ho<strong> gi\u00e0 inciso quattro dischi con lui e facciamo spettacoli insieme<\/strong>. C&#8217;\u00e8 un Festival a cui tengo molto e s&#8217;intitola &#8216; Musicheggiando&#8217;. Ho un pubblico che continua a seguirmi e gli applausi continuano a riscaldarmi il cuore&#8221;.<\/p>\n<p> <img alt=\"Elisabetta Viviani \u00e8 anche pittrice, eccola davanti ad un suo quadro che ritrae la sua Milano (foto Luciano Manzotti)\" loading=\"lazy\" width=\"2048\" height=\"1810\" decoding=\"async\" data-nimg=\"1\" style=\"color:transparent;max-width:100%;height:auto\"   src=\"https:\/\/www.europesays.com\/it\/wp-content\/uploads\/2026\/09\/elisabetta-viviani-e-anche-pittrice-eccola-davanti-ad-un-suo-quadro-che-ritrae-la-sua-milano-foto-lu.webp\"\/><\/p>\n<p>Elisabetta Viviani \u00e8 anche pittrice, eccola davanti ad un suo quadro che ritrae la sua Milano (foto Luciano Manzotti)<\/p>\n<p>Tra pittura e volontariato <\/p>\n<p>Elisabetta Viviani\u00a0ha anche\u00a0la passione per la <strong>pittura, <\/strong>dipinge quadri astratti. Per dieci anni ha fatto <strong>volontariato,<\/strong> per la Croce Bianca di Milano. &#8221; Indossavo una divisa e salivo sulle ambulanze per aiutare chi aveva bisogno. Un&#8217;esperienza importante che ho interrotto nel periodo Covid\u201d.\u00a0<\/p>\n","protected":false},"excerpt":{"rendered":"Bologna, 2 settembre 2026 \u2013 Heidi-mania. Alzi la mano chi &#8211; almeno una volta nella vita &#8211; non&hellip;\n","protected":false},"author":3,"featured_media":661712,"comment_status":"","ping_status":"","sticky":false,"template":"","format":"standard","meta":{"footnotes":"","_share_on_mastodon":"0"},"categories":[174],"tags":[87,2295,2942,11560,12062,203,454,11405,27820,204,1537,90,89,61,2176,111052,9143,51955,17715],"class_list":["post-661711","post","type-post","status-publish","format-standard","has-post-thumbnail","category-intrattenimento","tag-amore","tag-cambiato","tag-cantante","tag-celentano","tag-elisabetta","tag-entertainment","tag-film","tag-gianni","tag-heidi","tag-intrattenimento","tag-it","tag-italia","tag-italy","tag-mille","tag-ricordi","tag-rivera","tag-sanremo","tag-sigla","tag-viviani"],"share_on_mastodon":{"url":"https:\/\/pubeurope.com\/@it\/117202466338944084","error":""},"_links":{"self":[{"href":"https:\/\/www.europesays.com\/it\/wp-json\/wp\/v2\/posts\/661711","targetHints":{"allow":["GET"]}}],"collection":[{"href":"https:\/\/www.europesays.com\/it\/wp-json\/wp\/v2\/posts"}],"about":[{"href":"https:\/\/www.europesays.com\/it\/wp-json\/wp\/v2\/types\/post"}],"author":[{"embeddable":true,"href":"https:\/\/www.europesays.com\/it\/wp-json\/wp\/v2\/users\/3"}],"replies":[{"embeddable":true,"href":"https:\/\/www.europesays.com\/it\/wp-json\/wp\/v2\/comments?post=661711"}],"version-history":[{"count":0,"href":"https:\/\/www.europesays.com\/it\/wp-json\/wp\/v2\/posts\/661711\/revisions"}],"wp:featuredmedia":[{"embeddable":true,"href":"https:\/\/www.europesays.com\/it\/wp-json\/wp\/v2\/media\/661712"}],"wp:attachment":[{"href":"https:\/\/www.europesays.com\/it\/wp-json\/wp\/v2\/media?parent=661711"}],"wp:term":[{"taxonomy":"category","embeddable":true,"href":"https:\/\/www.europesays.com\/it\/wp-json\/wp\/v2\/categories?post=661711"},{"taxonomy":"post_tag","embeddable":true,"href":"https:\/\/www.europesays.com\/it\/wp-json\/wp\/v2\/tags?post=661711"}],"curies":[{"name":"wp","href":"https:\/\/api.w.org\/{rel}","templated":true}]}}