{"id":661737,"date":"2026-09-02T17:08:11","date_gmt":"2026-09-02T17:08:11","guid":{"rendered":"https:\/\/www.europesays.com\/it\/661737\/"},"modified":"2026-09-02T17:08:11","modified_gmt":"2026-09-02T17:08:11","slug":"rai-riunione-sul-futuro-di-report-aperto-un-canale-di-comunicazione-dopo-lattacco-a-presutti-sindacato-unirai-contro-innocenzi","status":"publish","type":"post","link":"https:\/\/www.europesays.com\/it\/661737\/","title":{"rendered":"Rai, riunione sul futuro di Report: \u00abAperto un canale di comunicazione\u00bb. Dopo l\u2019attacco a Presutti sindacato Unirai contro Innocenzi"},"content":{"rendered":"<p>    di<br \/>\n    Redazione Online<\/p>\n<p class=\"summary-art is-line-h-12\">In via Teulada l&#8217;incontro con il direttore degli Approfondimenti Corsini. Procaccianti: l&#8217;obiettivo \u00e8 andare in onda l&#8217;8 novembre<\/p>\n<p class=\"chapter-paragraph\">\u00a0Si aprono spiragli nel braccio di ferro tra la<a href=\"https:\/\/roma.corriere.it\/notizie\/cronaca\/26_settembre_01\/report-l-offerta-alla-redazione-e-ranucci-va-all-attacco-di-presutti-e-piervincenzi-7c78734d-346b-435d-a825-9f9d3ff10xlk.shtml\" title=\"Report, l\u2019offerta alla redazione. E Ranucci va all\u2019attacco di Presutti e Piervincenzi\" rel=\"nofollow noopener\" target=\"_blank\">\u00a0Rai e la redazione di Report.<\/a>\u00a0Al centro della disputa che riguarda il futuro del <b>programma di inchieste di Rai3<\/b>, la decisione dell&#8217;azienda di nominare due giornalisti, <a href=\"https:\/\/roma.corriere.it\/notizie\/politica\/26_settembre_01\/ranucci-attacco-presutti-piervincenzi-55875624-6459-44ef-aeaa-886188f0dxlk.shtml\" title=\"\u00abPresutti non ha tenuta psicologica. Piervincenzi aveva bisogno di lavorare. Hanno vinto un concorso per i Tg regionali\u00bb: l&#039;attacco di Ranucci ai nuovi conduttori di Report\" rel=\"nofollow noopener\" target=\"_blank\">Daniele Piervincenzi e Giulia Presutti<\/a>, alla guida della trasmissione al posto di <a href=\"https:\/\/roma.corriere.it\/notizie\/cronaca\/26_agosto_31\/rai-rancucci-pressioni-legali-69ae38d0-3b47-4b7d-9c1c-46915f6f0xlk.shtml\" title=\"Rai, l&#039;ultima mediazione con inviati e coautori sul futuro di \u00abReport\u00bb. I legali di Ranucci: \u00abDiteci i nomi dei soggetti che avrebbero sottoposto la redazione a \u201ccontinue pressioni\u201d\u00bb\" rel=\"nofollow noopener\" target=\"_blank\">Sigfrido Ranucci<\/a>.\u00a0<\/p>\n<p class=\"chapter-paragraph\">\u00a0Una mossa contestata dalla redazione che ha incontrato nel pomeriggio il direttore degli Approfondimenti <b>P<\/b><b>aolo Corsini <\/b>per parlare<b> del futuro della trasmissione.\u00a0<\/b>\u00ab<b>Abbiamo aperto un canale di comunicazione con l&#8217;azienda,<\/b> per me \u00e8 positivo.<b> L&#8217;obiettivo \u00e8 andare in onda l&#8217;8 novembre<\/b> con la consueta autonomia e indipendenza, che non \u00e8 cosa da poco\u00bb dice<b> Danilo Procaccianti<\/b>, uno degli inviati esterni di Report, parlando con i cronisti al termine dell&#8217;incontro. \u00ab<b>I conduttori? Non si \u00e8 parlato di nomi,<\/b> non abbiamo voluto parlare di nomi perch\u00e9 per noi Report deve andare in onda con la consueta autonomia e indipendenza e deve andare in onda <b>l&#8217;8 novembre<\/b>\u00bb. Procaccianti ha spiegato che i due giornalisti indicati dalla Rai per la co-conduzione \u00abnon erano presenti all&#8217;incontro\u00bb e \u00abnon ci siamo incrociati\u00bb. \u00abEra una assemblea per capire il tipo di relazione, non un incontro di trattativa. Non si \u00e8 parlato di nomi n\u00e9 di modalit\u00e0, si \u00e8 parlato dell&#8217;autonomia e dell&#8217;indipendenza di Report. Ci siamo dati del tempo, tra 12-24 ore ne riparleremo\u00bb conclude.<br \/>&#13;<br \/>\n&#13;<br \/>\n&#13;<br \/>\n&#13;<br \/>\n&#13;<br \/>\n&#13;<br \/>\n&#13;<br \/>\n&#13;<br \/>\n&#13;<br \/>\n&#13;<br \/>\n&#13;<br \/>\n&#13;<br \/>\n&#13;<br \/>\n&#13;<br \/>\n&#13;<br \/>\n&#13;<br \/>\n&#13;<br \/>\n&#13;<br \/>\n&#13;<br \/>\n&#13;<br \/>\n&#13;<br \/>\n&#13;<br \/>\n&#13;<br \/>\n&#13;<br \/>\n&#13;<br \/>\n&#13;<br \/>\n&#13;<br \/>\n&#13;<br \/>\n&#13;<br \/>\n&#13;<br \/>\n&#13;<br \/>\n&#13;<br \/>\n&#13;<br \/>\n&#13;<br \/>\n&#13;<br \/>\n&#13;<br \/>\n&#13;<br \/>\n&#13;<br \/>\n&#13;<br \/>\n&#13;<br \/>\n&#13;<br \/>\n&#13;<br \/>\n&#13;<br \/>\n&#13;<br \/>\n&#13;<br \/>\n&#13;<br \/>\n&#13;<br \/>\n&#13;<br \/>\n&#13;<br \/>\n&#13;<br \/>\n&#13;<br \/>\n&#13;<br \/>\n&#13;\n<\/p>\n<p>    L&#8217;incontro con la redazione<\/p>\n<p class=\"chapter-paragraph\">Alla riunione, secondo quanto riportano le agenzie, in un primo momento avrebbero voluto partecipare anche i nuovi conduttori\u00a0 indicati dalla Rai,\u00a0<b>\u00a0Piervincenzi e\u00a0 Presutti.\u00a0<\/b><b>\u00abSe pensiamo di parlare con gli inviati di Report? Siamo qui apposta\u00bb<\/b>, ha risposto Piervincenzi ai cronisti all&#8217;infgresso in via Teulada.\u00a0 Ma successivamente, si \u00e8 saputo che il confronto si \u00e8 svolto alla presenza della sola redazione. \u00abNon ancora, purtroppo\u00bb ha risposto Piervincenzi a chi gli chiedeva se avesse parlato alla redazione.\u00a0<\/p>\n<p>    Innocenzi: \u00abDimissioni in blocco\u00bb<\/p>\n<p class=\"chapter-paragraph\">\u00abSiamo qui per ascoltare cosa la Rai ci deve dire, noi ribadiamo ci\u00f2 che abbiamo detto<b>: se vengono nominati questi due conduttori,<\/b> cio\u00e8 se la Rai continua per la sua strada noi inviati, e siamo tanti,<b> ci dimetteremo in blocco <\/b>perch\u00e9 noi dobbiamo garantire l&#8217;indipendenza e l&#8217;autonomia della trasmissione che \u00e8 fondamentale per portare avanti le nostre inchieste\u00bb afferma <b>Giulia Innocenzi<\/b>, arrivando insieme al gruppo di inviati all&#8217;incontro con la direzione Approfondimenti della Rai.<\/p>\n<p>    Iovene:\u00a0 l&#8217;azienda ritiri le nomine e riprenda il programma<\/p>\n<p class=\"chapter-paragraph\">In mattinata Corsini ha anche\u00a0 incontrato i due inviati storici di Report,\u00a0<b> Bernardo Iovene e Giulio Valesini<\/b>, promossi come capi autore ma determinati a rinunciare all&#8217;incarico senza il passo indietro dei due conduttori designati. Dalla riunione \u00e8 emerso <b>un aut aut che lascia poco spazio a possibili trattative<\/b> e compromessi. \u00abIl dialogo riprende se c&#8217;\u00e8 il ritiro oppure la rinuncia da parte dei due nominati, altrimenti non c&#8217;\u00e8 dialogo &#8211; spiega Iovene &#8211; L&#8217;azienda dovrebbe ritirare la nomina di questi due conduttori e riprendere un colloquio con noi per far riprendere al pi\u00f9 presto il programma\u00bb. Insomma, \u00abmarcia indietro sui conduttori o comunque deve esserci una loro rinuncia, altrimenti non ritorniamo a lavorare e <b>abbandoniamo tutto\u00bb conclude<\/b>\u00a0Iovene.\u00a0<\/p>\n<p>    Unirai contro Innocenzi e Ranucci<\/p>\n<p class=\"chapter-paragraph\">E\u00a0 intanto interviene anche <b>il sindacato Unirai -Figec<\/b>\u00a0 \u00abper stigmatizzare le parole offensive rivolte da Ranucci, che &#8211; lo ricordiamo &#8211; \u00e8 vicedirettore e quindi un dirigente, alla collega, sua collaboratrice e, quindi, soggetto debole\u00bb.\u00a0 Ranucci, infatti, ha commentato su Facebook la\u00a0notizie riportate dal quotidiano \u201cIl Domani\u201d, relative a un reportage della <a href=\"\">collega Giulia Presutti<\/a>:\u00a0\u00abSe fosse confermato sarebbe gravissimo\u00bb ha scritto.<\/p>\n<p class=\"chapter-paragraph\">\u00abRicordiamo al collega vicedirettore Ranucci che <b>\u00e8 stato lui a scegliere la collega Presutti<\/b>\u00a0&#8211; scrive ancora il sindacato &#8211; come firma della grande squadra di Report. Ma da quando Presutti \u00e8 stata designata alla conduzione, da un momento all&#8217;altro, <b>Ranucci, improvvisamente, non la ritiene pi\u00f9 idonea\u00bb.<\/b> \u00abForse Ranucci avrebbe dovuto valutare meglio il lavoro della collega, ben prima di farla entrare nella sua squadra. E lo invitiamo a <b>controllare i curricula di tutti i suoi collaboratori,<\/b> che ha scelto personalmente per Report\u00bb.<\/p>\n<p class=\"chapter-paragraph\">\u00a0\u00abNon risulta, infatti &#8211; prosegue la sigla sindacale &#8211; che <b>Giulia Innocenzi<\/b> sia iscritta all&#8217;albo dei giornalisti nell&#8217;elenco dei professionisti, n\u00e9 in quello dei pubblicisti. Essere giornalista professionista \u00e8 per esempio condizione indispensabile per partecipare ai concorsi Rai e per essere assunti. Come mai Ranucci ha affidato a una collega non professionista importanti inchieste?\u00bb conclude Unirai.\u00a0<\/p>\n<p class=\"chapter-paragraph\">Sulla polemica interviene anche la Lega: le \u00abemerse sulla posizione di Giulia Innocenzi richiedono<b> un chiarimento immediato da parte di Sigfrido Ranucci. <\/b>\u00c8 stato lo stesso vicedirettore ad ammettere di averla inserita personalmente, con la qualifica di `video-giornalista\u00b4, sul sito di `Report\u00b4, pur non risultando Innocenzi iscritta all&#8217;Ordine dei giornalisti\u00bb affermano i parlamentari della Lega in commissione parlamentare di Vigilanza Rai.\u00a0<\/p>\n<p>    Polemica sulla rimozione di Ranucci<\/p>\n<p class=\"chapter-paragraph\">Prosegue poi il braccio di ferro tra Ranucci e la Rai dopo il cambio alla conduzione di Report.\u00a0 Il legale del giornalista, l&#8217;avvocato Roberto De Vita, afferma: \u00abLa Rai ha comunicato in data odierna che non intende esplicitare le ragioni di fatto e le circostanze alla base di quel che ha scritto con il <a href=\"https:\/\/roma.corriere.it\/notizie\/politica\/26_agosto_30\/ranucci-politica-presutti-piervincenzi-a407afc3-ab80-455e-be95-fcaca22afxlk.shtml\" title=\"Ranucci, le accuse della Rai a Report. Lui: \u00abUn futuro in politica? Non lo escludo\u00bb. Presutti chiamata due volte dal conduttore, Piervincenzi lavorava su un&#039;inchiesta\" rel=\"nofollow noopener\" target=\"_blank\">provvedimento assunto nei confronti di Sigfrido Ranucci<\/a>\u00bb. \u00abQualora vi fossero stati fatti concreti, non avrebbe avuto difficolt\u00e0 a rappresentarli. Si tratta, a tutta evidenza, della <b>insussistenza di motivazioni fattuali ovvero di ragioni esplicitabili.<\/b> Grave &#8211; prosegue il legale &#8211; che lo faccia un datore di lavoro, ancor pi\u00f9 grave che lo faccia un&#8217;azienda pubblica\u00bb.<\/p>\n<p class=\"chapter-paragraph\">Secondo quanto si apprende dalle agenzie di stampa, per\u00f2, la Rai avrebbe consegnato la documentazione richiesta dai legali di Sigfrido Ranucci, che avevano presentato una richiesta di accesso agli atti prima di procedere con il ricorso contro la sua rimozione dalla conduzione di Report.<\/p>\n<p class=\"is-mr-t-20 is-mr-b-20\"><b><br \/>\n                    <a href=\"https:\/\/roma.corriere.it\/?intcmp=Notizielocali_nd_010623_corriere_ss_roma\" target=\"_blank\" rel=\"nofollow noopener\">Vai a tutte le notizie di Roma<\/a><br \/>\n            <\/b><\/p>\n<p class=\"chapter-paragraph\"><b><a href=\"https:\/\/www.corriere.it\/newsletter\/?theme=52&amp;intcmp=NL-artic_nd_050624_corriere_ss_roma\" target=\"_blank\" rel=\"nofollow noopener\">Iscriviti alla newsletter di Corriere Roma<\/a><\/b><\/p>\n<p class=\"is-last-update\" datetime=\"2026-09-02T18:59:33+02:00\">2 settembre 2026 ( modifica il 2 settembre 2026 | 18:59)<\/p>\n<p class=\"is-copyright\">\n            \u00a9 RIPRODUZIONE RISERVATA\n        <\/p>\n","protected":false},"excerpt":{"rendered":"di Redazione Online In via Teulada l&#8217;incontro con il direttore degli Approfondimenti Corsini. Procaccianti: l&#8217;obiettivo \u00e8 andare in&hellip;\n","protected":false},"author":3,"featured_media":661738,"comment_status":"","ping_status":"","sticky":false,"template":"","format":"standard","meta":{"footnotes":"","_share_on_mastodon":"0"},"categories":[1444],"tags":[868,6314,32,167437,364801,12672,161257,178015,4438,9978,2546,232242,4072,8642,588,589,2773,177931,16187,11693,13602,45400,32320,352247,185084,364804,364805,1245,20770,3875,1109,203,4348,807,2618,230300,1542,399,2160,230295,204,21658,364800,1537,90,89,2381,7030,9167,364802,5775,66,360709,360710,364803,897,12588,2848,30051,7163,4910,4575,103747,22952,903,15839,253,59567,103163],"class_list":["post-661737","post","type-post","status-publish","format-standard","has-post-thumbnail","category-tv","tag-afferma","tag-agenzie","tag-andare","tag-andare-onda","tag-andare-onda-novembre","tag-aperto","tag-aperto-canale","tag-aperto-canale-comunicazione","tag-approfondimenti","tag-aut","tag-autonomia","tag-autonomia-indipendenza","tag-azienda","tag-blocco","tag-braccio","tag-braccio-ferro","tag-canale","tag-canale-comunicazione","tag-collega","tag-comunicazione","tag-conclude","tag-conduttori","tag-conduzione","tag-conduzione-report","tag-consueta","tag-consueta-autonomia","tag-consueta-autonomia-indipendenza","tag-corsini","tag-cronisti","tag-dialogo","tag-direttore","tag-entertainment","tag-giornalista","tag-giornalisti","tag-giulia","tag-giulia-innocenzi","tag-inchieste","tag-incontro","tag-indipendenza","tag-innocenzi","tag-intrattenimento","tag-inviati","tag-iovene","tag-it","tag-italia","tag-italy","tag-nomi","tag-novembre","tag-onda","tag-onda-novembre","tag-parlare","tag-parlato","tag-piervincenzi","tag-presutti","tag-procaccianti","tag-programma","tag-prosegue","tag-rai","tag-ranucci","tag-redazione","tag-report","tag-riunione","tag-sigfrido","tag-sigfrido-ranucci","tag-sindacato","tag-trasmissione","tag-tv","tag-unirai","tag-vicedirettore"],"share_on_mastodon":{"url":"","error":"Validation failed: Text character limit of 500 exceeded"},"_links":{"self":[{"href":"https:\/\/www.europesays.com\/it\/wp-json\/wp\/v2\/posts\/661737","targetHints":{"allow":["GET"]}}],"collection":[{"href":"https:\/\/www.europesays.com\/it\/wp-json\/wp\/v2\/posts"}],"about":[{"href":"https:\/\/www.europesays.com\/it\/wp-json\/wp\/v2\/types\/post"}],"author":[{"embeddable":true,"href":"https:\/\/www.europesays.com\/it\/wp-json\/wp\/v2\/users\/3"}],"replies":[{"embeddable":true,"href":"https:\/\/www.europesays.com\/it\/wp-json\/wp\/v2\/comments?post=661737"}],"version-history":[{"count":0,"href":"https:\/\/www.europesays.com\/it\/wp-json\/wp\/v2\/posts\/661737\/revisions"}],"wp:featuredmedia":[{"embeddable":true,"href":"https:\/\/www.europesays.com\/it\/wp-json\/wp\/v2\/media\/661738"}],"wp:attachment":[{"href":"https:\/\/www.europesays.com\/it\/wp-json\/wp\/v2\/media?parent=661737"}],"wp:term":[{"taxonomy":"category","embeddable":true,"href":"https:\/\/www.europesays.com\/it\/wp-json\/wp\/v2\/categories?post=661737"},{"taxonomy":"post_tag","embeddable":true,"href":"https:\/\/www.europesays.com\/it\/wp-json\/wp\/v2\/tags?post=661737"}],"curies":[{"name":"wp","href":"https:\/\/api.w.org\/{rel}","templated":true}]}}