{"id":661765,"date":"2026-09-02T17:31:14","date_gmt":"2026-09-02T17:31:14","guid":{"rendered":"https:\/\/www.europesays.com\/it\/661765\/"},"modified":"2026-09-02T17:31:14","modified_gmt":"2026-09-02T17:31:14","slug":"cagliari-pisacane-mina-quasi-recuperato-kevin-carlos-in-spagna-per-motivi-familiari","status":"publish","type":"post","link":"https:\/\/www.europesays.com\/it\/661765\/","title":{"rendered":"Cagliari, Pisacane: &#8220;Mina quasi recuperato, Kevin Carlos in Spagna per motivi familiari&#8221;"},"content":{"rendered":"<p>Cagliari, le parole di Pisacane<\/p>\n<p>&#8220;Con l&#8217;Inter \u00e8 arrivata una sconfitta, quindi non possiamo essere soddisfatti. Allo stesso tempo, per\u00f2, sono arrivate anche delle indicazioni positive: la squadra \u00e8 rimasta dentro la partita fino alla fine, affrontando un avversario di altissimo livello con ordine, sacrificio e personalit\u00e0. Dobbiamo ripartire da questo atteggiamento, migliorando per\u00f2 nella qualit\u00e0 delle scelte e nella capacit\u00e0 di essere pi\u00f9 incisivi quando recuperiamo palla. Le buone prestazioni devono diventare risultati&#8221;. <\/p>\n<p>Pisacane sul mercato<\/p>\n<p>&#8220;Il mercato \u00e8 terminato, adesso ogni energia deve essere rivolta al campo. Sugawara e Nzola completano la rosa con caratteristiche che ci servivano: il primo ci offre qualit\u00e0, corsa ed esperienza sulla fascia; il secondo aggiunge forza, profondit\u00e0 e presenza offensiva. Sono soddisfatto dei ragazzi che ho a disposizione: ora sta a noi diventare squadra nel minor tempo possibile. Non esistono pi\u00f9 nuovi o vecchi: esiste il Cagliari&#8221;.<\/p>\n<p>La partita di domani<\/p>\n<p> &#8220;Mi aspetto una partita vera, intensa, contro una squadra organizzata e aggressiva. La Coppa Italia non concede possibilit\u00e0 di recuperare: dobbiamo entrare in campo con attenzione, fame e la volont\u00e0 di imporre la nostra identit\u00e0. Giochiamo in casa e vogliamo meritare il passaggio del turno, attraverso la prestazione.<\/p>\n<p>Il Verona \u00e8 una squadra verticale, fisica, capace di giocare con intensit\u00e0 e di aggredire bene gli spazi. Baroni \u00e8 un allenatore esperto e sappiamo che ci aspetta una gara complessa. Ritrovare Gabriele Zappa far\u00e0 piacere; eravamo rimasti che ci saremmo rivisti dopo pochi giorni, ha rappresentato il Cagliari per tanti anni e qui ha lasciato un segno. Dal fischio d\u2019inizio, per\u00f2, ognuno difender\u00e0 la propria maglia e penseremo esclusivamente alla partita.<\/p>\n<p>Tre partite in otto giorni richiedono una gestione lucida, ma non mi piace parlare di turnover: preferisco parlare di opportunit\u00e0 e di una rosa nella quale tutti devono sentirsi importanti. Qualche cambiamento ci sar\u00e0, senza stravolgere la squadra, perch\u00e9 l\u2019obiettivo \u00e8 passare il turno. Valuteremo anche i nuovi, considerando il loro grado di condizione e il poco tempo trascorso con noi. Chi giocher\u00e0 ha tutta la mia fiducia. In porta ci sar\u00e0 Radunovic. Sugli assenti: Mina \u00e8 quasi recuperato, ma non sar\u00e0 della gara; Borrelli sta svolgendo un programma individuale e viene valutato quotidianamente. Kevin Carlos ha avuto un permesso, \u00e8 in Spagna per motivi familiari. Al momento non potremo schierare Sugawara in attesa di ricevere il visto&#8221;.<\/p>\n","protected":false},"excerpt":{"rendered":"Cagliari, le parole di Pisacane &#8220;Con l&#8217;Inter \u00e8 arrivata una sconfitta, quindi non possiamo essere soddisfatti. Allo stesso&hellip;\n","protected":false},"author":3,"featured_media":661766,"comment_status":"","ping_status":"","sticky":false,"template":"","format":"standard","meta":{"footnotes":"","_share_on_mastodon":"0"},"categories":[1452],"tags":[721,719,720,1740,1537,90,89,251,1739,245,244],"class_list":["post-661765","post","type-post","status-publish","format-standard","has-post-thumbnail","category-calcio","tag-calcio","tag-fanta","tag-fantacalcio","tag-football","tag-it","tag-italia","tag-italy","tag-serie-a","tag-soccer","tag-sport","tag-sports"],"share_on_mastodon":{"url":"https:\/\/pubeurope.com\/@it\/117202641981154030","error":""},"_links":{"self":[{"href":"https:\/\/www.europesays.com\/it\/wp-json\/wp\/v2\/posts\/661765","targetHints":{"allow":["GET"]}}],"collection":[{"href":"https:\/\/www.europesays.com\/it\/wp-json\/wp\/v2\/posts"}],"about":[{"href":"https:\/\/www.europesays.com\/it\/wp-json\/wp\/v2\/types\/post"}],"author":[{"embeddable":true,"href":"https:\/\/www.europesays.com\/it\/wp-json\/wp\/v2\/users\/3"}],"replies":[{"embeddable":true,"href":"https:\/\/www.europesays.com\/it\/wp-json\/wp\/v2\/comments?post=661765"}],"version-history":[{"count":0,"href":"https:\/\/www.europesays.com\/it\/wp-json\/wp\/v2\/posts\/661765\/revisions"}],"wp:featuredmedia":[{"embeddable":true,"href":"https:\/\/www.europesays.com\/it\/wp-json\/wp\/v2\/media\/661766"}],"wp:attachment":[{"href":"https:\/\/www.europesays.com\/it\/wp-json\/wp\/v2\/media?parent=661765"}],"wp:term":[{"taxonomy":"category","embeddable":true,"href":"https:\/\/www.europesays.com\/it\/wp-json\/wp\/v2\/categories?post=661765"},{"taxonomy":"post_tag","embeddable":true,"href":"https:\/\/www.europesays.com\/it\/wp-json\/wp\/v2\/tags?post=661765"}],"curies":[{"name":"wp","href":"https:\/\/api.w.org\/{rel}","templated":true}]}}