{"id":661767,"date":"2026-09-02T17:32:13","date_gmt":"2026-09-02T17:32:13","guid":{"rendered":"https:\/\/www.europesays.com\/it\/661767\/"},"modified":"2026-09-02T17:32:13","modified_gmt":"2026-09-02T17:32:13","slug":"cecilia-rodriguez-e-ignazio-moser-emozione-in-famiglia-per-la-piccola-clara-isabel-il-giro-in-trattore-con-nonno-francesco","status":"publish","type":"post","link":"https:\/\/www.europesays.com\/it\/661767\/","title":{"rendered":"Cecilia Rodriguez e Ignazio Moser, emozione in famiglia per la piccola Clara Isabel: il giro in trattore con nonno Francesco"},"content":{"rendered":"<p>&#13;<br \/>\n                               &#13;<br \/>\n                                                &#13;<br \/>\n                &#13;<\/p>\n<p><strong><a href=\"https:\/\/www.leggo.it\/t\/cecilia-rodriguez\" rel=\"nofollow noopener\" target=\"_blank\">Cecilia Rodriguez<\/a><\/strong> e <strong><a href=\"https:\/\/www.leggo.it\/t\/ignazio-moser\" rel=\"nofollow noopener\" target=\"_blank\">Ignazio Moser<\/a><\/strong> si sono concessi qualche giorno in famiglia\u00a0insieme alla figlia <strong><a href=\"https:\/\/www.leggo.it\/t\/clara-isabel\" rel=\"nofollow noopener\" target=\"_blank\">Clara Isabel<\/a><\/strong>, prima di tornare alla routine. Tra passeggiate nella natura, momenti di festa e lunghi pranzi, la coppia ha condiviso sui social alcuni frammenti della loro permanenza a Trento, mostrando anche la quotidianit\u00e0 della bambina con i nonni Carla e Francesco.<\/p>\n<p>&#13;<br \/>\n&#13;<br \/>\nClara Isabel e il nonno Francesco&#13;<br \/>\n&#13;<\/p>\n<p>Tra le immagini pubblicate da Ignazio, una delle pi\u00f9 tenere \u00e8 quella che ritrae Clara insieme al nonno. L&#8217;ex campione del ciclismo italiano \u00e8 sul trattore per portare la nipotina a fare un giro, mentre la tiene in braccio. A fare da sfondo, i vigneti dell\u2019azienda vitivinicola di famiglia a Pal\u00f9 di Giovo\u00a0(Trento). Un scatto che mostra il\u00a0lato pi\u00f9 tenero di Francesco, diventato nonno per la prima volta con la nascita di Clara, il 15 ottobre 2025. La scena fa sorridere\u00a0i follower,\u00a0pensando alle parole di Moser sul\u00a0rapporto con la nipotina: \u00abSa che mi dimentico sempre il nome di mia nipote?\u00bb, aveva ammesso in un&#8217;intervista a Oggi settimanale.<\/p>\n<p>&#13;<br \/>\n&#13;<br \/>\n&#13;<br \/>\n&#13;<\/p>\n<p>E anche quando gli era stato chiesto che tipo di nonno volesse essere, Francesco aveva risposto senza troppi sentimentalismi: \u00abIo nonno o compagno tenero? No, voglio che facciano quello che dico io\u00bb. <\/p>\n<p>Oggi, per\u00f2, le immagini sembrano raccontare qualcosa di diverso: la piccola sembra aver fatto breccia nel\u00a0cuore dello Sceriffo burbero. A rendere ancora pi\u00f9 speciale il soggiorno di Cecilia, Ignazio e Clara\u00a0sono stati i pranzi di nonna Carla. \u00abSembrano quelli di Natale\u00bb, ha commentato Rodriguez. Tra tavolate e tempo trascorso insieme, la coppia ha approfittato della parentesi trentina per far vivere alla bambina\u00a0la quotidianit\u00e0 dei nonni, lontano dai riflettori e dalla frenesia della vita milanese.\u00a0                                &#13;<br \/>\n                &#13;<br \/>\n&#13;<br \/>\n                Ultimo aggiornamento: mercoled\u00ec 2 settembre 2026, 17:18&#13;<br \/>\n                <br \/>&#13;<br \/>\n                &#13;<br \/>\n                  &#13;<br \/>\n                    &#13;<br \/>\n                        \u00a9 RIPRODUZIONE RISERVATA&#13;<\/p>\n<p>&#13;<\/p>\n<p>                    &#13;<\/p>\n","protected":false},"excerpt":{"rendered":"&#13; &#13; &#13; &#13; Cecilia Rodriguez e Ignazio Moser si sono concessi qualche giorno in famiglia\u00a0insieme alla figlia&hellip;\n","protected":false},"author":3,"featured_media":661768,"comment_status":"","ping_status":"","sticky":false,"template":"","format":"standard","meta":{"footnotes":"","_share_on_mastodon":"0"},"categories":[1451],"tags":[6060,1621,1620,102473,203,8889,6062,204,1537,90,89],"class_list":["post-661767","post","type-post","status-publish","format-standard","has-post-thumbnail","category-celebrita","tag-cecilia-rodriguez","tag-celebrita","tag-celebrities","tag-clara-isabel","tag-entertainment","tag-francesco-moser","tag-ignazio-moser","tag-intrattenimento","tag-it","tag-italia","tag-italy"],"share_on_mastodon":{"url":"https:\/\/pubeurope.com\/@it\/117202645394931307","error":""},"_links":{"self":[{"href":"https:\/\/www.europesays.com\/it\/wp-json\/wp\/v2\/posts\/661767","targetHints":{"allow":["GET"]}}],"collection":[{"href":"https:\/\/www.europesays.com\/it\/wp-json\/wp\/v2\/posts"}],"about":[{"href":"https:\/\/www.europesays.com\/it\/wp-json\/wp\/v2\/types\/post"}],"author":[{"embeddable":true,"href":"https:\/\/www.europesays.com\/it\/wp-json\/wp\/v2\/users\/3"}],"replies":[{"embeddable":true,"href":"https:\/\/www.europesays.com\/it\/wp-json\/wp\/v2\/comments?post=661767"}],"version-history":[{"count":0,"href":"https:\/\/www.europesays.com\/it\/wp-json\/wp\/v2\/posts\/661767\/revisions"}],"wp:featuredmedia":[{"embeddable":true,"href":"https:\/\/www.europesays.com\/it\/wp-json\/wp\/v2\/media\/661768"}],"wp:attachment":[{"href":"https:\/\/www.europesays.com\/it\/wp-json\/wp\/v2\/media?parent=661767"}],"wp:term":[{"taxonomy":"category","embeddable":true,"href":"https:\/\/www.europesays.com\/it\/wp-json\/wp\/v2\/categories?post=661767"},{"taxonomy":"post_tag","embeddable":true,"href":"https:\/\/www.europesays.com\/it\/wp-json\/wp\/v2\/tags?post=661767"}],"curies":[{"name":"wp","href":"https:\/\/api.w.org\/{rel}","templated":true}]}}