{"id":661781,"date":"2026-09-02T17:40:12","date_gmt":"2026-09-02T17:40:12","guid":{"rendered":"https:\/\/www.europesays.com\/it\/661781\/"},"modified":"2026-09-02T17:40:12","modified_gmt":"2026-09-02T17:40:12","slug":"carolina-francesca-e-giulia-le-pappardelle-di-reazione-a-catena-le-3-amiche-fiorentine-hanno-gia-vinto-200mila-euro","status":"publish","type":"post","link":"https:\/\/www.europesays.com\/it\/661781\/","title":{"rendered":"Carolina, Francesca e Giulia, \u00abLe Pappardelle\u00bb di \u00abReazione a catena\u00bb: le 3 amiche fiorentine hanno gi\u00e0 vinto 200mila euro"},"content":{"rendered":"<p>    di<br \/>\n    Jacopo Storni<\/p>\n<p class=\"summary-art is-line-h-12\">Loro sono Carolina, Francesca e Maria Giulia. Nome d\u2019arte \u00abLe Pappardelle\u00bb: Le tre ragazze vivono nel quartiere dell&#8217;Isolotto e condividono da tempo diverse esperienze, oltre a una grande passione per il mondo dello spettacolo<\/p>\n<p class=\"chapter-paragraph\"><b>Da Firenze alla ribalta su Rai 1.<\/b> Loro sono Carolina, Francesca e Maria Giulia. Nome d\u2019arte Le Pappardelle. Sono diventate famose in questi ultimi giorni, da quando sono una presenza familiare per il pubblico di Reazione a Catena, dove <b>da inizio agosto riescono a difendere il titolo di campionesse ogni sera. <\/b>Hanno fatto la storia del programma <b>indovinando ben 17 parole durante il gioco dell'&#8221;Intesa Vincente&#8221;.<\/b> Hanno superato un bottino complessivo di oltre 200.000 euro.<\/p>\n<p class=\"chapter-paragraph\"><b>Il trio, tutto fiorentino, \u00e8 legato da un&#8217;amicizia che affonda le proprie radici nell&#8217;infanzia.<\/b> Le tre ragazze vivono nel quartiere dell&#8217;Isolotto e condividono da tempo diverse esperienze, oltre a una grande passione per il mondo dello spettacolo, in particolare per teatro, canto e musical.    &#13;<br \/>\n&#13;<br \/>\n&#13;<br \/>\n&#13;<br \/>\n&#13;<br \/>\n&#13;<br \/>\n&#13;<br \/>\n&#13;<br \/>\n&#13;<br \/>\n&#13;<br \/>\n&#13;<br \/>\n&#13;<br \/>\n&#13;<br \/>\n&#13;<br \/>\n&#13;<br \/>\n&#13;<br \/>\n&#13;<br \/>\n&#13;<br \/>\n&#13;<br \/>\n&#13;<br \/>\n&#13;<br \/>\n&#13;<br \/>\n&#13;<br \/>\n&#13;<br \/>\n&#13;<br \/>\n&#13;<br \/>\n&#13;<br \/>\n&#13;<br \/>\n&#13;<br \/>\n&#13;<br \/>\n&#13;<br \/>\n&#13;<br \/>\n&#13;<br \/>\n&#13;<br \/>\n&#13;<br \/>\n&#13;<br \/>\n&#13;<br \/>\n&#13;<br \/>\n&#13;<br \/>\n&#13;<br \/>\n&#13;<br \/>\n&#13;<br \/>\n&#13;<br \/>\n&#13;<br \/>\n&#13;<br \/>\n&#13;<br \/>\n&#13;<br \/>\n&#13;<br \/>\n&#13;<br \/>\n&#13;<br \/>\n&#13;<br \/>\n&#13;<br \/>\n&#13;\n<\/p>\n<p class=\"chapter-paragraph\">Francesca e Maria Giulia si conoscevano gi\u00e0 dai tempi delle scuole elementari, mentre il legame con Carolina si \u00e8 consolidato successivamente anche attraverso le attivit\u00e0 di volontariato svolte nella parrocchia del quartiere.<\/p>\n<p class=\"chapter-paragraph\"><b>\u00abSiamo cresciute all\u2019Isolotto \u2013 raccontano da Napoli, dove si trovano per partecipare al programma televisivo &#8211;<\/b> Frequentando un po&#8217; gli stessi posti siamo diventate amiche, in particolare col volontariato nella parrocchia dell&#8217;Isolotto. L&#8217;idea di partecipare al programma \u00e8 arrivata un po&#8217; per gioco, un po&#8217; per caso, ma alla fine ci siamo buttate. Abbiamo rotto le scatole a tante persone con i nostri allenamenti: le famiglie, i clienti del Bar i Portici (il nostro punto di ritrovo), ma soprattutto i nostri amici, che per\u00f2 sono stati davvero di supporto, tanto che una sera al teatro La Fiaba ci hanno organizzato una &#8220;finta puntata&#8221; con tanto di sfidanti e conduttore\u00bb.\u00a0<\/p>\n<p class=\"chapter-paragraph\"><b>Non avrebbero mai immaginato di durare cos\u00ec a lungo:<\/b> \u00abQuello che \u00e8 arrivato dopo non ce lo aspettavamo minimamente, tutt&#8217;ora un po&#8217; fatichiamo a credere di essere nel programma da un mese. L&#8217;esperienza \u00e8 veramente unica, il gioco \u00e8 divertentissimo e le persone che lavorano in Rai qua a Napoli ci hanno accolto fin dal primo giorno con un calore incredibile. <b>Oltretutto una permanenza cos\u00ec lunga ci ha dato modo di conoscere tantissime persone, comprese squadre sfidanti<\/b>, che non avremmo avuto mai occasione di incontrare in altro modo, e con cui si sono instaurati anche rapporti di amicizia\u00bb.<\/p>\n<p class=\"chapter-paragraph\">Ed \u00e8 proprio la loro conoscenza di lunga data a rappresentare uno degli elementi che sembrano fare la differenza durante il gioco. L<b>a squadra pu\u00f2 contare infatti su una sintonia costruita negli anni <\/b>e particolarmente evidente nella fase dell&#8217;\u201cIntesa Vincente\u201d, uno dei momenti decisivi della trasmissione.<\/p>\n<p class=\"chapter-paragraph\"><b>A guidare il gruppo \u00e8 Carolina, mentre Maria Giulia occupa abitualmente la posizione centrale nell&#8217;\u201cIntesa Vincente\u201d,<\/b> dove deve arrivare alla soluzione partendo dagli indizi forniti dalle compagne. La rapidit\u00e0 con cui le tre riescono spesso a capirsi \u00e8 diventata uno dei loro punti di forza.<br \/>Quella in corso non \u00e8 la loro prima esperienza nel programma.\u00a0<\/p>\n<p class=\"chapter-paragraph\">Le tre amiche avevano gi\u00e0 partecipato a Reazione a Catena alcuni anni fa, presentandosi con un nome diverso: erano \u201cLe Frangette\u201d, un riferimento al particolare taglio di capelli che all&#8217;epoca accomunava le concorrenti. Quella prima avventura era terminata molto presto. A distanza di tre anni, per\u00f2, hanno deciso di riprovarci, <b>questa volta con il nome \u201cLe Pappardelle\u201d, scelto richiamando una delle specialit\u00e0 pi\u00f9 conosciute della tradizione gastronomica toscana.<\/b><\/p>\n<p class=\"chapter-paragraph\"><b>Per le campionesse fa il tifo anche la sindaca Sara Funaro: <\/b>\u00abContinuate cos\u00ec, parola dopo parola. Quando tornerete da questa avventura, sar\u00e0 un piacere accogliervi a Palazzo Vecchio per festeggiare insieme i vostri risultati. Forza ragazze, Firenze \u00e8 con voi\u00bb.<\/p>\n<p class=\"is-mr-t-20 is-mr-b-20\"><b><br \/>\n                    <a href=\"https:\/\/corrierefiorentino.corriere.it\/?intcmp=Notizielocali_nd_010623_corriere_ss_fior\" target=\"_blank\" rel=\"nofollow noopener\">Vai a tutte le notizie di Firenze<\/a><br \/>\n            <\/b><\/p>\n<p class=\"chapter-paragraph\"><b><a href=\"https:\/\/www.corriere.it\/newsletter\/?theme=45&amp;intcmp=NL-artic_nd_050624_corriere_ss_fior\" target=\"_blank\" rel=\"nofollow noopener\">Iscriviti alla newsletter del Corriere Fiorentino<\/a><\/b><\/p>\n<p class=\"is-last-update\" datetime=\"2026-09-02T15:55:16+02:00\">2 settembre 2026 ( modifica il 2 settembre 2026 | 15:55)<\/p>\n<p class=\"is-copyright\">\n            \u00a9 RIPRODUZIONE RISERVATA\n        <\/p>\n","protected":false},"excerpt":{"rendered":"di Jacopo Storni Loro sono Carolina, Francesca e Maria Giulia. Nome d\u2019arte \u00abLe Pappardelle\u00bb: Le tre ragazze vivono&hellip;\n","protected":false},"author":3,"featured_media":661782,"comment_status":"","ping_status":"","sticky":false,"template":"","format":"standard","meta":{"footnotes":"","_share_on_mastodon":"0"},"categories":[174],"tags":[223,11166,1615,364827,4641,3487,3197,364823,364828,11474,106864,364829,364830,4417,5115,364831,364832,203,4876,5701,364824,364825,2024,2618,5944,331075,204,246756,1537,90,89,1259,364822,1693,271195,1316,897,14038,3181,8213,364826,25122],"class_list":["post-661781","post","type-post","status-publish","format-standard","has-post-thumbnail","category-intrattenimento","tag-amiche","tag-amicizia","tag-arte","tag-arte-pappardelle","tag-avventura","tag-campionesse","tag-carolina","tag-carolina-francesca","tag-carolina-francesca-maria","tag-catena","tag-condividono","tag-condividono-diverse","tag-condividono-diverse-esperienze","tag-diventate","tag-diverse","tag-diverse-esperienze","tag-diverse-esperienze-passione","tag-entertainment","tag-esperienza","tag-francesca","tag-francesca-maria","tag-francesca-maria-giulia","tag-gioco","tag-giulia","tag-intesa","tag-intesa-vincente","tag-intrattenimento","tag-isolotto","tag-it","tag-italia","tag-italy","tag-maria","tag-maria-giulia","tag-nome","tag-pappardelle","tag-particolare","tag-programma","tag-quartiere","tag-ragazze","tag-reazione","tag-reazione-catena","tag-vincente"],"share_on_mastodon":{"url":"","error":"Validation failed: Text character limit of 500 exceeded"},"_links":{"self":[{"href":"https:\/\/www.europesays.com\/it\/wp-json\/wp\/v2\/posts\/661781","targetHints":{"allow":["GET"]}}],"collection":[{"href":"https:\/\/www.europesays.com\/it\/wp-json\/wp\/v2\/posts"}],"about":[{"href":"https:\/\/www.europesays.com\/it\/wp-json\/wp\/v2\/types\/post"}],"author":[{"embeddable":true,"href":"https:\/\/www.europesays.com\/it\/wp-json\/wp\/v2\/users\/3"}],"replies":[{"embeddable":true,"href":"https:\/\/www.europesays.com\/it\/wp-json\/wp\/v2\/comments?post=661781"}],"version-history":[{"count":0,"href":"https:\/\/www.europesays.com\/it\/wp-json\/wp\/v2\/posts\/661781\/revisions"}],"wp:featuredmedia":[{"embeddable":true,"href":"https:\/\/www.europesays.com\/it\/wp-json\/wp\/v2\/media\/661782"}],"wp:attachment":[{"href":"https:\/\/www.europesays.com\/it\/wp-json\/wp\/v2\/media?parent=661781"}],"wp:term":[{"taxonomy":"category","embeddable":true,"href":"https:\/\/www.europesays.com\/it\/wp-json\/wp\/v2\/categories?post=661781"},{"taxonomy":"post_tag","embeddable":true,"href":"https:\/\/www.europesays.com\/it\/wp-json\/wp\/v2\/tags?post=661781"}],"curies":[{"name":"wp","href":"https:\/\/api.w.org\/{rel}","templated":true}]}}