{"id":661787,"date":"2026-09-02T17:43:14","date_gmt":"2026-09-02T17:43:14","guid":{"rendered":"https:\/\/www.europesays.com\/it\/661787\/"},"modified":"2026-09-02T17:43:14","modified_gmt":"2026-09-02T17:43:14","slug":"la-germania-accusa-la-russia-i-droni-esplosivi-allaeroporto-di-lipsia-sono-stati-un-atto-di-guerra-ibrida-sul-suolo-tedesco-identificati-due-sospetti","status":"publish","type":"post","link":"https:\/\/www.europesays.com\/it\/661787\/","title":{"rendered":"La Germania accusa la Russia: \u00abI droni esplosivi all&#8217;aeroporto di Lipsia sono stati un atto di guerra ibrida sul suolo tedesco\u00bb. Identificati due sospetti"},"content":{"rendered":"<p>    di<br \/>\n    Mara Gergolet<\/p>\n<p class=\"summary-art is-line-h-12\">Si alza il livello di scontro tra Berlino e Mosca. Il governo tedesco rompe gli indugi e accusa direttamente Mosca: l&#8217;azione in tre fasi ha tentato di colpire un aereo ucraino carico di armi e un cargo della Dhl. La Nato: \u00abI tentativi di intimidirci falliranno\u00bb. E Meloni parla di \u00abpiena solidariet\u00e0\u00bb<\/p>\n<p class=\"chapter-paragraph\">DALLA NOSTRA CORRISPONDENTE<br \/>BERLINO &#8211; <b>Il <a href=\"https:\/\/www.corriere.it\/esteri\/26_settembre_02\/germania-russia-cosi-la-guerra-ibrida-di-putin-spegne-l-illusione-di-un-dialogo-ma-per-berlino-il-rapporto-con-mosca-resta-la-f7bb3a69-ad20-42c0-b1dd-1c973b138xlk.shtml\" title=\"Germania - Russia, cos\u00ec la guerra ibrida di Putin spegne l\u2019illusione di un dialogo. Ma per Berlino il rapporto con Mosca resta la prova del fuoco\" rel=\"nofollow noopener\" target=\"_blank\">governo tedesco<\/a> rompe gli indugi e punta il dito contro il Cremlino.<\/b> Il misterioso <b>episodio di Lipsia<\/b> \u2014 un <b>attentato fallito con droni ed esplosivo all\u2019aeroporto dei cargo<\/b> \u2014 \u00e8 stato <b>un atto di guerra ibrida, un attacco commissionato dalla Russia su suolo tedesco<\/b>. Intanto gli investigatori hanno identificato due sospetti, con legami con Mosca: come riportano la Sueddeutsche Zeitung, la Ndr e la Wdr, si tratta di un uomo di origine russa con passaporto lettone e di un uomo bielorusso con passaporto russo. Ma non solo: secondo quanto riporta la Bild, il bielorusso con passaporto russo\u00a0<b>sarebbe entrato nello spazio Schengen con un visto italiano<\/b>.\u00a0Le autorit\u00e0 tedesche \u00abhanno accertato che il documento \u00e8 stato rilasciato da un&#8217;ambasciata italiana a Minsk alla fine di aprile\u00bb, aggiunge la testata.\u00a0<\/p>\n<p class=\"chapter-paragraph\">Sono i due ministri affiancati, Alexander Dobrindt degli Interni e Johann Wadephul degli Esteri, a dare l\u2019annuncio. \u00abNel loro insieme \u2014 ha esordito Dobrindt \u2014 le indagini della polizia, le modalit\u00e0 dei reati e le informazioni dei servizi di intelligence dimostrano <b>la responsabilit\u00e0 russa nel tentato attacco all\u2019aeroporto di Lipsia<\/b>\u00bb. Fin dal mattino si erano susseguite voci che il governo avrebbe finalmente parlato: per giorni, i media avevano speculato sull\u2019intenzione del cancelliere Merz di indicare a Mosca i mandanti, come le ricostruzioni giornalistiche e degli investigatori avevano gi\u00e0 concluso.    &#13;<br \/>\n&#13;<br \/>\n&#13;<br \/>\n&#13;<br \/>\n&#13;<br \/>\n&#13;<br \/>\n&#13;<br \/>\n&#13;<br \/>\n&#13;<br \/>\n&#13;<br \/>\n&#13;<br \/>\n&#13;<br \/>\n&#13;<br \/>\n&#13;<br \/>\n&#13;<br \/>\n&#13;<br \/>\n&#13;<br \/>\n&#13;<br \/>\n&#13;<br \/>\n&#13;<br \/>\n&#13;<br \/>\n&#13;<br \/>\n&#13;<br \/>\n&#13;<br \/>\n&#13;<br \/>\n&#13;<br \/>\n&#13;<br \/>\n&#13;<br \/>\n&#13;<br \/>\n&#13;<br \/>\n&#13;<br \/>\n&#13;<br \/>\n&#13;<br \/>\n&#13;<br \/>\n&#13;<br \/>\n&#13;<br \/>\n&#13;<br \/>\n&#13;<br \/>\n&#13;<br \/>\n&#13;<br \/>\n&#13;<br \/>\n&#13;<br \/>\n&#13;<br \/>\n&#13;<br \/>\n&#13;<br \/>\n&#13;<br \/>\n&#13;<br \/>\n&#13;<br \/>\n&#13;<br \/>\n&#13;<br \/>\n&#13;<br \/>\n&#13;<br \/>\n&#13;\n<\/p>\n<p class=\"chapter-paragraph\">Berlino prende cos\u00ec delle <b>\u00abpunizioni\u00bb immediate<\/b>, e indurisce anche la propria retorica. Sar\u00e0 <b>chiuso il consolato generale di Bonn e la Casa di Cultura a Berlino<\/b>: due schermi, soprattutto la seconda, per operazioni di intelligence moscovite. <b>Inaspriti i controlli sui cittadini russi e la pressione sulla flotta ombra \u2014 che trasporta il petrolio \u2014 sar\u00e0 intensificata<\/b>. Il ministro Wadephul ha detto che \u00abcon il fallito attentato di Lipsia, la leadership russa ha deliberatamente scelto di danneggiare in modo significativo le nostre gi\u00e0 tese relazioni bilaterali. <b>Il governo tedesco agir\u00e0 pertanto contro la Russia in quanto responsabile dell\u2019attacco ibrido<\/b> e render\u00e0 pi\u00f9 difficile attuare ulteriori attacchi in Germania e in Europa\u00bb.\u00a0<\/p>\n<p class=\"chapter-paragraph\"><b>Mosca, dal canto suo, ovviamente rigetta ogni addebito, si dice stupefatta <\/b>come se simili operazioni fossero al di l\u00e0 dell\u2019ordine dell\u2019immaginabile, e poi prontamente sfodera il manuale delle contro-accuse: <b>\u00abBerlino sponsorizza il terrorismo\u00bb. Va da s\u00e9: aiutando Kiev a difendersi dalla sua aggressione<\/b>.<\/p>\n<p>APPROFONDISCI CON IL PODCAST<\/p>\n<p>    L&#8217;attacco in tre fasi<\/p>\n<p class=\"chapter-paragraph\">\u00c8 stato Dobrindt a fornire dettagli sulle indagini. Dell\u2019incidente di Lipsia del 4 agosto si \u00e8 saputo, infatti, solo con una decina di giorni di ritardo. L\u2019azione ha avuto almeno <b>tre fasi<\/b>.\u00a0<\/p>\n<p class=\"chapter-paragraph\">In un primo tempo, \u00e8 stato trovato <b>un drone con materiale esplosivo accanto a un Antonov ucraino<\/b>: l\u2019hub di Lipsia, usato dalla Nato, \u00e8 una delle principali rotte di rifornimento militare di Kiev. Era probabilmente quello l\u2019obiettivo primario. Poi, dopo la chiusura dello scalo e la riapertura, <b>un altro drone ha colpito un cargo della DHL, fortunatamente senza danni<\/b>: si trattava probabilmente di un velivolo di ricognizione. Infine, dieci giorni pi\u00f9 tardi \u00e8 stato ritrovato <b>un terzo drone e, non lontano, altro esplosivo militare, il RDX.<\/b> Sono questi \u00abreperti\u00bb inesplosi che sono serviti a identificare la matrice dell\u2019operazione.<\/p>\n<p>    Gli autori\u00a0\u00abdi basso livello\u00bb:\u00a0\u00abForse persino a loro insaputa\u00bb<\/p>\n<p class=\"chapter-paragraph\">Sempre Dobrindt ha lasciato trapelare queste informazioni: \u00ab<b>La configurazione del drone, i componenti, la tecnologia di detonazione e gli esplosivi sono noti da altre operazioni russe<\/b>. La tecnologia identificata sul posto indica un alto livello di competenza tecnica\u00bb. Pi\u00f9 interessante, quel che dice degli autori:<b> \u00abSi tratta di agenti di basso livello, ovvero privati cittadini non addestrati<\/b> reclutati online da servizi segreti stranieri per spionaggio, propaganda o sabotaggio. Gli autori hanno agito per conto delle autorit\u00e0 statali russe\u00bb. E questa \u00e8 una modalit\u00e0 ormai collaudata, tanto che giorni fa un esperto tedesco, Nico Lange, si \u00e8 spinto a dire che <b>gli operatori dei droni avrebbero potuto agire \u00aba loro insaputa\u00bb<\/b>. Ma siccome, dall\u2019inizio della guerra in Ucraina \u2014 con le espulsioni della rete di spie, in parte camuffata da diplomatici \u2014 la Russia \u00e8 rimasta a corto di agenti \u00abufficiali\u00bb, del GRU o FSB, il reclutamento di manovalanza criminale di basso livello \u00e8 all\u2019ordine del giorno. In tutta Europa, non solo in Germania. In Gran Bretagna, fu questa la modalit\u00e0 con cui fu fatto un triplice attacco\/sabotaggio incendiario contro le propriet\u00e0 del premier Starmer: i responsabili erano criminali comuni. Sempre ieri, in Brandeburgo, <b>un altro misterioso episodio di sabotaggio alle infrastrutture<\/b>: dell\u2019esplosivo \u00e8 stato trovato vicino alla pi\u00f9 grande centrale elettrica, a J\u00e4nschwalde. Ma nessuno ha fatto supposizioni sui possibili autori: anche gruppi anarchici\/ecologisti in passato hanno messo a segno questi attacchi.<\/p>\n<p>    La reazione unitaria (e la\u00a0\u00abguerra ibrida in casa\u00bb)<\/p>\n<p class=\"chapter-paragraph\">Berlino ha concertato la propria \u00abmessa in accusa\u00bb di Mosca con gli alleati della Nato. E infatti, \u00e8 uscita allo scoperto mentre in Irlanda si riunivano i ministri degli Esteri della Ue. Da qui, una diffusa solidariet\u00e0, che Berlino ha nei fatti richiesto. <b>Rutte<\/b>, segretario della <b>Nato<\/b>, ha parlato di \u00abprove inequivocabili\u00bb, sostenendo che \u00abi tentativi della Russia di intimidirci falliranno\u00bb. <b>Ursula von der Leyen<\/b> ha raccontato di aver parlato con Merz. <b>Giorgia Meloni<\/b>: \u00abL\u2019Italia \u00e8 in piena solidariet\u00e0 con la Germania dopo l\u2019attacco ibrido russo a Lipsia. La sicurezza dei nostri Alleati \u00e8 la sicurezza di tutti noi\u00bb.<\/p>\n<p class=\"chapter-paragraph\">E in un certo senso, <b>la Germania sa di non poter procedere da sola. Ha spiegato che cercher\u00e0 il consenso Ue per nuove sanzioni.<\/b> Ma soprattutto, mentre sale il livello dello scontro con il Cremlino, dopo che per 4 anni di guerra in cui ha s\u00ec fornito armi a Kiev, rafforzato il confine orientale, ma cercato in ogni modo di segnalare a Putin di voler evitare l\u2019escalation,<b> non pu\u00f2 pi\u00f9 negare di avere la guerra ibrida in casa.<\/b> E su quell\u2019asse, Berlino-Mosca, lo scontro geopolitico nei prossimi anni \u00e8 inevitabilmente destinato a crescere.<\/p>\n<p class=\"is-last-update\" datetime=\"2026-09-02T15:53:12+02:00\">1 settembre 2026 ( modifica il 2 settembre 2026 | 15:53)<\/p>\n<p class=\"is-copyright\">\n            \u00a9 RIPRODUZIONE RISERVATA\n        <\/p>\n","protected":false},"excerpt":{"rendered":"di Mara Gergolet Si alza il livello di scontro tra Berlino e Mosca. Il governo tedesco rompe gli&hellip;\n","protected":false},"author":3,"featured_media":661788,"comment_status":"","ping_status":"","sticky":false,"template":"","format":"standard","meta":{"footnotes":"","_share_on_mastodon":"0"},"categories":[160],"tags":[506,867,343276,3534,10473,7961,787,765,364403,14041,1026,364833,364834,7461,917,2482,4189,86277,6475,364835,86075,364836,364837,37030,364838,1064,395,14,164,165,49607,198225,4125,4467,9162,100719,65881,768,3085,364839,47892,41527,3044,77,19292,19566,41578,486,248172,1173,49012,952,364840,364841,21838,400,8499,6110,364842,58,9889,2164,166,382,2737,7,15,892,66,11347,4152,171,388,48450,14857,5907,8233,11,167,12,168,161,162,163],"class_list":["post-661787","post","type-post","status-publish","format-standard","has-post-thumbnail","category-mondo","tag-accusa","tag-aeroporto","tag-aeroporto-lipsia","tag-agenti","tag-alleati","tag-armi","tag-attacchi","tag-attacco","tag-attacco-ibrido","tag-attentato","tag-atto","tag-atto-guerra","tag-atto-guerra-ibrida","tag-autori","tag-autorita","tag-azione","tag-basso","tag-basso-livello","tag-berlino","tag-berlino-mosca","tag-bielorusso","tag-bielorusso-passaporto","tag-bielorusso-passaporto-russo","tag-cargo","tag-cargo-dhl","tag-cittadini","tag-cremlino","tag-cronaca","tag-dal-mondo","tag-dalmondo","tag-dhl","tag-dobrindt","tag-drone","tag-droni","tag-episodio","tag-esplosivi","tag-esplosivo","tag-esteri","tag-europa","tag-falliranno","tag-fallito","tag-fasi","tag-germania","tag-guerra","tag-guerra-ibrida","tag-ibrida","tag-ibrido","tag-indagini","tag-indugi","tag-informazioni","tag-insaputa","tag-intelligence","tag-intimidirci","tag-intimidirci-falliranno","tag-investigatori","tag-kiev","tag-lipsia","tag-livello","tag-livello-scontro","tag-meloni","tag-merz","tag-modalita","tag-mondo","tag-mosca","tag-nato","tag-news","tag-notizie","tag-operazioni","tag-parlato","tag-passaporto","tag-russa","tag-russia","tag-russo","tag-sabotaggio","tag-scontro","tag-solidarieta","tag-tedesco","tag-ultime-notizie","tag-ultime-notizie-di-mondo","tag-ultimenotizie","tag-ultimenotiziedimondo","tag-world","tag-world-news","tag-worldnews"],"share_on_mastodon":{"url":"","error":"Validation failed: Text character limit of 500 exceeded"},"_links":{"self":[{"href":"https:\/\/www.europesays.com\/it\/wp-json\/wp\/v2\/posts\/661787","targetHints":{"allow":["GET"]}}],"collection":[{"href":"https:\/\/www.europesays.com\/it\/wp-json\/wp\/v2\/posts"}],"about":[{"href":"https:\/\/www.europesays.com\/it\/wp-json\/wp\/v2\/types\/post"}],"author":[{"embeddable":true,"href":"https:\/\/www.europesays.com\/it\/wp-json\/wp\/v2\/users\/3"}],"replies":[{"embeddable":true,"href":"https:\/\/www.europesays.com\/it\/wp-json\/wp\/v2\/comments?post=661787"}],"version-history":[{"count":0,"href":"https:\/\/www.europesays.com\/it\/wp-json\/wp\/v2\/posts\/661787\/revisions"}],"wp:featuredmedia":[{"embeddable":true,"href":"https:\/\/www.europesays.com\/it\/wp-json\/wp\/v2\/media\/661788"}],"wp:attachment":[{"href":"https:\/\/www.europesays.com\/it\/wp-json\/wp\/v2\/media?parent=661787"}],"wp:term":[{"taxonomy":"category","embeddable":true,"href":"https:\/\/www.europesays.com\/it\/wp-json\/wp\/v2\/categories?post=661787"},{"taxonomy":"post_tag","embeddable":true,"href":"https:\/\/www.europesays.com\/it\/wp-json\/wp\/v2\/tags?post=661787"}],"curies":[{"name":"wp","href":"https:\/\/api.w.org\/{rel}","templated":true}]}}