{"id":661807,"date":"2026-09-02T18:03:12","date_gmt":"2026-09-02T18:03:12","guid":{"rendered":"https:\/\/www.europesays.com\/it\/661807\/"},"modified":"2026-09-02T18:03:12","modified_gmt":"2026-09-02T18:03:12","slug":"affari-tuoi-pronto-a-ripartire-si-cercano-i-nuovi-concorrenti","status":"publish","type":"post","link":"https:\/\/www.europesays.com\/it\/661807\/","title":{"rendered":"Affari Tuoi pronto a ripartire: si cercano i nuovi concorrenti"},"content":{"rendered":"<p>Manca sempre meno alla nuova edizione di Affari Tuoi e il programma di Rai 1 condotto da Stefano De Martino \u00e8 alla ricerca dei nuovi concorrenti.<\/p>\n<p>La nuova edizione di <strong>Affari Tuoi <\/strong>far\u00e0 ritorno su <strong>Rai 1<\/strong> a partire da domenica 6 settembre 2026, dopo un&#8217;estate in cui il conduttore <strong>Stefano De Martino <\/strong>si \u00e8 dedicato ai lavori per Sanremo 2027. In attesa delle novit\u00e0 della stagione 2026\/2027, sul sito di giocherai.it sono state aperte le <strong>selezioni <\/strong>per trovare i nuovi <strong>concorrenti <\/strong>della prossima edizione.<\/p>\n<p>Affari Tuoi cerca nuovi concorrenti: aperti i casting!<\/p>\n<p>Il game show di <strong>Rai 1<\/strong> campione di ascolti dell&#8217;access prime time si prepara a tornare. <strong>Affari Tuoi <\/strong>\u00e8 pronto a un&#8217;altra stagione in cui si contender\u00e0 con La Ruota della Fortuna di Gerry Scotti di Canale 5 il titolo di programma pi\u00f9 visto dell&#8217;access prime time e, attualmente, <strong>\u00e8 alla ricerca dei nuovi concorrenti<\/strong>.<\/p>\n<p>Da qualche giorno, infatti, \u00e8 possibile candidarsi per diventare uno dei protagonisti delle puntate condotte da Stefano De Martino, andando sul sito giocherai.it nella sezione Giochi in studio. Per partecipare ad<strong> Affari Tuoi \u00e8 necessario essere nati in un comune italiano<\/strong> (come ben sa <a href=\"https:\/\/www.comingsoon.it\/vip\/news\/affari-tuoi-parte-la-denuncia-di-un-aspirante-concorrente-discriminata-ai\/n226341\/\" target=\"_blank\" title=\"un&#039;aspirante concorrente che ha accusato la produzione di averla discriminata ai casting\" rel=\"nofollow noopener\">un&#8217;aspirante concorrente che ha accusato la produzione di averla discriminata ai casting<\/a>) e nel modulo online occorre inserire i dati anagrafici, tra cui provincia e comune di nascita e residenza. <\/p>\n<p>La ricerca dei nuovi concorrenti \u00e8 estesa a tutto il territorio nazionale e conferma il desiderio di reclutare quante pi\u00f9 persone possibili al fine di registrare quanto prima le nuove puntate. Quest&#8217;anno, infatti, <strong>De Martino sar\u00e0 impegnato anche con la conduzione di Sanremo 2027<\/strong> ed \u00e8 probabile che le registrazioni si susseguiranno incalzanti, cos\u00ec da garantirgli di avere il tempo di seguire i preparativi per la kermesse canora.<\/p>\n<p>Dal nuovo studio all&#8217;assenza di Gennarino, le novit\u00e0 della prossima edizione di Affari Tuoi<\/p>\n<p>In attesa di conoscere i <strong>primi concorrenti della nuova edizione di Affari Tuoi<\/strong>, la trasmissione andr\u00e0 incontro ad alcune novit\u00e0 in questa stagione 2026\/2027. Oltre a essere stata confermata la presenza di <strong>Martina Miliddi <\/strong>e <strong>Herbert Ballerina<\/strong>, il pubblico di Rai 1 dovr\u00e0 dire addio al <strong>cane Gennarino<\/strong>, che sar\u00e0 sostituito da un altro cagnolino, questa volta milanese.<\/p>\n<p>E s\u00ec, perch\u00e9 lo studio che ospita la trasmissione non \u00e8 pi\u00f9 il Teatro delle Vittorie a Roma, ma un nuovo studio a Milano, come ha raccontato a Tv Sorrisi e Canzoni il conduttore:<\/p>\n<blockquote><p>&#8220;Da Roma ci trasferiamo a Milano in uno studio tutto nuovo, sar\u00e0 pi\u00f9 moderno, con innesti digitali, grandi pareti di ledwall che possono diventare cose diverse. Volevamo uno studio che fosse versatile perch\u00e9 come al solito partiamo e poi il programma si evolve nel corso del tempo. Volevamo che anche avesse un po\u2019 pi\u00f9 di alluce per gli speciali di prima serata che ci saranno anche in questa edizione&#8221;<\/p><\/blockquote>\n","protected":false},"excerpt":{"rendered":"Manca sempre meno alla nuova edizione di Affari Tuoi e il programma di Rai 1 condotto da Stefano&hellip;\n","protected":false},"author":3,"featured_media":661808,"comment_status":"","ping_status":"","sticky":false,"template":"","format":"standard","meta":{"footnotes":"","_share_on_mastodon":"0"},"categories":[1444],"tags":[203,204,1537,90,89,253],"class_list":["post-661807","post","type-post","status-publish","format-standard","has-post-thumbnail","category-tv","tag-entertainment","tag-intrattenimento","tag-it","tag-italia","tag-italy","tag-tv"],"share_on_mastodon":{"url":"","error":""},"_links":{"self":[{"href":"https:\/\/www.europesays.com\/it\/wp-json\/wp\/v2\/posts\/661807","targetHints":{"allow":["GET"]}}],"collection":[{"href":"https:\/\/www.europesays.com\/it\/wp-json\/wp\/v2\/posts"}],"about":[{"href":"https:\/\/www.europesays.com\/it\/wp-json\/wp\/v2\/types\/post"}],"author":[{"embeddable":true,"href":"https:\/\/www.europesays.com\/it\/wp-json\/wp\/v2\/users\/3"}],"replies":[{"embeddable":true,"href":"https:\/\/www.europesays.com\/it\/wp-json\/wp\/v2\/comments?post=661807"}],"version-history":[{"count":0,"href":"https:\/\/www.europesays.com\/it\/wp-json\/wp\/v2\/posts\/661807\/revisions"}],"wp:featuredmedia":[{"embeddable":true,"href":"https:\/\/www.europesays.com\/it\/wp-json\/wp\/v2\/media\/661808"}],"wp:attachment":[{"href":"https:\/\/www.europesays.com\/it\/wp-json\/wp\/v2\/media?parent=661807"}],"wp:term":[{"taxonomy":"category","embeddable":true,"href":"https:\/\/www.europesays.com\/it\/wp-json\/wp\/v2\/categories?post=661807"},{"taxonomy":"post_tag","embeddable":true,"href":"https:\/\/www.europesays.com\/it\/wp-json\/wp\/v2\/tags?post=661807"}],"curies":[{"name":"wp","href":"https:\/\/api.w.org\/{rel}","templated":true}]}}