{"id":661839,"date":"2026-09-02T18:28:19","date_gmt":"2026-09-02T18:28:19","guid":{"rendered":"https:\/\/www.europesays.com\/it\/661839\/"},"modified":"2026-09-02T18:28:19","modified_gmt":"2026-09-02T18:28:19","slug":"exedra-alle-pepinieres-di-aosta-un-percorso-dedicato-al-design-dei-servizi-pianeta-camere","status":"publish","type":"post","link":"https:\/\/www.europesays.com\/it\/661839\/","title":{"rendered":"Exedra, alle Pepini\u00e8res di Aosta un percorso dedicato al design dei servizi &#8211; Pianeta Camere"},"content":{"rendered":"<p>            Marted\u00ec 15 settembre la sede delle<br \/>\nP\u00e9pini\u00e8res d&#8217;Entreprises di Aosta ospiter\u00e0 &#8216;Exedra: Progettare<br \/>\nper una complessit\u00e0 aziendale sostenibile&#8217;, un percorso dedicato<br \/>\nal design dei servizi e delle interazioni. L&#8217;iniziativa \u00e8<br \/>\npromossa dalla startup Matters, in collaborazione con lo studio<br \/>\ndi ricerca Bsd Design.<br \/>\n                                    <br \/>\u00a0\u00a0\u00a0<br \/>\n\t\t\t\t&#8220;Sar\u00e0 un pomeriggio interamente dedicato alla ricerca, allo<br \/>\nscambio di esperienze e alla condivisione di strumenti pratici &#8211;<br \/>\nsi legge nella presentazione &#8211; per affrontare il cambiamento<br \/>\norganizzativo contemporaneo, con un focus speciale sulle sfide e<br \/>\nle opportunit\u00e0 dei territori. Il cuore dell&#8217;incontro sar\u00e0<br \/>\ninfatti l&#8217;Exedra Lab, un laboratorio interattivo in cui<br \/>\nsperimentare approcci del service design applicati a sfide reali<br \/>\ndel territorio. A seguire, una tavola rotonda approfondir\u00e0 il<br \/>\nvalore delle reti collaborative. Il pomeriggio si concluder\u00e0 a<br \/>\npartire dalle 18 con un aperitivo di networking per continuare<br \/>\nil confronto e fare rete in modo informale&#8221;.<br \/>\n                                    <br \/>\u00a0\u00a0\u00a0<br \/>\n\t\t\t\tL&#8217;appuntamento \u00e8 alle 15.30 presso le P\u00e9pini\u00e8res d&#8217;Entreprises<br \/>\ndi Aosta, in via Lavoratori Vittime del Col du Mont 24.<br \/>\n                                    <br \/>\u00a0\u00a0\u00a0<\/p>\n<p class=\"article-copyright\">\n<p>Riproduzione riservata \u00a9 Copyright ANSA<\/p>\n","protected":false},"excerpt":{"rendered":"Marted\u00ec 15 settembre la sede delle P\u00e9pini\u00e8res d&#8217;Entreprises di Aosta ospiter\u00e0 &#8216;Exedra: Progettare per una complessit\u00e0 aziendale sostenibile&#8217;,&hellip;\n","protected":false},"author":3,"featured_media":661840,"comment_status":"","ping_status":"","sticky":false,"template":"","format":"standard","meta":{"footnotes":"","_share_on_mastodon":"0"},"categories":[1446],"tags":[1615,1613,1614,1611,1610,1612,203,204,1537,90,89],"class_list":["post-661839","post","type-post","status-publish","format-standard","has-post-thumbnail","category-arte-e-design","tag-arte","tag-arte-e-design","tag-arteedesign","tag-arts","tag-arts-and-design","tag-design","tag-entertainment","tag-intrattenimento","tag-it","tag-italia","tag-italy"],"share_on_mastodon":{"url":"https:\/\/pubeurope.com\/@it\/117202865822693335","error":""},"_links":{"self":[{"href":"https:\/\/www.europesays.com\/it\/wp-json\/wp\/v2\/posts\/661839","targetHints":{"allow":["GET"]}}],"collection":[{"href":"https:\/\/www.europesays.com\/it\/wp-json\/wp\/v2\/posts"}],"about":[{"href":"https:\/\/www.europesays.com\/it\/wp-json\/wp\/v2\/types\/post"}],"author":[{"embeddable":true,"href":"https:\/\/www.europesays.com\/it\/wp-json\/wp\/v2\/users\/3"}],"replies":[{"embeddable":true,"href":"https:\/\/www.europesays.com\/it\/wp-json\/wp\/v2\/comments?post=661839"}],"version-history":[{"count":0,"href":"https:\/\/www.europesays.com\/it\/wp-json\/wp\/v2\/posts\/661839\/revisions"}],"wp:featuredmedia":[{"embeddable":true,"href":"https:\/\/www.europesays.com\/it\/wp-json\/wp\/v2\/media\/661840"}],"wp:attachment":[{"href":"https:\/\/www.europesays.com\/it\/wp-json\/wp\/v2\/media?parent=661839"}],"wp:term":[{"taxonomy":"category","embeddable":true,"href":"https:\/\/www.europesays.com\/it\/wp-json\/wp\/v2\/categories?post=661839"},{"taxonomy":"post_tag","embeddable":true,"href":"https:\/\/www.europesays.com\/it\/wp-json\/wp\/v2\/tags?post=661839"}],"curies":[{"name":"wp","href":"https:\/\/api.w.org\/{rel}","templated":true}]}}