{"id":661858,"date":"2026-09-02T18:39:11","date_gmt":"2026-09-02T18:39:11","guid":{"rendered":"https:\/\/www.europesays.com\/it\/661858\/"},"modified":"2026-09-02T18:39:11","modified_gmt":"2026-09-02T18:39:11","slug":"milano-davide-cavallo-accoltellato-in-corso-como-abbraccia-i-suoi-aggressori-in-tribunale-siamo-tutti-e-sei-legati-da-un-evento-orribile-possiamo-starci-vicini-se-vogliamo","status":"publish","type":"post","link":"https:\/\/www.europesays.com\/it\/661858\/","title":{"rendered":"Milano, Davide Cavallo, accoltellato in corso Como, abbraccia i suoi aggressori in Tribunale: \u00abSiamo tutti e sei legati da un evento orribile. Possiamo starci vicini, se vogliamo\u00bb"},"content":{"rendered":"<p>    di<br \/>\n    Redazione Milano<\/p>\n<p class=\"summary-art is-line-h-12\">Per la rapina e tentato omicidio aggravato sono stati gi\u00e0 condannati in primo grado due giovani di 20 e 18 anni e sono imputati altri tre minorenni. Lo studente della Bocconi \u00e8 rimasto invalido, ma ha perdonato i suoi  aggressori<\/p>\n<p class=\"chapter-paragraph\"><a href=\"https:\/\/milano.corriere.it\/notizie\/cronaca\/26_maggio_14\/davide-cavallo-il-ragazzo-che-ha-perdonato-i-suoi-aggressori-oggi-va-di-moda-la-vendetta-ma-l-odio-non-e-logico-fa-solo-soffrire-05c9cf1c-295c-4364-9bd7-3ad427b97xlk.shtml?refresh_ce\" target=\"_blank\" rel=\"nofollow noopener\"><b>Aveva gi\u00e0 deciso di perdonare i suoi aggressori.<\/b> <\/a>E cos\u00ec, il nuovo incontro\u00a0 fra Davide Simone Cavallo, lo studente della Bocconi rimasto paralizzato dopo\u00a0 l&#8217;aggressione in corso Como e i ragazzi che lo hanno picchiato e accoltellato, \u00e8 finito con <b>un lungo abbraccio<\/b>. Lo studente e tre dei suoi cinque suoi aggressori, oggi ancora minorenni,<b> si sono intrattenuti a parlare a lungo nel cortile del Tribunale per i minorenni di Milano,<\/b>\u00a0subito dopo la seconda udienza del procedimento penale minorile. Cavallo fu rapinato e accoltellato nella notte del 12 ottobre 2025, per un bottino di 50 euro. <b>Ha rischiato di morire dissanguato.<\/b>\u00a0<\/p>\n<p class=\"chapter-paragraph\">I tre imputati minorenni hanno commesso la rapina e gli atti lesivi, calci e pugni, mentre<b> la coltellata \u00e8 stata sferrata da Alessandro Chiani, <\/b>20 anni, giudicato separatamente e <a href=\"https:\/\/milano.corriere.it\/notizie\/cronaca\/26_agosto_27\/davide-cavallo-respinta-la-richiesta-di-domiciliari-per-l-aggressore-alessandro-chiani-il-giudice-non-ammette-responsabilita-e-44eb8070-ae25-4a71-ba20-309a2d3cfxlk.shtml\" title=\"Davide Cavallo, respinta la richiesta di domiciliari per l&#039;aggressore Alessandro Chiani. Il giudice: \u00abNon ammette responsabilit\u00e0 e non ha mai risarcito\u00bb\" target=\"_blank\" rel=\"nofollow noopener\">condannato in primo grado a 20 anni di reclusione<\/a><b>, cos\u00ec come l&#8217;altro maggiorenne, Ahmed Atia, che dovr\u00e0 scontare 10 mesi e 10 giorni. <\/b>Entrambi sono di Monza. Il giudice, nelle motivazioni delle condanne, aveva evidenziato come la vittima fosse stata \u00abpestata selvaggiamente\u00bb con una<b> \u00absconsiderata e immotivata carica di violenza\u00bb<\/b> fatta di \u00ab<b>pugni, calci al volto e coltellate al ventre<\/b>\u00bb ed esplosa da un gruppo in \u00abschiacciante superiorit\u00e0 numerica per infierire contro una persona ormai sopraffatta\u00bb.    &#13;<br \/>\n&#13;<br \/>\n&#13;<br \/>\n&#13;<br \/>\n&#13;<br \/>\n&#13;<br \/>\n&#13;<br \/>\n&#13;<br \/>\n&#13;<br \/>\n&#13;<br \/>\n&#13;<br \/>\n&#13;<br \/>\n&#13;<br \/>\n&#13;<br \/>\n&#13;<br \/>\n&#13;<br \/>\n&#13;<br \/>\n&#13;<br \/>\n&#13;<br \/>\n&#13;<br \/>\n&#13;<br \/>\n&#13;<br \/>\n&#13;<br \/>\n&#13;<br \/>\n&#13;<br \/>\n&#13;<br \/>\n&#13;<br \/>\n&#13;<br \/>\n&#13;<br \/>\n&#13;<br \/>\n&#13;<br \/>\n&#13;<br \/>\n&#13;<br \/>\n&#13;<br \/>\n&#13;<br \/>\n&#13;<br \/>\n&#13;<br \/>\n&#13;<br \/>\n&#13;<br \/>\n&#13;<br \/>\n&#13;<br \/>\n&#13;<br \/>\n&#13;<br \/>\n&#13;<br \/>\n&#13;<br \/>\n&#13;<br \/>\n&#13;<br \/>\n&#13;<br \/>\n&#13;<br \/>\n&#13;<br \/>\n&#13;<br \/>\n&#13;<br \/>\n&#13;\n<\/p>\n<p class=\"chapter-paragraph\">Lo studente, tuttavia, si \u00e8 detto disponibile a incontrare in sede protetta tutti e cinque i suoi aggressori nell&#8217;ambito del<b> percorso di giustizia riparativa<\/b>. Intanto, <b>anche per il terzo minorenne arriva ora il collocamento in comunit\u00e0,<\/b> al posto della custodia in carcere. Lo ha deciso il tribunale. Gli altri due sono gi\u00e0 affidati a una comunit\u00e0 e ci resteranno.<b>\u00a0<\/b><\/p>\n<p class=\"chapter-paragraph\">\u00abOrmai non credo sia pi\u00f9 un fenomeno mediatico. <b>Siamo legati da un evento orribile tutti e sei<\/b>. Ogni volta che li vedo<b> so che possiamo starci vicini, se vogliamo,<\/b> e questo \u00e8 il percorso che tutti mi sembra abbiamo deciso di intraprendere\u00bb. ha spiegato poi Davide Simone Cavallo, a margine della seconda udienza del procedimento penale minorile. \u00abSono contento di come \u00e8 andata perch<b>\u00e9 vedo in ciascuno di loro un pochino di pi\u00f9 le risorse, non la volont\u00e0, ma le risorse per affrontare un percorso<\/b> come si deve e per parlarmi con sincerit\u00e0 e con presenza &#8211; ha proseguito Cavallo &#8211; <b>Ora c&#8217;\u00e8 un livello di presenza diverso, presenza a se stessi<\/b>, presenza all&#8217;avvenimento, che permette un percorso pi\u00f9 sentito, qualcosa di vero, non qualcosa di astratto, immaginato\u00bb.<\/p>\n<p class=\"chapter-paragraph\">\u00a0Sul punto lo studente ha ricordato che sul percorso dei ragazzi in comunit\u00e0 e in carcere durante l&#8217;estate sono state depositate delle relazioni. \u00abI ragazzi sanno che, dal punto di vista istituzionale e per la loro vita pratica, non sono criminali &#8211; ha spiegato &#8211; Non sono relegati a un contesto in cui vengono considerati come tali per sempre e questo forse \u00e8<b> il primo inizio di vedere la propria vita oltre questo avvenimento e oltre quel gesto<\/b>\u00bb. Sul suo ruolo nell&#8217;avvio anticipato del confronto, Cavallo ha respinto il merito. \u00abQuello che ho fatto \u00e8 stato estremamente personale, una necessit\u00e0 in primis mia. Ho gettato le fondamenta, ho aperto il campo, per\u00f2 non ho iniziato la partita. \u00c8 una cosa che si fa in due e posso dire che sempre di pi\u00f9 c&#8217;\u00e8 qualcuno con cui giocare in questa partita\u00bb.<\/p>\n<p class=\"is-mr-t-20 is-mr-b-20\"><b><br \/>\n                    <a href=\"https:\/\/milano.corriere.it\/?intcmp=Notizielocali_nd_010623_corriere_ss_milano\" target=\"_blank\" rel=\"nofollow noopener\">Vai a tutte le notizie di Milano<\/a><br \/>\n            <\/b><\/p>\n<p class=\"chapter-paragraph\"><b><a href=\"https:\/\/www.corriere.it\/newsletter\/?theme=41&amp;intcmp=IIIcolonna_NL_CorMilano\" target=\"_blank\" rel=\"nofollow noopener\">Iscriviti alla newsletter di Corriere Milano<\/a><\/b><\/p>\n<p class=\"is-last-update\" datetime=\"2026-09-02T20:00:43+02:00\">2 settembre 2026 ( modifica il 2 settembre 2026 | 20:00)<\/p>\n<p class=\"is-copyright\">\n            \u00a9 RIPRODUZIONE RISERVATA\n        <\/p>\n","protected":false},"excerpt":{"rendered":"di Redazione Milano Per la rapina e tentato omicidio aggravato sono stati gi\u00e0 condannati in primo grado due&hellip;\n","protected":false},"author":3,"featured_media":661859,"comment_status":"","ping_status":"","sticky":false,"template":"","format":"standard","meta":{"footnotes":"","_share_on_mastodon":"0"},"categories":[79],"tags":[550,8419,97847,30481,364878,3078,874,4644,631,364879,3705,931,790,75564,14,93,94,8506,270697,270698,3059,451,364880,4941,62374,364881,1537,90,89,16563,364882,364883,28,33021,34213,7,15,491,8158,1699,22310,3892,11,84,91,12,85,92],"class_list":["post-661858","post","type-post","status-publish","format-standard","has-post-thumbnail","category-italia","tag-accoltellato","tag-aggressori","tag-avvenimento","tag-bocconi","tag-bocconi-rimasto","tag-calci","tag-carcere","tag-cavallo","tag-cinque","tag-cinque-aggressori","tag-como","tag-comunita","tag-corso","tag-corso-como","tag-cronaca","tag-cronaca-italiana","tag-cronacaitaliana","tag-davide","tag-davide-simone","tag-davide-simone-cavallo","tag-deciso","tag-evento","tag-evento-orribile","tag-grado","tag-imputati","tag-imputati-minorenni","tag-it","tag-italia","tag-italy","tag-legati","tag-legati-evento","tag-legati-evento-orribile","tag-milano","tag-minorenni","tag-minorile","tag-news","tag-notizie","tag-percorso","tag-presenza","tag-ragazzi","tag-studente","tag-tribunale","tag-ultime-notizie","tag-ultime-notizie-e-news-di-oggi","tag-ultime-notizie-italia","tag-ultimenotizie","tag-ultimenotizieenewsdioggi","tag-ultimenotizieitalia"],"share_on_mastodon":{"url":"","error":"Validation failed: Text character limit of 500 exceeded"},"_links":{"self":[{"href":"https:\/\/www.europesays.com\/it\/wp-json\/wp\/v2\/posts\/661858","targetHints":{"allow":["GET"]}}],"collection":[{"href":"https:\/\/www.europesays.com\/it\/wp-json\/wp\/v2\/posts"}],"about":[{"href":"https:\/\/www.europesays.com\/it\/wp-json\/wp\/v2\/types\/post"}],"author":[{"embeddable":true,"href":"https:\/\/www.europesays.com\/it\/wp-json\/wp\/v2\/users\/3"}],"replies":[{"embeddable":true,"href":"https:\/\/www.europesays.com\/it\/wp-json\/wp\/v2\/comments?post=661858"}],"version-history":[{"count":0,"href":"https:\/\/www.europesays.com\/it\/wp-json\/wp\/v2\/posts\/661858\/revisions"}],"wp:featuredmedia":[{"embeddable":true,"href":"https:\/\/www.europesays.com\/it\/wp-json\/wp\/v2\/media\/661859"}],"wp:attachment":[{"href":"https:\/\/www.europesays.com\/it\/wp-json\/wp\/v2\/media?parent=661858"}],"wp:term":[{"taxonomy":"category","embeddable":true,"href":"https:\/\/www.europesays.com\/it\/wp-json\/wp\/v2\/categories?post=661858"},{"taxonomy":"post_tag","embeddable":true,"href":"https:\/\/www.europesays.com\/it\/wp-json\/wp\/v2\/tags?post=661858"}],"curies":[{"name":"wp","href":"https:\/\/api.w.org\/{rel}","templated":true}]}}