{"id":661874,"date":"2026-09-02T18:55:36","date_gmt":"2026-09-02T18:55:36","guid":{"rendered":"https:\/\/www.europesays.com\/it\/661874\/"},"modified":"2026-09-02T18:55:36","modified_gmt":"2026-09-02T18:55:36","slug":"guercino-doro-quattro-nomi-eccellenti-per-cento","status":"publish","type":"post","link":"https:\/\/www.europesays.com\/it\/661874\/","title":{"rendered":"Guercino d\u2019oro. Quattro nomi \u2018eccellenti\u2019 per Cento"},"content":{"rendered":"<p align=\"JUSTIFY\">Cento. Riconoscere e premiare talento, impegno ed eccellenza, valorizzando le persone che, attraverso il proprio percorso, contribuiscono a rappresentare e far conoscere Cento. \u00c8 questo l\u2019obiettivo del Premio \u201cGuercino d\u2019Oro\u201d, che torna gioved\u00ec 10 settembre, in apertura della 442a Fiera di Cento.<\/p>\n<p align=\"JUSTIFY\">La seconda edizione del premio sar\u00e0 ospitata nuovamente sul palco principale di Piazza del Guercino e sar\u00e0 condotta da Chiara Buratti. Un appuntamento dedicato a personalit\u00e0 e realt\u00e0 che si sono distinte nei rispettivi ambiti e che, con il proprio lavoro, le proprie capacit\u00e0 e i risultati raggiunti, hanno dato valore alla comunit\u00e0 centese.<\/p>\n<p align=\"JUSTIFY\">\u00abIl \u201cGuercino d\u2019Oro\u201d \u2013 afferma l\u2019assessore al Commercio e alle Attivit\u00e0 produttive Filippo Taddia \u2013 rappresenta un\u2019occasione importante per riconoscere pubblicamente persone che, in ambiti differenti, hanno saputo trasformare talento, studio e impegno in risultati di grande valore. Le loro storie testimoniano la ricchezza della nostra comunit\u00e0 e mostrano come il legame con Cento possa accompagnare percorsi professionali, culturali e personali capaci di affermarsi anche oltre i confini del territorio\u00bb.<\/p>\n<p align=\"JUSTIFY\">Come per l\u2019edizione precedente, il premio si articola in quattro categorie: \u201cCommercio, impresa e artigianato\u201d, \u201cAssociazionismo e sport\u201d, \u201cStampa, cultura e comunicazione\u201d e \u201cPersonaggi e istituzioni\u201d.<\/p>\n<p align=\"JUSTIFY\">Per la categoria \u201cCommercio, impresa e artigianato\u201d il riconoscimento sar\u00e0 assegnato a Giorgia Balboni, cfo della Divisione Movimento Terra di Caterpillar Italia e amministratore delegato della Holding italiana Caterpillar, per l\u2019importante ruolo raggiunto all\u2019interno di una realt\u00e0 industriale di rilievo internazionale.<\/p>\n<p align=\"JUSTIFY\">Nella categoria \u201cStampa, cultura e comunicazione\u201d sar\u00e0 premiata Giovanna Guidoboni, professoressa di Ingegneria elettrica e informatica all\u2019Universit\u00e0 del Maine, dove ricopre anche prestigiosi incarichi accademici e di ricerca, per un percorso professionale e scientifico di assoluto rilievo internazionale partito dalla sua citt\u00e0 di nascita, Casumaro.<\/p>\n<p align=\"JUSTIFY\">Per la categoria \u201cPersonaggi e istituzioni\u201d il premio andr\u00e0 ad Andrea Cavazza, renazzese, studente dell\u2019ISIT \u201cBassi Burgatti\u201d che a ottobre rappresenter\u00e0 l\u2019Italia alla sessione internazionale del progetto MEP \u2013 Model European Parliament.<\/p>\n<p align=\"JUSTIFY\">Per la categoria \u201cSport, associazionismo e volontariato\u201d sar\u00e0 premiato Paolo Passarini, per il fondamentale ruolo che ha svolto e svolge nello sviluppo del basket giovanile nella nostra citt\u00e0, prima nella Benedetto XIV e poi, dal 2016, come dirigente della Benedetto 1964, oltre che per la sua costante presenza e partecipazione alla vita della comunit\u00e0 centese.<\/p>\n<p>\t\t\t\tGrazie per aver letto questo articolo&#8230;<\/p>\n<p>Da 20 anni\u00a0<a class=\"vglnk\" href=\"https:\/\/www.estense.com\/\" rel=\"nofollow noopener\" target=\"_blank\">Estense.com<\/a>\u00a0offre una informazione indipendente ai suoi lettori e non ha mai accettato fondi pubblici per non pesare nemmeno un centesimo sulle spalle della collettivit\u00e0. Il lavoro che svolgiamo ha un costo economico non indifferente e la pubblicit\u00e0 dei privati non sempre \u00e8 sufficiente.<br \/>Per questo chiediamo a chi quotidianamente ci legge e, speriamo, ci apprezza di darci un piccolo contributo in base alle proprie possibilit\u00e0. Anche un piccolo sostegno, moltiplicato per le decine di migliaia di ferraresi che ci leggono ogni giorno, pu\u00f2 diventare fondamentale.<\/p>\n<p>\u00a0<\/p>\n<p><strong>OPPURE <\/strong>se preferisci non usare PayPal ma un normale bonifico bancario (anche periodico) puoi intestarlo a:<\/p>\n<p><strong>Scoop Media Edit<br \/><\/strong>IBAN:\u00a0<strong>IT06D0538713004000000035119 <\/strong>(Banca BPER)<br \/>Causale:\u00a0<strong>Donazione per\u00a0<a class=\"vglnk\" href=\"https:\/\/www.estense.com\/\" rel=\"nofollow noopener\" target=\"_blank\">Estense.com<\/a><\/strong><\/p>\n","protected":false},"excerpt":{"rendered":"Cento. Riconoscere e premiare talento, impegno ed eccellenza, valorizzando le persone che, attraverso il proprio percorso, contribuiscono a&hellip;\n","protected":false},"author":3,"featured_media":661875,"comment_status":"","ping_status":"","sticky":false,"template":"","format":"standard","meta":{"footnotes":"","_share_on_mastodon":"0"},"categories":[1446],"tags":[1615,1613,1614,1611,1610,4859,1612,203,204,1537,90,89],"class_list":["post-661874","post","type-post","status-publish","format-standard","has-post-thumbnail","category-arte-e-design","tag-arte","tag-arte-e-design","tag-arteedesign","tag-arts","tag-arts-and-design","tag-cento","tag-design","tag-entertainment","tag-intrattenimento","tag-it","tag-italia","tag-italy"],"share_on_mastodon":{"url":"","error":""},"_links":{"self":[{"href":"https:\/\/www.europesays.com\/it\/wp-json\/wp\/v2\/posts\/661874","targetHints":{"allow":["GET"]}}],"collection":[{"href":"https:\/\/www.europesays.com\/it\/wp-json\/wp\/v2\/posts"}],"about":[{"href":"https:\/\/www.europesays.com\/it\/wp-json\/wp\/v2\/types\/post"}],"author":[{"embeddable":true,"href":"https:\/\/www.europesays.com\/it\/wp-json\/wp\/v2\/users\/3"}],"replies":[{"embeddable":true,"href":"https:\/\/www.europesays.com\/it\/wp-json\/wp\/v2\/comments?post=661874"}],"version-history":[{"count":0,"href":"https:\/\/www.europesays.com\/it\/wp-json\/wp\/v2\/posts\/661874\/revisions"}],"wp:featuredmedia":[{"embeddable":true,"href":"https:\/\/www.europesays.com\/it\/wp-json\/wp\/v2\/media\/661875"}],"wp:attachment":[{"href":"https:\/\/www.europesays.com\/it\/wp-json\/wp\/v2\/media?parent=661874"}],"wp:term":[{"taxonomy":"category","embeddable":true,"href":"https:\/\/www.europesays.com\/it\/wp-json\/wp\/v2\/categories?post=661874"},{"taxonomy":"post_tag","embeddable":true,"href":"https:\/\/www.europesays.com\/it\/wp-json\/wp\/v2\/tags?post=661874"}],"curies":[{"name":"wp","href":"https:\/\/api.w.org\/{rel}","templated":true}]}}