{"id":661880,"date":"2026-09-02T19:00:21","date_gmt":"2026-09-02T19:00:21","guid":{"rendered":"https:\/\/www.europesays.com\/it\/661880\/"},"modified":"2026-09-02T19:00:21","modified_gmt":"2026-09-02T19:00:21","slug":"live-vuelta-a-espana-2026-tappa-di-oggi-in-diretta-matthew-brennan-cala-il-tris-a-lorca","status":"publish","type":"post","link":"https:\/\/www.europesays.com\/it\/661880\/","title":{"rendered":"LIVE Vuelta a Espa\u00f1a 2026, tappa di oggi in DIRETTA: Matthew Brennan cala il tris a Lorca"},"content":{"rendered":"<p><a href=\"https:\/\/www.oasport.it\/2026\/09\/live-vuelta-a-espana-2026-tappa-di-oggi-in-diretta-volata-non-scontata\/\" rel=\"nofollow noopener\" target=\"_blank\"><strong>CLICCA QUI PER AGGIORNARE LA DIRETTA LIVE<\/strong><\/a><\/p>\n<p><a href=\"https:\/\/www.oasport.it\/2026\/09\/classifica-vuelta-a-espana-2026-decima-tappa-enric-mas-sempre-in-vetta\/\" target=\"_blank\" rel=\"noopener nofollow\"><strong>LA CLASSIFICA GENERALE DELLA VUELTA<\/strong><\/a><\/p>\n<p>17.37 Termina qui la DIRETTA LIVE testuale della Vuelta a Espana 2026. Vi ringraziamo per aver scelto di seguire quest\u2019evento insieme a noi e vi invitiamo a rimanere sempre connessi sul nostro sito. Buon proseguimento di giornata a tutti voi.<\/p>\n<p>17.36 Domani una frazione con ben 5 GPM, tra cui l\u2019arrivo su a Calar Alto. Ci sar\u00e0 sicuramente lotta tra i big, vedremo se solo per la classifica o anche per la vittoria di tappa.<\/p>\n<p>17.35 Con questa vittoria Brennan si prende il secondo posto nella classifica a punti a discapito di Romele, portandosi a 57 lunghezze da Van Aert.<\/p>\n<p>17.33 Ecco invece la top ten della classifica generale, invariata rispetto a ieri:<\/p>\n<p><strong>1 \u2013 MAS Enric MOV 35:59:02 \u2013<\/strong><br \/>2 \u2013 ROGLI\u010c Primo\u017e RBH 1:18 \u2013<br \/>3 \u2013 GALL Felix DCT 1:39 \u2013<br \/>4 \u2013 ONLEY Oscar NCI 2:20 \u2013<br \/>5 \u2013 CARAPAZ Richard EFE 3:26 \u2013<br \/>6 \u2013 SKJELMOSE Mattias LTK 3:55 \u2013<br \/>7 \u2013 KUSS Sepp TVL 4:09 \u2013<br \/>8 \u2013 TEJADA Harold XAT 4:39 \u2013<br \/>9 \u2013 M\u00dcHLBERGER Gregor DCT 7:33 \u2013<br \/>10 \u2013 OMRZEL Jakob TBV 8:05 \u2013<\/p>\n<p>17.32 Ecco la top ten di tappa:<\/p>\n<p>1 BRENNAN Matthew Team Visma | Lease a Bike 3:17:18<br \/>2 COQUARD Bryan Cofidis 0:00<br \/>3 MEEUS Jordi Red Bull \u2013 BORA \u2013 hansgrohe 0:00<br \/>4 CORT Magnus Uno-X Mobility 0:00<br \/>5 VAN AERT Wout Team Visma | Lease a Bike 0:00<br \/>6 HOFSTETTER Hugo NSN Cycling Team 0:00<br \/>7 TRONCHON Bastien Groupama \u2013 FDJ United 0:00<br \/><strong>8 ROMELE Alessandro XDS Astana Team 0:00<\/strong><br \/>9 GOVEKAR Matev\u017e Bahrain \u2013 Victorious 0:00<br \/>10 AULAR Orluis Movistar Team 0:00<\/p>\n<p>17.30 Oltre al lavoro fatto Van Aert \u00e8 comunque riuscito a centrare un quinto posto, piazzamento importante per la classifica a punti.<\/p>\n<p>17.29 22esima vittoria in carriera per Matthew Brennan.<\/p>\n<p>17.28 Brennan deve ringraziare Laporte e Van Aert per questa vittoria. La Visma aveva anticipato troppo il treno, perdendosi ai -3 km. Van Aert \u00e8 stato poi bravo a riportare il britannico sulla ruota di Laporte, che ha preso in testa l\u2019ultimo km. Il belga ha preso la testa a circa 500 metri e ha sbagliato una curva a 180\u00b0, riuscendo per\u00f2 s\u00f9bito a rimettersi davanti al gruppo. Brennan ha successivamente lanciato la sua volata, che nessuno \u00e8 riuscito a battere.<\/p>\n<p>17.25 Secondo posto per Coquard, terzo per Meeus.<\/p>\n<p>17.24 TRIPLETTA DI MATTHEW BRENNAN A LORCA! Vince ancora il britannico, che si conferma il miglior velocista qua alla Vuelta.<\/p>\n<p>17.23 Laporte prende in testa l\u2019ultimo km, Brennan in terza posizione dietro a Van Aert.<\/p>\n<p>17.22 ULTIMO KM! Van Aert ha riportato Brennan davanti, la strada salir\u00e0 leggermente fino all\u2019arrivo.<\/p>\n<p>17.21 2 km all\u2019arrivo. La Uno-X ha preso in mano la situazione, mentre la Visma si \u00e8 persa in mezzo al gruppo.<\/p>\n<p>17.20 Si ferma Armirail, il rischio \u00e8 che la Visma abbia preso la testa della corsa troppo presto.<\/p>\n<p>17.19 Dietro il treno della Visma c\u2019\u00e8 quello della Red Bull di Meeus.<\/p>\n<p>17.18 Ethan Hayter vince il premio di combattivo di giornata.<\/p>\n<p>17.17 5 km alla conclusione, gruppo allungato con la Visma davanti.<\/p>\n<p>17.14 Iniziano a formarsi i treni delle squadre. Quello della Visma \u00e8 sulla destra della carreggiata a sinistra invece c\u2019\u00e8 la Netcompany INEOS.<\/p>\n<p>17.11 10 km al traguardo!<\/p>\n<p>17.08 E\u2019 la quarta volta nella storia che la Vuelta arriva la Lorca, l\u2019ultima occasione \u00e8 stata nel 2010 quando ottenne il successo Tyler Farrar. Anche un italiano figura nelle vittorie a Lorca, \u00e8 Umberto Drei che vinse qua nella Vuelta del 1950.<\/p>\n<p>17.05 3h di corsa superate, media dei 44.8 km\/h.<\/p>\n<p>17.02 Insieme alla Visma c\u2019\u00e8 anche la Uno-X di Magnus Cort a fare l\u2019andatura in gruppo.<\/p>\n<p>17.01 20 km al termine della frazione.<\/p>\n<p>16.58 Strada che continua a scendere leggermete in questa fase.<\/p>\n<p>16.55 Adesso \u00e8 la Visma a tenere alta l\u2019andatura in gruppo per evitare altri attacchi.<\/p>\n<p>16.52 30 km al termine della tappa.<\/p>\n<p>16.49 Van Aert scatta e si prende il GPM, che il belga voglia provare a vincere anche la classifica scalatori?<\/p>\n<p>16.48 Ripresi i due Dunbar e Van Aert da un gruppo allungatissimo che continua a perdere pezzi.<\/p>\n<p>16.46 Fa la differenza Dunbar, con Van Aert che gli si mette a ruota. Dietro \u00e8 la Red Bull che insegue.<\/p>\n<p>16.44 Grande accelerazione della Pinarello, ma al momento non sembrano perdere le ruote i velocisti puri. Ha finito il lavoro Calzoni, adesso tocca a Dunbar.<\/p>\n<p>16.41 La Pinarello Q36.5 pro Cycling Team fa l\u2019andatura in gruppo, mancano 4 km al termine della salita.<\/p>\n<p>16.39 Ripresi i due attaccanti, torna compatto il gruppo.<\/p>\n<p>16.36 Scende sotto i 10\u2033 il vantaggio di Hayter e Warbasse.<\/p>\n<p>16.35 Caduta in gruppo, ad aver le condizioni peggiori \u00e8 Hamish Mckemzie (Jayco AlUla).<\/p>\n<p>16.34 Inizia l\u2019Alto de Aledo (7.8 km al 4.5% medio, terza categoria).<\/p>\n<p>16.31 Hayter si prende lo sprint intermedio davanti a Warbasse. Van Aert regola il gruppo, battendo Coquard e Romele.<\/p>\n<p>16.28 Un km al traguardo volante.<\/p>\n<p>16.25 Ethan Hayter (Soudal Quick Step) e Larry Warbasse (Tudor Pro Cycling Team) sono i due corridori in testa alla corsa.<\/p>\n<p>16.22 Meno di 50 km alla conclsuione della tappa.<\/p>\n<p>16.19 L\u2019ascesa dell\u2019Alto de Aledo (7.8 km al 4.5% medio, terza categoria) inizier\u00e0 tra circa 12 km e potrebbe essere teatro di attacchi. Molte squadre sapendo di essere tagliate fuori dalla volata aspetteranno probabilmente queste rampe per tentare un attacco e mettere in difficolt\u00e0 i team dei velocisti.<\/p>\n<p>16.16 Dopo la delusione di ieri, probabilmente oggi Van Aert far\u00e0 da ultimo uomo a Brennan che ha dimostrato di essere pi\u00f9 prolifico rispetto al belga.<\/p>\n<p>16.13 In testa al gruppo sono sempre Cofidis e Visma adettare il ritmo.<\/p>\n<p>16.10 E\u2019 di 25\u2033 il vantaggio sei due fuggitivi, per il gruppo la situazione \u00e8 perfetta: in questo modo tiene due atleti davanti che non preoccupano ma che non invogliano gli scatti di altri corridori.<\/p>\n<p>16.07 60 km all\u2019arrivo.<\/p>\n<p>16.04 Tra i due atleti Hayter \u00e8 il pi\u00f9 giovane con 27 anni, mentre Warbasse ne ha 36.<\/p>\n<p>16.01 Sono 25 le vittorie in carriera per Ethan Hayter, mentre due quelle per Larry Warbasse. Nessuno dei due ha mai vinto una tappa qui alla Vuelta.<\/p>\n<p>15.58 Ethan Hayter (Soudal Quick Step) e Larry Warbasse (Tudor Pro Cycling Team) hanno circa 20\u2033 di vantaggio sul gruppo.<\/p>\n<p>15.55 Mancano 30 km al traguardo volante di Totana.<\/p>\n<p>15.52 Temperatura di 31 \u00b0C sulla corsa, in questo momento.<\/p>\n<p>15.51 Attacco di Hayter seguito da Warbasse, Visma e Cofidis si mettono s\u00f9bito a inseguire.<\/p>\n<p>15.49 Rimangono da affrontare 740 metri di dislivello.<\/p>\n<p>15.46 Strada che tende a salire leggermente in questo momento, gruppo molto tranquillo in questa fase della corsa.<\/p>\n<p>15.43 80 km alla conclusione, adesso potrebbero esserci nuovi attacchi in gruppo.<\/p>\n<p>15.42 Torna compatto il gruppo.<\/p>\n<p>15.39 Diminuisce il gap tra i due plotoni, tra poco ci potrebbe essere il ricongiungimento.<\/p>\n<p>15.36 Circa 40\u2033 separano i due gruppi.<\/p>\n<p>15.33 Cambia la direzione del vento, nel gruppo dietro comunque non dovrebbe essere rimasto nessu big.<\/p>\n<p>15.30 Improvvisa accelerata in testa al gruppo: il plotone potrebbe spaccarsi anche grazie al vento laterale. L\u2019iniziativa \u00e8 stata presa da Pello Bilbao (Bahrain-Victorious).<\/p>\n<p>15.27 Scende a 30\u2033 il margine dei quattro battistrada.<\/p>\n<p>15.24 Visma e Cofidisi si stanno alternando in testa al gruppo: l\u2019obiettivo \u00e8 quello di controllare l\u2019azione dei quattro attaccanti.<\/p>\n<p>15.21 Il gruppo oramai vede i quattro battistrada, che a breve potrebbero anche rialzarsi.<\/p>\n<p>15.18 Mancano 100 km al traguardo.<\/p>\n<p>15.15 Continua a recuperare il gruppo: testa della corsa con 44\u2033 di margine sul plotone.<\/p>\n<p>15.12 La media della prima ora di corsa \u00e8 di 43,7 km\/h.<\/p>\n<p>15.09 Accelerata da parte del plotone, il vantaggio degli attaccanti scende a 54\u2033.<\/p>\n<p>15.06 Il gruppo in controllo sulla fuga: margine dei battistrada di 1\u201920\u201d.<\/p>\n<p>15.03 Anche Jordi Meeus (Red Bull \u2013 BORA \u2013 hangrohe) cercher\u00e0 la prima vittoria in questa edizione della Vuelta a Espana 2026.<\/p>\n<p>15.00 La temperatura sulla corsa \u00e8 di 28\u00b0.<\/p>\n<p>14.57 La corsa sta transitando\u00a0 nel comune di Los Alcazares.<\/p>\n<p>14.54 In testa al gruppo a fare l\u2019andatura ci sono Team Visma | Lease a Bike e Cofidis, le due formazioni di Matthew Brennan e Bryan Coquard.<\/p>\n<p>14.51 Ricordiamo la composizione della testa della corsa: Sinuh\u00e9 Fernandez (Burgos Burpellet BH), Domen Novak (UAE Team Emirates-XRG), Alessandro Covi (Team Jayco AlUla) ed Ethan Hayter (Soudal Quick-Step).<\/p>\n<p>14.48 L\u2019azzurro Alessandro Romele (XDS Astana Team) punta a dare continuit\u00e0 alle buone prestazioni in queste prime dieci tappe.<\/p>\n<p>14.45 Ethan Hayter ha sfiorato la vittoria nella frazione inaugurale della Vuelta a Espana 2026, chiudendo al secondo posto appena nove centesimi da Pogacar.<\/p>\n<p>14.42 Sale a 1\u201925\u201d il vantaggio dei quattro battistrada.<\/p>\n<p>14.39 Mancano 129 km al traguardo.<\/p>\n<p>14.36 Quest\u2019oggi si arriva a Lorca, comune situato nella comunit\u00e0 autonoma di Murcia.<\/p>\n<p>14.33 Scende sotto il 1\u2032 il margine dei quattro battistrada.<\/p>\n<p>14.30 Tra gli attaccanti quello meglio piazzato in classifica generale \u00e8 Covi, centotrentaseiesimo a 1:58:02 da Mas.<\/p>\n<p>14.27 Nessuno dei fuggitivi preoccupa in ottica classifica generale.<\/p>\n<p>14.24 Il percorso odierno presenta soltanto un GPM.<\/p>\n<p>14.21 In testa al gruppo c\u2019\u00e8 gi\u00e0 la Visma a fare l\u2019andatura.<\/p>\n<p>14.18 Il margine della testa della corsa sul gruppo \u00e8 di 1\u201905\u201d.<\/p>\n<p>14.15 Sinuh\u00e9 Fernandez (Burgos Burpellet BH) si riporta sui tre battistrada.<\/p>\n<p>14.12 I tre attaccanti sono Domen Novak (UAE Team Emirates-XRG), Alessandro Covi (Team Jayco AlUla) ed Ethan Hayter (Soudal Quick-Step).<\/p>\n<p>14.09 Attaccano subito in tre uomini.<\/p>\n<p>14.06 Partita ufficialmente l\u2019undicesima frazione!<\/p>\n<p>14.05 Corsa avara di soddisfazioni per il corridore danese, che dopo un ottimo Tour de France sperava di ripetersi anche sulle strade spagnole.<\/p>\n<p>14.03 Non prender\u00e0 il via quest\u2019oggi Mads Pedersen (Lidl-Trek).<\/p>\n<p>14.00 Tutto pronto per l\u2019inizio del tratto di trasferimento.<\/p>\n<p>Buongiorno amici di <strong>OA Sport<\/strong> e benvenuti alla <strong>DIRETTA LIVE testuale<\/strong> dell\u2019<strong>undicesima tappa<\/strong> della <strong>Vuelta a Espana 2026<\/strong>, con partenza da <strong>Cartagena<\/strong> e arrivo a <strong>Lorca<\/strong>. Quella di oggi sembra poter essere una grande occasione per i velocisti, ma non sar\u00e0 scontato.<\/p>\n<p>Il percorso misura <strong>153.1 km<\/strong>, con 1310 metri di dislivello. I primi 15 km saranno s\u00f9bito mossi e serviranno sicuramente ai corridori per formare una fuga. La tappa proceder\u00e0 poi in modo regolare fino ai -42 dall\u2019arrivo, quando ci sar\u00e0 il traguardo volante di <strong>Totana<\/strong> e 400 metri dopo inizier\u00e0 la scalata all\u2019<strong>Alto de Aledo (7.8 km al 4.5% medio, terza categoria)<\/strong>. Dalla cima si rimarr\u00e0 in quota fino alla conclusione e ci saranno da affrontare 32 km.<\/p>\n<p>Il grande favorito \u00e8 <strong>Matthew Brennan (Team Visma | Lease a Bike)<\/strong>, vincitore gi\u00e0 di due tappe qua alla Vuelta. Il britannico pu\u00f2 contare soprattutto su un treno da sogno, con due ultimi uomini come Laporte e Van Aert che hanno la possibilit\u00e0 di metterlo in condizione perfetta per lanciare lo sprint. <strong>Bryan Coquard (Cofidis)<\/strong> ha conquistato l\u2019ultima volata della corsa e oggi andr\u00e0 a caccia del bis. Una vittoria in un Grande Giro d\u00e0 sempre morale ai corridori che la ottengono, per la squadra francese sarebbero oro due successi qui. Il terzo incomodo \u00e8 <strong>Jordi Meeus (Red Bull BORA \u2013 hansgroe)<\/strong>. Il belga ha gi\u00e0 ottenuto due podi negli scorsi sprint, vedremo se oggi riuscir\u00e0 a migliorare questi risultati.<\/p>\n<p>La grande incognita \u00e8 l\u2019ascesa nel finale, su cui alcuni team potrebbero fare la differenza. <strong>Mads Pedersen<\/strong> e la sua Lidl Trek sono sicuramente i pi\u00f9 pericolosi sotto questo punto di vista. Pi\u00f9 volte la squadra tedesca ha messo in atto un\u2019azione sulle salite per favorire la resistenza dello sprinter danese e far perdere le ruote ai velocisti puri, anche oggi ci potrebbe provare. Un altro nome che sarebbe adatto ad un\u2019azione del genere \u00e8 <strong>Magnus Cort (Uno-X Mobility)<\/strong>, con la squadra norvegese che in questo caso darebbe un grande contributo alla Lidl. Anche Van Aert e la Visma hanno gi\u00e0 fatto una tattica simile, ma con Brennan l\u2019obiettivo sar\u00e0 arrivare in volata. Attenzione anche ad <strong>Axel Laurance (Netcompany INEOS)<\/strong> e il terzetto italiano <strong>Vincenzo Albanese (EF Education EasyPost)<\/strong>, <strong>Alessandro Romele (XDS Astana Team)<\/strong> e <strong>Alberto Dainese (Soudal Quick Step)<\/strong>. Difficile che le squadre dei velocisti si lascino sfuggire un\u2019occasione del genere, ma qualche team prover\u00e0 a mandare qualcuno in fuga. Attenzione allora alle formazioni di Burgos Burpellet BH, Equipos Kern Pharma e Lotto Intermarch\u00e9, sempre molto attive nelle prime fasi di corsa.<\/p>\n<p><strong>OA Sport<\/strong> vi offre, quindi, la <strong>DIRETTA LIVE testuale<\/strong> dell\u2019<strong>undicesima tappa<\/strong> della <strong>Vuelta a Espana 2026<\/strong>, 81esima edizione della corsa a tappe spagnola. L\u2019inizio della corsa \u00e8 previsto per le <strong>14.05<\/strong>. Buon divertimento!<\/p>\n","protected":false},"excerpt":{"rendered":"CLICCA QUI PER AGGIORNARE LA DIRETTA LIVE LA CLASSIFICA GENERALE DELLA VUELTA 17.37 Termina qui la DIRETTA LIVE&hellip;\n","protected":false},"author":3,"featured_media":661881,"comment_status":"","ping_status":"","sticky":false,"template":"","format":"standard","meta":{"footnotes":"","_share_on_mastodon":"0"},"categories":[176],"tags":[39377,242774,206289,72070,1522,1523,1537,90,89,38769,1528,29893,234109,29064,245,244,7845,37023],"class_list":["post-661880","post","type-post","status-publish","format-standard","has-post-thumbnail","category-sport","tag-alberto-dainese","tag-alessandro-romele","tag-axel-laurance","tag-bryan-coquard","tag-diretta-ciclismo","tag-diretta-live-ciclismo","tag-it","tag-italia","tag-italy","tag-jordi-meeus","tag-live-ciclismo","tag-mads-pedersen","tag-magnus-cort","tag-matthew-brennan","tag-sport","tag-sports","tag-vincenzo-albanese","tag-vuelta-a-espana-2026"],"share_on_mastodon":{"url":"https:\/\/pubeurope.com\/@it\/117202991523876691","error":""},"_links":{"self":[{"href":"https:\/\/www.europesays.com\/it\/wp-json\/wp\/v2\/posts\/661880","targetHints":{"allow":["GET"]}}],"collection":[{"href":"https:\/\/www.europesays.com\/it\/wp-json\/wp\/v2\/posts"}],"about":[{"href":"https:\/\/www.europesays.com\/it\/wp-json\/wp\/v2\/types\/post"}],"author":[{"embeddable":true,"href":"https:\/\/www.europesays.com\/it\/wp-json\/wp\/v2\/users\/3"}],"replies":[{"embeddable":true,"href":"https:\/\/www.europesays.com\/it\/wp-json\/wp\/v2\/comments?post=661880"}],"version-history":[{"count":0,"href":"https:\/\/www.europesays.com\/it\/wp-json\/wp\/v2\/posts\/661880\/revisions"}],"wp:featuredmedia":[{"embeddable":true,"href":"https:\/\/www.europesays.com\/it\/wp-json\/wp\/v2\/media\/661881"}],"wp:attachment":[{"href":"https:\/\/www.europesays.com\/it\/wp-json\/wp\/v2\/media?parent=661880"}],"wp:term":[{"taxonomy":"category","embeddable":true,"href":"https:\/\/www.europesays.com\/it\/wp-json\/wp\/v2\/categories?post=661880"},{"taxonomy":"post_tag","embeddable":true,"href":"https:\/\/www.europesays.com\/it\/wp-json\/wp\/v2\/tags?post=661880"}],"curies":[{"name":"wp","href":"https:\/\/api.w.org\/{rel}","templated":true}]}}