{"id":661910,"date":"2026-09-02T19:25:14","date_gmt":"2026-09-02T19:25:14","guid":{"rendered":"https:\/\/www.europesays.com\/it\/661910\/"},"modified":"2026-09-02T19:25:14","modified_gmt":"2026-09-02T19:25:14","slug":"cesare-cremonini-il-concerto-al-circo-massimo-arriva-in-tv","status":"publish","type":"post","link":"https:\/\/www.europesays.com\/it\/661910\/","title":{"rendered":"Cesare Cremonini il concerto al Circo Massimo arriva in tv"},"content":{"rendered":"<p>                                Lorenzo Jovanotti, Elisa e Luca Carboni ospiti d&#8217;eccezione tra canzoni, emozioni e immagini inedite dal backstage<\/p>\n<p>                    2 settembre &#8211; 08:24  &#8211; MILANO<\/p>\n<p class=\"paragraph\" spellcheck=\"true\">Lo spettacolare concerto di <b>Cesare Cremonini al Circo Massimo di Roma<\/b> dello scorso 6 giugno arriva in tv questa sera,<b> mercoled\u00ec 2 settembre, su Rai 1<\/b> e in streaming su RaiPlay dalle 21.30 circa.\u00a0<\/p>\n<p class=\"paragraph\" spellcheck=\"true\">Momento magico per il <a href=\"https:\/\/www.gazzetta.it\/spettacolo-tv-gossip\/11-06-2026\/cesare-cremonini-e-la-fidanzata-caterina-licini-insieme-sul-palco.shtml?intcmp=hyperlink-articolo-gazit\" title=\"Cesare Cremonini sul palco con la fidanzata Caterina Licini: \" grazie=\"\" per=\"\" aver=\"\" ballato=\"\" con=\"\" me=\"\" rel=\"nofollow noopener\" target=\"_blank\">cantante<\/a> che in queste ore ha annunciato che il suo<b> decimo album<\/b>,<b> Amateur<\/b>, uscir\u00e0 il prossimo 23 ottobre. Un&#8217;uscita a sorpresa che arriva soltanto tre mesi dopo la fine del suo tour in cui ha emozionato i suoi fan con i brani pi\u00f9 importante della sua carriera. L&#8217;album \u00e8 stato registrato allo<b> Studio13 di Londra e Cremonini<\/b> ci ha tenuto a specificare che \u00e8 stato tutto realizzato, scritto, suonato e registrato senza alcun supporto dell&#8217;intelligenza artificiale. Dopo l&#8217;uscita dell&#8217;album, Amateur diventer\u00e0 anche un tour nei palasport d&#8217;Italia che partir\u00e0 il 27 novembre dall&#8217;Unipol Arena di Bologna, per poi andare a Torino e a Milano all&#8217;Unipol Forum.\u00a0<\/p>\n<p>        ospiti sul palco\u2014 \u00a0<\/p>\n<p class=\"paragraph\" spellcheck=\"true\">Un annuncio strategico per Cremonini che cos\u00ec promuove in un colpo solo sia il concerto in tv che l&#8217;uscita dell&#8217;album che \u00e8 gi\u00e0 disponibile in pre-order. <b>Roma Baby. Cremonini Live Circo Massimo<\/b> questa sera su Rai 1 e in streaming su RaiPlay saranno due ore e venti di grande spettacolo televisivo in una location da sogno come quella dell&#8217;arena del centro di Roma. Non solo ci saranno le immagini del concerto ma sar\u00e0 un vero e proprio speciale televisivo con contenuti inediti del backstage. Il pubblico potr\u00e0 vedere <b>Cesare Cremonini <\/b>sia prima che dopo lo show, dando uno sguardo a come funziona la macchina produttiva di uno spettacolo dal vivo. Greg Williams,\u00a0fotografo e filmmaker di fama internazionale, ha realizzato alcuni di questi contenuti inediti. Sul monumentale palco che era stato allestito lo scorso 6 giugno a Roma, sono saliti anche\u00a0<b>Lorenzo Jovanotti, Elisa e Luca Carboni,<\/b> ospiti speciali del concerto che rivedremo anche in tv.\u00a0<\/p>\n<p class=\"is-above-copyright is-mr-r-10\" spellcheck=\"true\">La Gazzetta dello Sport<\/p>\n<p class=\"is-copyright\">\u00a9 RIPRODUZIONE RISERVATA<\/p>\n","protected":false},"excerpt":{"rendered":"Lorenzo Jovanotti, Elisa e Luca Carboni ospiti d&#8217;eccezione tra canzoni, emozioni e immagini inedite dal backstage 2 settembre&hellip;\n","protected":false},"author":3,"featured_media":661911,"comment_status":"","ping_status":"","sticky":false,"template":"","format":"standard","meta":{"footnotes":"","_share_on_mastodon":"0"},"categories":[1443],"tags":[8133,364890,51692,5295,2478,51831,40216,15061,31844,16444,50454,1569,11235,203,204,1537,90,89,1285,1538,1539,9424,2848,987,253,12099],"class_list":["post-661910","post","type-post","status-publish","format-standard","has-post-thumbnail","category-musica","tag-album","tag-album-amateur","tag-amateur","tag-arena","tag-arriva","tag-backstage","tag-carboni","tag-cesare","tag-cesare-cremonini","tag-circo","tag-circo-massimo","tag-concerto","tag-cremonini","tag-entertainment","tag-intrattenimento","tag-it","tag-italia","tag-italy","tag-massimo","tag-music","tag-musica","tag-ospiti","tag-rai","tag-roma","tag-tv","tag-uscita"],"share_on_mastodon":{"url":"https:\/\/pubeurope.com\/@it\/117203089818393403","error":""},"_links":{"self":[{"href":"https:\/\/www.europesays.com\/it\/wp-json\/wp\/v2\/posts\/661910","targetHints":{"allow":["GET"]}}],"collection":[{"href":"https:\/\/www.europesays.com\/it\/wp-json\/wp\/v2\/posts"}],"about":[{"href":"https:\/\/www.europesays.com\/it\/wp-json\/wp\/v2\/types\/post"}],"author":[{"embeddable":true,"href":"https:\/\/www.europesays.com\/it\/wp-json\/wp\/v2\/users\/3"}],"replies":[{"embeddable":true,"href":"https:\/\/www.europesays.com\/it\/wp-json\/wp\/v2\/comments?post=661910"}],"version-history":[{"count":0,"href":"https:\/\/www.europesays.com\/it\/wp-json\/wp\/v2\/posts\/661910\/revisions"}],"wp:featuredmedia":[{"embeddable":true,"href":"https:\/\/www.europesays.com\/it\/wp-json\/wp\/v2\/media\/661911"}],"wp:attachment":[{"href":"https:\/\/www.europesays.com\/it\/wp-json\/wp\/v2\/media?parent=661910"}],"wp:term":[{"taxonomy":"category","embeddable":true,"href":"https:\/\/www.europesays.com\/it\/wp-json\/wp\/v2\/categories?post=661910"},{"taxonomy":"post_tag","embeddable":true,"href":"https:\/\/www.europesays.com\/it\/wp-json\/wp\/v2\/tags?post=661910"}],"curies":[{"name":"wp","href":"https:\/\/api.w.org\/{rel}","templated":true}]}}