{"id":661933,"date":"2026-09-02T19:43:32","date_gmt":"2026-09-02T19:43:32","guid":{"rendered":"https:\/\/www.europesays.com\/it\/661933\/"},"modified":"2026-09-02T19:43:32","modified_gmt":"2026-09-02T19:43:32","slug":"uae-team-emirates-xrg-mauro-gianetti-aggiorna-sulle-condizioni-di-tadej-pogacar-domani-lo-operano-e-presto-per-capire-se-correra-il-finale-di-stagione","status":"publish","type":"post","link":"https:\/\/www.europesays.com\/it\/661933\/","title":{"rendered":"UAE Team Emirates XRG, Mauro Gianetti aggiorna sulle condizioni di Tadej Poga\u010dar: &#8220;Domani lo operano. \u00c8 presto per capire se correr\u00e0 il finale di stagione&#8221;"},"content":{"rendered":"<p>\t\t<img width=\"1200\" height=\"800\" src=\"https:\/\/www.europesays.com\/it\/wp-content\/uploads\/2026\/09\/1287254613.jpg\" class=\"attachment-full size-full wp-post-image\" alt=\"\" data-main-img=\"1\" decoding=\"async\" fetchpriority=\"high\"  \/><\/p>\n<p>\t\t\t\t\t\t\t \u00a9 Sirotti<\/p>\n<p>\t\t\t\t\t<a href=\"https:\/\/cyclingpro.net\/spaziociclismo\/altro\/scopri-lapp-ufficiale-di-spaziociclismo\/\" title=\"\" rel=\"nofollow noopener\" target=\"_blank\"><br \/>\n\t\t\t\t\t\t<img loading=\"lazy\" decoding=\"async\" src=\"https:\/\/www.europesays.com\/it\/wp-content\/uploads\/2025\/09\/1758060682_662_Banner-App-SpazioCiclismo.png\" alt=\"\" width=\"728\" height=\"91\"\/><br \/>\n\t\t\t\t\t<\/a><\/p>\n<p><strong>Mauro Gianetti\u00a0<\/strong>racconta la situazione di <a href=\"https:\/\/cyclingpro.net\/spaziociclismo\/worldtour\/uae-team-emirates-xrg-quando-torna-tadej-pogacar-in-caso-di-nuova-caduta-rischierebbe-molto-persino-la-paralisi-ma-ci-sono-pareri-discordanti\/\" target=\"_blank\" rel=\"noopener nofollow\"><strong>Tadej Poga\u010dar<\/strong><\/a> dopo la caduta alla\u00a0<strong>Vuelta a Espa\u00f1a 2026<\/strong>. Il team manager della\u00a0<strong>UAE Team Emirates XRG <\/strong>\u00e8 ben consapevole della seriet\u00e0 dell\u2019infortunio dello sloveno, terminato a terra nel corso dell\u2019ottava frazione del Grand Tour spagnolo. <a href=\"https:\/\/cyclingpro.net\/spaziociclismo\/vuelta-2026\/vuelta-a-espana-2026-il-bilancio-medico-di-tadej-pogacar-trauma-cranico-frattura-della-clavicola-e-di-una-vertebra\/\" target=\"_blank\" rel=\"noopener nofollow\">I primi esami strumentali hanno confermato una commozione cerebrale e una frattura alla clavicola e a una vertebra<\/a>, rimediate proprio in occasione della caduta che gli \u00e8 costata il ritiro dalla corsa. Adesso bisogner\u00e0 capire i tempi di recupero del due volte iridato, che aveva messo il tris mondiale nel mirino in occasione della rassegna canadese, in programma a fine settembre. Insomma, appena un mese dopo il brutto incidente.<\/p>\n<p> <a href=\"https:\/\/cyclingpro.net\/spaziociclismo\/abbonati\/\" rel=\"nofollow noopener\" target=\"_blank\"><img decoding=\"async\" src=\"https:\/\/www.europesays.com\/it\/wp-content\/uploads\/2026\/07\/Banner-AdFree-SpazioCiclismo.png\"\/><\/a><\/p>\n<p class=\"_vpve1h4 _vpve1h5 _vpve1hh _vpve1hj _vpve1h1d text\"><a href=\"https:\/\/www.ad.nl\/wielrennen\/een-vrij-ingrijpende-operatie-tadej-pogacar-gaat-al-snel-onder-het-mes-na-zware-valpartij-in-vuelta~a1dd3521\/?fbclid=IwY2xjawUCdk1wZG9mBWV4dG4DYWVtAjEwAGJyaWQRMGJodFZtVTlVM2FqUGY2THlzcnRjBmFwcF9pZBAyMjIwMzkxNzg4MjAwODkyAAEeXA0D2LG7V2JX99BBGbzPKpsVtfIA4PbWXNE2afq3jitbd8fAjV1zcXXgpLk_aem_araZ76VBC2cZfBz3ez7bhg&amp;referrer=https%3A%2F%2Fl.facebook.com%2F\" target=\"_blank\" rel=\"noopener nofollow\">In un\u2019intervista riportata da AD.nl<\/a>, il team manager della <strong>UAE Team Emirates \u2013 XRG <\/strong>ha condiviso qualche aggiornamento sulle condizioni del campione del mondo: \u201c<strong>Tadej sta bene, vista la situazione in cui si trova, perch\u00e9 lo shock \u00e8 stato grande<\/strong>. Ha sub\u00ecto una commozione cerebrale piuttosto grave, ma sta andando bene. Ero molto spaventato perch\u00e9 quando vedi i corridori cadere, sai che la velocit\u00e0 \u00e8 cos\u00ec alta che si fanno male ad ogni caduta. <strong>Quando ho visto che si era alzato e voleva continuare la gara, mi sono sentito un po\u2019 sollevato<\/strong>. Ho pensato tra me e me: \u2018Ok, si alza, cammina e vuole andare avanti.\u2019 Poi era chiaro che non poteva farlo\u201d.<\/p>\n<p>\u201c<strong>Se tutto va bene, potr\u00e0 essere operato alla clavicola domani (marted\u00ec, ndr)<\/strong> \u2013 ha poi aggiunto\u00a0<strong>Mauro Gianetti\u00a0<\/strong>\u2013 Poich\u00e9 si tratta di una frattura scomposta, \u00e8 un\u2019operazione piuttosto complicata. <strong>Il resto della stagione? \u00c8 ancora troppo presto per dire qualcosa a riguardo<\/strong>. Prima dobbiamo vedere come andr\u00e0 l\u2019operazione e come si riprende. Dopo di questo, avremo un\u2019idea migliore della situazione e capiremo se potr\u00e0 tornare in tempo per il finale della stagione\u201d. Serviranno dunque alcuni giorni per capire le possibilit\u00e0 dello sloveno in questo finale di stagione.<\/p>\n<p>Seguici<\/p>\n<p>\t\t\t\t\t\t\t\t\t\t<a href=\"https:\/\/news.google.com\/publications\/CAAqKQgKIiNDQklTRkFnTWFoQUtEbU41WTJ4cGJtZHdjbTh1Ym1WMEtBQVAB?hl=it&amp;gl=IT&amp;ceid=IT%3Ait\" title=\"Google News\" target=\"_blank\" rel=\"nofollow noopener\" class=\"post-followus-btn google-new-btn\"><br \/>\n\t\t\t\t\t\t<img decoding=\"async\" src=\"https:\/\/cyclingpro.net\/spaziociclismo\/wp-content\/themes\/jannah\/assets\/images\/google-news.svg\" alt=\"Google News\" loading=\"lazy\" width=\"120\" height=\"22\"\/><br \/>\n\t\t\t\t\t<\/a><br \/>\n\t\t\t\t\t\t\t\t\t\t<a href=\"https:\/\/flipboard.com\/@SpazioCiclismo\" title=\"Flipboard\" target=\"_blank\" rel=\"nofollow noopener\" class=\"post-followus-btn flipboard-btn\"><br \/>\n\t\t\t\t\t\t<img decoding=\"async\" src=\"https:\/\/cyclingpro.net\/spaziociclismo\/wp-content\/themes\/jannah\/assets\/images\/flipboard.svg\" alt=\"Flipboard\" loading=\"lazy\" width=\"152\" height=\"30\"\/><br \/>\n\t\t\t\t\t<\/a><\/p>\n","protected":false},"excerpt":{"rendered":"\u00a9 Sirotti Mauro Gianetti\u00a0racconta la situazione di Tadej Poga\u010dar dopo la caduta alla\u00a0Vuelta a Espa\u00f1a 2026. Il team&hellip;\n","protected":false},"author":3,"featured_media":661627,"comment_status":"","ping_status":"","sticky":false,"template":"","format":"standard","meta":{"footnotes":"","_share_on_mastodon":"0"},"categories":[1456],"tags":[1824,1825,1537,90,89,34336,245,244,1531,145510],"class_list":["post-661933","post","type-post","status-publish","format-standard","has-post-thumbnail","category-ciclismo","tag-ciclismo","tag-cycling","tag-it","tag-italia","tag-italy","tag-mauro-gianetti","tag-sport","tag-sports","tag-tadej-pogacar","tag-uae-team-emirates-xrg-2026"],"share_on_mastodon":{"url":"https:\/\/pubeurope.com\/@it\/117203161858235555","error":""},"_links":{"self":[{"href":"https:\/\/www.europesays.com\/it\/wp-json\/wp\/v2\/posts\/661933","targetHints":{"allow":["GET"]}}],"collection":[{"href":"https:\/\/www.europesays.com\/it\/wp-json\/wp\/v2\/posts"}],"about":[{"href":"https:\/\/www.europesays.com\/it\/wp-json\/wp\/v2\/types\/post"}],"author":[{"embeddable":true,"href":"https:\/\/www.europesays.com\/it\/wp-json\/wp\/v2\/users\/3"}],"replies":[{"embeddable":true,"href":"https:\/\/www.europesays.com\/it\/wp-json\/wp\/v2\/comments?post=661933"}],"version-history":[{"count":0,"href":"https:\/\/www.europesays.com\/it\/wp-json\/wp\/v2\/posts\/661933\/revisions"}],"wp:featuredmedia":[{"embeddable":true,"href":"https:\/\/www.europesays.com\/it\/wp-json\/wp\/v2\/media\/661627"}],"wp:attachment":[{"href":"https:\/\/www.europesays.com\/it\/wp-json\/wp\/v2\/media?parent=661933"}],"wp:term":[{"taxonomy":"category","embeddable":true,"href":"https:\/\/www.europesays.com\/it\/wp-json\/wp\/v2\/categories?post=661933"},{"taxonomy":"post_tag","embeddable":true,"href":"https:\/\/www.europesays.com\/it\/wp-json\/wp\/v2\/tags?post=661933"}],"curies":[{"name":"wp","href":"https:\/\/api.w.org\/{rel}","templated":true}]}}