{"id":661942,"date":"2026-09-02T19:52:11","date_gmt":"2026-09-02T19:52:11","guid":{"rendered":"https:\/\/www.europesays.com\/it\/661942\/"},"modified":"2026-09-02T19:52:11","modified_gmt":"2026-09-02T19:52:11","slug":"benji-fede-ecco-il-nuovo-album-tour-al-via-con-sold-out-allo-storchi","status":"publish","type":"post","link":"https:\/\/www.europesays.com\/it\/661942\/","title":{"rendered":"Benji &#038; Fede, ecco il nuovo album. Tour al via con sold out allo Storchi"},"content":{"rendered":"<p><strong>Benji &amp; Fede<\/strong> scelgono la loro citt\u00e0 per battezzare il nuovo e atteso capitolo del percorso artistico che li vede insieme. Benjamin Mascolo e Federico Rossi hanno infatti svelato il mistero che tormentava i fan da diverse settimane sui canali social: la figura della misteriosa ragazza in giro per le strade di Parigi, accompagnata dalla frase simbolo \u2018I Hope This Love Finds Me\u2019, ha fatto da guida all\u2019annuncio del loro prossimo album di inediti \u2018<strong>Quando viaggi da sola<\/strong>\u2019, in uscita il 18 settembre per Warner Records \/ Warner Music Italy e disponibile da ieri in pre-order.<\/p>\n<p>Un ritorno discografico che trova nel territorio modenese il suo naturale punto di partenza. Il duo ha infatti scelto proprio il <strong>Teatro Storchi<\/strong> per allestire e far debuttare la data zero di \u2018<strong>Sempre in Due &#8211; Live a Teatro<\/strong>\u2019, il primo tour nei teatri della loro carriera, prodotto e organizzato da Vivo Concerti. L\u2019appuntamento sotto la Ghirlandina \u00e8 fissato per sabato 3 ottobre ed \u00e8 gi\u00e0 ufficialmente sold out in ogni ordine di posto, confermando il grandissimo affetto della citt\u00e0 per i due artisti.<\/p>\n<p>\u2018Quando viaggi da sola\u2019, sesto album in studio del duo, trova nel tema del viaggio il proprio filo conduttore: una metafora del cambiamento e della maturazione. Le canzoni compongono il lavoro pi\u00f9 intimo della carriera di Benji &amp; Fede, capace di mostrare un lato nuovo e profondamente umano di due ragazzi che, oggi, sono diventati uomini. Tra storie d\u2019amore, ricordi e la malinconia che accompagna ogni trasformazione, i brani affrontano il desiderio di andare controcorrente, la ricerca di un equilibrio, l\u2019accettazione delle fragilit\u00e0 e il peso del successo e delle aspettative.<\/p>\n<p>&#8220;Con questo disco abbiamo seguito molto di pi\u00f9 il nostro gusto, senza pensare troppo a quello che ci si aspettava da noi. Abbiamo provato direzioni nuove, cercato suoni diversi e lavorato tanto sulle atmosfere. Alla fine, volevamo semplicemente fare un disco che ci piacesse e che raccontasse bene chi siamo oggi&#8221;, hanno spiegato Benji e Fede a proposito della nuova produzione. I brani del disco prenderanno vita dal vivo con una dimensione d\u2019ascolto raccolta e suggestiva prima sul palcoscenico di casa al Teatro Storchi, per poi fare tappa nei principali teatri di tutta Italia nei mesi successivi.<\/p>\n","protected":false},"excerpt":{"rendered":"Benji &amp; Fede scelgono la loro citt\u00e0 per battezzare il nuovo e atteso capitolo del percorso artistico che&hellip;\n","protected":false},"author":3,"featured_media":661943,"comment_status":"","ping_status":"","sticky":false,"template":"","format":"standard","meta":{"footnotes":"","_share_on_mastodon":"0"},"categories":[1443],"tags":[8133,30738,203,6934,204,1537,90,89,1538,1539,39387,364897,3555],"class_list":["post-661942","post","type-post","status-publish","format-standard","has-post-thumbnail","category-musica","tag-album","tag-benji","tag-entertainment","tag-fede","tag-intrattenimento","tag-it","tag-italia","tag-italy","tag-music","tag-musica","tag-sold","tag-storchi","tag-tour"],"share_on_mastodon":{"url":"https:\/\/pubeurope.com\/@it\/117203195801299741","error":""},"_links":{"self":[{"href":"https:\/\/www.europesays.com\/it\/wp-json\/wp\/v2\/posts\/661942","targetHints":{"allow":["GET"]}}],"collection":[{"href":"https:\/\/www.europesays.com\/it\/wp-json\/wp\/v2\/posts"}],"about":[{"href":"https:\/\/www.europesays.com\/it\/wp-json\/wp\/v2\/types\/post"}],"author":[{"embeddable":true,"href":"https:\/\/www.europesays.com\/it\/wp-json\/wp\/v2\/users\/3"}],"replies":[{"embeddable":true,"href":"https:\/\/www.europesays.com\/it\/wp-json\/wp\/v2\/comments?post=661942"}],"version-history":[{"count":0,"href":"https:\/\/www.europesays.com\/it\/wp-json\/wp\/v2\/posts\/661942\/revisions"}],"wp:featuredmedia":[{"embeddable":true,"href":"https:\/\/www.europesays.com\/it\/wp-json\/wp\/v2\/media\/661943"}],"wp:attachment":[{"href":"https:\/\/www.europesays.com\/it\/wp-json\/wp\/v2\/media?parent=661942"}],"wp:term":[{"taxonomy":"category","embeddable":true,"href":"https:\/\/www.europesays.com\/it\/wp-json\/wp\/v2\/categories?post=661942"},{"taxonomy":"post_tag","embeddable":true,"href":"https:\/\/www.europesays.com\/it\/wp-json\/wp\/v2\/tags?post=661942"}],"curies":[{"name":"wp","href":"https:\/\/api.w.org\/{rel}","templated":true}]}}