{"id":661944,"date":"2026-09-02T19:54:13","date_gmt":"2026-09-02T19:54:13","guid":{"rendered":"https:\/\/www.europesays.com\/it\/661944\/"},"modified":"2026-09-02T19:54:13","modified_gmt":"2026-09-02T19:54:13","slug":"udinese-venezia-2-1-gol-di-salgado-e-bayo-doppietta","status":"publish","type":"post","link":"https:\/\/www.europesays.com\/it\/661944\/","title":{"rendered":"Udinese-Venezia 2-1, gol di Salgado e Bayo doppietta"},"content":{"rendered":"<p>                                Ospiti avanti con Sagrado, poi il centravanti ivoriano rompe un lungo digiuno e decide la sfida<\/p>\n<p class=\"paragraph\" spellcheck=\"true\">L\u2019Udinese si qualifica per gli ottavi di Coppa Italia, a dicembre sfider\u00e0 l\u2019Atalanta alla New Balance Arena. Venezia battuto 2-1 con una doppietta di Bayo, che cos\u00ec si lascia alle spalle la delusione per il gol mancato contro il Como. La squadra di Runjaic \u00e8 cresciuta alla distanza e ha chiuso in controllo, dopo un buon primo tempo di un Venezia che ha schierato tutti i nuovi e che era passato in vantaggio al 9\u2019 con Sagrado.\u00a0<\/p>\n<p>        le scelte\u2014 \u00a0<\/p>\n<p class=\"paragraph\" spellcheck=\"true\">Runjaic d\u00e0 una chance da titolare al nuovo arrivato in porta, il polacco Bartosz Mrozek, e ritrova al centro della difesa Kabasele, assente per squalifica nei primi due turni di campionato. Il tecnico schiera anche due totem, a iniziare da Oumar Solet che sembrava in partenza verso il Crystal Palace e invece \u00e8 rimasto, ma anche Keinan Davis, confermato al centro dell\u2019attacco davanti a Unai Gomez e a Bayo. Stroppa mantiene quasi del tutto la promessa di cambiare 11 uomini su 11: rispetto alla sconfitta con il Milan resta solo Bella-Kotchap, in cerca di riscatto dopo gli errori nelle prime due gare di campionato. Per il resto Montip\u00f2 esordisce in porta e in difesa vive la prima partita Ale Gomes, 18enne spagnolo arrivato dal Saragozza. La regia a centrocampo \u00e8 affidata al giovane Matteo Dagasso, capitano &#8211; con Sagrado \u00e8 il solo tra i titolari che c\u2019era anche l\u2019anno scorso in B &#8211; mentre davanti spaziano Lauberbach e Rrahmani.\u00a0<\/p>\n<p>        primo tempo\u2014 \u00a0<\/p>\n<p class=\"paragraph\" spellcheck=\"true\">Un paio di spunti friulani in avvio, con Karlstrom che dalla sinistra tira su Montip\u00f2 e Kabasele che ci prova dalla distanza, ma poi il pallino lo prende il Venezia, che passa al 9\u2019: splendido filtrante di Dagasso che trova la sponda di Rrahmani, Helgason libera Correia sulla destra e sul cross basso Lauberbach impegna Mrozek, ma Sagrado \u00e8 pronto per il tap-in dell\u20191-0. Dagasso \u00e8 il motore dei lagunari, detta i tempi e prova le imbucate, ma \u00e8 altrettanto utile Rrahmani, con le sue sponde, le letture e le verticalizzazioni, una specie di regista d\u2019attacco. Lauberbach non ci arriva al 14\u2019 su cross dalla sinistra di Sagrado, poi tira alto dalla distanza al 24\u2019 e al 25\u2019 viene fermato da Mrozek. L\u2019Udinese si sveglia verso la mezz\u2019ora: Davis vede Montip\u00f2 fuori dai pali e ci prova da met\u00e0 campo, mancando di poco la porta. Runjaic alza il baricentro, Miller e Unai Gomez impegnano dalla distanza Montip\u00f2 e al 34\u2019 arriva il pari: cross di Vojvoda, Bayo svetta di testa e trova l\u2019angolino basso, facendosi cos\u00ec perdonare l\u2019errore che \u00e8 costato la vittoria contro il Como. Karlstrom ci prova dalla distanza al 42\u2019, ma Montip\u00f2 \u00e8 presente.\u00a0<\/p>\n<p><a class=\"is-partner-link\" href=\"https:\/\/fantacampionato.gazzetta.it\/?intcmp=FC2627_CTArticolo2627\" rel=\"nofollow noopener\" target=\"_blank\">Sfida l&#8217;Italia intera con Fantacampionato: la classifica generale parte alla sesta giornata, gioca ora!<\/a><\/p>\n<p>        secondo tempo\u2014 \u00a0<\/p>\n<p class=\"paragraph\" spellcheck=\"true\">Nella ripresa vengono fuori la qualit\u00e0 e la solidit\u00e0 dell\u2019Udinese. All\u20198\u2019 Bayo raddoppia al termine di un\u2019azione splendida, iniziata con una verticalizzazione di Arizala per Davis, che dalla destra trova a centro area il centravanti: 2-1. Al 13\u2019 Rrahmani ha un buon pallone, ma Kabasele con il fisico gli fa perdere il tempo e mancare il pallone. Sar\u00e0 un po\u2019 il fil rouge della ripresa: i vari Rrahmani, Lauberbach e poi anche Adams provano a trovare spazi, ma vanno a sbattere contro la difesa bianconera, con Kabasele, Solet e poi anche Abankwah che concedono nulla. Al 13\u2019 prima Unai Gomez e poi Davis impegnano Montip\u00f2, al 23\u2019 Sohm offre una gran palla a Correia ma Arizala salva rischiando anche l\u2019autogol. Il Venezia abbassa il ritmo, Dagasso non incide pi\u00f9, Stroppa inserisce altri nuovi come Fanne, Lisman e Panada, senza ricavare molto. L\u2019Udinese trova ancora le conclusioni di Gueye e Zarraga e chiude in surplace.<\/p>\n<p class=\"is-copyright\">\u00a9 RIPRODUZIONE RISERVATA<\/p>\n","protected":false},"excerpt":{"rendered":"Ospiti avanti con Sagrado, poi il centravanti ivoriano rompe un lungo digiuno e decide la sfida L\u2019Udinese si&hellip;\n","protected":false},"author":3,"featured_media":661945,"comment_status":"","ping_status":"","sticky":false,"template":"","format":"standard","meta":{"footnotes":"","_share_on_mastodon":"0"},"categories":[176],"tags":[160906,2478,3077,569,765,4189,9848,1034,1856,12837,104,3705,149906,3173,101744,9849,3177,767,3669,364899,7438,364900,16110,135770,1537,90,89,83997,83999,361213,27273,364898,4483,34979,98,4696,65358,9847,339004,245,244,3249,2817,267084,328420,222],"class_list":["post-661944","post","type-post","status-publish","format-standard","has-post-thumbnail","category-sport","tag-arizala","tag-arriva","tag-arrivato","tag-atalanta","tag-attacco","tag-basso","tag-bayo","tag-buon","tag-campionato","tag-centravanti","tag-centro","tag-como","tag-correia","tag-cross","tag-dagasso","tag-davis","tag-destra","tag-difesa","tag-distanza","tag-distanza-montipo","tag-doppietta","tag-doppietta-bayo","tag-gomez","tag-impegnano","tag-it","tag-italia","tag-italy","tag-kabasele","tag-karlstrom","tag-lauberbach","tag-montipo","tag-mrozek","tag-nuovi","tag-ottavi","tag-porta","tag-prova","tag-rrahmani","tag-runjaic","tag-sagrado","tag-sport","tag-sports","tag-trova","tag-udinese","tag-unai","tag-unai-gomez","tag-venezia"],"share_on_mastodon":{"url":"https:\/\/pubeurope.com\/@it\/117203203846790420","error":""},"_links":{"self":[{"href":"https:\/\/www.europesays.com\/it\/wp-json\/wp\/v2\/posts\/661944","targetHints":{"allow":["GET"]}}],"collection":[{"href":"https:\/\/www.europesays.com\/it\/wp-json\/wp\/v2\/posts"}],"about":[{"href":"https:\/\/www.europesays.com\/it\/wp-json\/wp\/v2\/types\/post"}],"author":[{"embeddable":true,"href":"https:\/\/www.europesays.com\/it\/wp-json\/wp\/v2\/users\/3"}],"replies":[{"embeddable":true,"href":"https:\/\/www.europesays.com\/it\/wp-json\/wp\/v2\/comments?post=661944"}],"version-history":[{"count":0,"href":"https:\/\/www.europesays.com\/it\/wp-json\/wp\/v2\/posts\/661944\/revisions"}],"wp:featuredmedia":[{"embeddable":true,"href":"https:\/\/www.europesays.com\/it\/wp-json\/wp\/v2\/media\/661945"}],"wp:attachment":[{"href":"https:\/\/www.europesays.com\/it\/wp-json\/wp\/v2\/media?parent=661944"}],"wp:term":[{"taxonomy":"category","embeddable":true,"href":"https:\/\/www.europesays.com\/it\/wp-json\/wp\/v2\/categories?post=661944"},{"taxonomy":"post_tag","embeddable":true,"href":"https:\/\/www.europesays.com\/it\/wp-json\/wp\/v2\/tags?post=661944"}],"curies":[{"name":"wp","href":"https:\/\/api.w.org\/{rel}","templated":true}]}}