{"id":661954,"date":"2026-09-02T19:59:18","date_gmt":"2026-09-02T19:59:18","guid":{"rendered":"https:\/\/www.europesays.com\/it\/661954\/"},"modified":"2026-09-02T19:59:18","modified_gmt":"2026-09-02T19:59:18","slug":"hai-i-denti-tutti-storti-e-sono-brutti-da-vedere-la-risposta-di-chiara-ferragni-allhater-lascia-tutti-senza-parole","status":"publish","type":"post","link":"https:\/\/www.europesays.com\/it\/661954\/","title":{"rendered":"\u00abHai i denti tutti storti e sono brutti da vedere\u00bb: la risposta di Chiara Ferragni all&#8217;hater lascia tutti senza parole"},"content":{"rendered":"<p>&#13;<br \/>\n                               &#13;<br \/>\n                                                &#13;<br \/>\n                &#13;<\/p>\n<p>Dopo venti giorni trascorsi tra Per\u00f9 e Colombia, <strong><a href=\"https:\/\/www.leggo.it\/t\/chiara-ferragni\" rel=\"nofollow noopener\" target=\"_blank\">Chiara Ferragni<\/a><\/strong> \u00e8 tornata a casa e alla sua quotidianit\u00e0 con i figli Leone e Vittoria. Un lungo viaggio vissuto accanto al fidanzato <strong>Jos\u00e9 Hern\u00e1ndez<\/strong>, durante il quale ha raggiunto anche <strong>Barranquilla<\/strong> per conoscere la famiglia di lui. Nel raccontare il rientro attraverso le storie Instagram, l\u2019imprenditrice digitale ha condiviso anche il messaggio di un utente che criticava l\u2019aspetto dei suoi <strong><a href=\"https:\/\/www.leggo.it\/t\/denti\" rel=\"nofollow noopener\" target=\"_blank\">denti<\/a><\/strong>, decidendo di rispondere pubblicamente.<\/p>\n<p>&#13;<br \/>\n&#13;<br \/>\n&#13;<br \/>\n&#13;<br \/>\nLa replica&#13;<br \/>\n&#13;<br \/>\n&#13;<br \/>\n&#13;<\/p>\n<p>Chiara Ferragni replica ad un utente che ha criticato duramente i suoi denti. <\/p>\n<p>Un commento fuoriluogo arrivato durante il racconto delle vacanze estive. Il commento diceva: \u00abPerch\u00e9 non hai mai aggiustato i denti, con pap\u00e0 e sorella dentista che hai? Sei ancora in tempo. I denti sotto tutti storti stonano tanto, sono brutti da vedere\u00bb. L&#8217;imprenditrice digitale ha pubblicato il commento, accompagnandolo con l\u2019ironica frase \u00abParanoia denti, lol\u00bb, per poi replicare: \u00abMa io amo i miei denti! Sono sani, mai avuta una carie e soprattutto sono i miei. Non sono perfetti, ma li ho sempre amati cos\u00ec\u00bb.&#13;<br \/>\n&#13;<\/p>\n<p>Infine, una riflessione sull\u2019accettazione del proprio aspetto: \u00abPossiamo imparare a volerci migliorare, ma anche smetterla di vedere difetti nel nostro aspetto?\u00bb.<\/p>\n<p>                                &#13;<br \/>\n                &#13;<br \/>\n&#13;<br \/>\n                Ultimo aggiornamento: mercoled\u00ec 2 settembre 2026, 17:51&#13;<br \/>\n                <br \/>&#13;<br \/>\n                &#13;<br \/>\n                  &#13;<br \/>\n                    &#13;<br \/>\n                        \u00a9 RIPRODUZIONE RISERVATA&#13;<\/p>\n<p>&#13;<\/p>\n<p>                    &#13;<\/p>\n","protected":false},"excerpt":{"rendered":"&#13; &#13; &#13; &#13; Dopo venti giorni trascorsi tra Per\u00f9 e Colombia, Chiara Ferragni \u00e8 tornata a casa&hellip;\n","protected":false},"author":3,"featured_media":661955,"comment_status":"","ping_status":"","sticky":false,"template":"","format":"standard","meta":{"footnotes":"","_share_on_mastodon":"0"},"categories":[160],"tags":[1774,14,164,165,16688,223494,166,7,15,11,167,12,168,161,162,163],"class_list":["post-661954","post","type-post","status-publish","format-standard","has-post-thumbnail","category-mondo","tag-chiara-ferragni","tag-cronaca","tag-dal-mondo","tag-dalmondo","tag-denti","tag-jose-hernandez","tag-mondo","tag-news","tag-notizie","tag-ultime-notizie","tag-ultime-notizie-di-mondo","tag-ultimenotizie","tag-ultimenotiziedimondo","tag-world","tag-world-news","tag-worldnews"],"share_on_mastodon":{"url":"https:\/\/pubeurope.com\/@it\/117203223605552198","error":""},"_links":{"self":[{"href":"https:\/\/www.europesays.com\/it\/wp-json\/wp\/v2\/posts\/661954","targetHints":{"allow":["GET"]}}],"collection":[{"href":"https:\/\/www.europesays.com\/it\/wp-json\/wp\/v2\/posts"}],"about":[{"href":"https:\/\/www.europesays.com\/it\/wp-json\/wp\/v2\/types\/post"}],"author":[{"embeddable":true,"href":"https:\/\/www.europesays.com\/it\/wp-json\/wp\/v2\/users\/3"}],"replies":[{"embeddable":true,"href":"https:\/\/www.europesays.com\/it\/wp-json\/wp\/v2\/comments?post=661954"}],"version-history":[{"count":0,"href":"https:\/\/www.europesays.com\/it\/wp-json\/wp\/v2\/posts\/661954\/revisions"}],"wp:featuredmedia":[{"embeddable":true,"href":"https:\/\/www.europesays.com\/it\/wp-json\/wp\/v2\/media\/661955"}],"wp:attachment":[{"href":"https:\/\/www.europesays.com\/it\/wp-json\/wp\/v2\/media?parent=661954"}],"wp:term":[{"taxonomy":"category","embeddable":true,"href":"https:\/\/www.europesays.com\/it\/wp-json\/wp\/v2\/categories?post=661954"},{"taxonomy":"post_tag","embeddable":true,"href":"https:\/\/www.europesays.com\/it\/wp-json\/wp\/v2\/tags?post=661954"}],"curies":[{"name":"wp","href":"https:\/\/api.w.org\/{rel}","templated":true}]}}