{"id":661956,"date":"2026-09-02T20:00:14","date_gmt":"2026-09-02T20:00:14","guid":{"rendered":"https:\/\/www.europesays.com\/it\/661956\/"},"modified":"2026-09-02T20:00:14","modified_gmt":"2026-09-02T20:00:14","slug":"fine-vita-il-veneto-approva-la-legge-e-la-prima-regione-di-centrodestra-a-farlo-zaia-era-una-risposta-doverosa","status":"publish","type":"post","link":"https:\/\/www.europesays.com\/it\/661956\/","title":{"rendered":"Fine vita, il Veneto approva la legge. \u00c8 la prima Regione di centrodestra a farlo. Zaia: \u00abEra una risposta doverosa\u00bb"},"content":{"rendered":"<p>    di<br \/>\n    Martina Zambon<\/p>\n<p class=\"summary-art is-line-h-12\">Il provvedimento \u00e8 passato con 32 voti favorevoli, 5 astenuti e 14 contrari. Definite \u00abprocedure e tempi per l&#8217;assistenza sanitaria regionale al suicidio medicalmente assistito\u00bb. Stefani: \u00abDignit\u00e0 della vita da tutelare sempre\u00bb<\/p>\n<p class=\"chapter-paragraph\">Il Veneto ha detto s\u00ec alla legge che disciplina, uniforma e, di fatto, riconosce la necessit\u00e0 di fissare regole certe e univoche per il\u00a0<a href=\"https:\/\/corrieredelveneto.corriere.it\/notizie\/politica\/26_settembre_02\/rosari-slogan-e-i-primi-piani-di-donne-intubate-in-veneto-la-sfida-per-la-legge-sul-fine-vita-fuori-dall-aula-tra-favorevoli-e-3a03cb50-6c8d-4a47-99ad-5a4070131xlk.shtml\" title=\"Fine vita in Veneto, la sfida per la legge fuori dall&#039;aula: rosari, slogan e i primi piani di donne intubate\" rel=\"nofollow noopener\" target=\"_blank\">fine vita<\/a>. A met\u00e0 pomeriggio, ieri, dopo una estenuante maratona iniziata marted\u00ec mattina, \u00e8 stata approvata a larga maggioranza la versione profondamente emendata della proposta di legge di i<b>niziativa popolare \u00ab<a href=\"https:\/\/corrieredelveneto.corriere.it\/notizie\/politica\/26_settembre_01\/fine-vita-la-resa-dei-conti-in-consiglio-regionale-fdi-decide-per-il-no-ma-la-legge-puo-passare-lo-stesso-63a21bdc-61e9-422b-8cd8-221f79f36xlk.shtml\" title=\"La resa dei conti in Consiglio regionale sul fine vita: FdI decide per il no, ma la legge pu\u00f2 passare lo stesso\" rel=\"nofollow noopener\" target=\"_blank\">Liberi subito<\/a>\u00bb <\/b>arrivata, ormai tre anni fa, a palazzo Ferro Fini forte di ben novemila firme. <b>\u00c8 finita con 32 s\u00ec, 14 no e 5 astensioni<\/b> che, di fatto, valgono come voti contrari. Il totale \u00e8 51 perch\u00e9 in Aula non mancava nessuno dei consiglieri eletti. Una coralit\u00e0 che testimonia, insieme ai tormenti (reali) di alcuni consiglieri che si son dovuti piegare alla linea dei rispettivi partiti, la storicit\u00e0 di un voto diverso dagli altri.<\/p>\n<p>    Approccio pragmatico<\/p>\n<p class=\"chapter-paragraph\">Per tutti lo dice chiaramente la leghista <b>Eleonora Mosco<\/b>: \u00abVince la linea del presidente della Regione  Alberto Stefani\u00bb. Ed \u00e8 innegabile che la mediazione a suon di emendamenti (39 in totale, 28 di minoranza e 11 di giunta) portata avanti in prima persona dal governatore abbia regalato <b>un voto \u00abpesante\u00bb:<\/b> importante per la societ\u00e0 civile, certo, ma anche testa d\u2019ariete sotto il profilo politico. Il Veneto \u00e8 la <b>quarta regione a dotarsi di una legge sul fine vita <\/b>dopo Emilia Romagna, Toscana e Sardegna ma \u00e8 la prima di centrodestra. Si potrebbe osservare che si tratta di una scelta in continuit\u00e0 con l\u2019appoggio al fine vita portato avanti dal predecessore (ora presidente del consiglio regionale) Luca Zaia: il Veneto di centrodestra ma retto da un leghista \u00abprogressista\u00bb sui diritti civili. Se da un lato c\u2019\u00e8 Zaia \u00abil progressista\u00bb che sul fine vita, come ricorda lui stesso, si \u00e8 schierato \u00abquando non andava di moda, \u00e8 una battaglia di civilt\u00e0\u00bb, dall\u2019altra c\u2019\u00e8, per\u00f2, il \u00abgiurista\u00bb Stefani che, di fronte a una sentenza della <b>Corte Costituzionale<\/b> (ma anche dopo aver fatto visita a Cristina Gheller) ha scelto di non svicolare rinviando il tutto all\u2019attesa legge nazionale. Cos\u00ec l\u2019approccio pragmatico-giuridico del governatore si \u00e8 ibridato con la tenacia dell\u2019opposizione fino al s\u00ec definitivo di ieri. Il \u00abcarico da 90\u00bb messo da Stefani con la sua posizione di prima linea ha convinto non pochi leghisti indecisi.<br \/>&#13;<br \/>\n&#13;<br \/>\n&#13;<br \/>\n&#13;<br \/>\n&#13;<br \/>\n&#13;<br \/>\n&#13;<br \/>\n&#13;<br \/>\n&#13;<br \/>\n&#13;<br \/>\n&#13;<br \/>\n&#13;<br \/>\n&#13;<br \/>\n&#13;<br \/>\n&#13;<br \/>\n&#13;<br \/>\n&#13;<br \/>\n&#13;<br \/>\n&#13;<br \/>\n&#13;<br \/>\n&#13;<br \/>\n&#13;<br \/>\n&#13;<br \/>\n&#13;<br \/>\n&#13;<br \/>\n&#13;<br \/>\n&#13;<br \/>\n&#13;<br \/>\n&#13;<br \/>\n&#13;<br \/>\n&#13;<br \/>\n&#13;<br \/>\n&#13;<br \/>\n&#13;<br \/>\n&#13;<br \/>\n&#13;<br \/>\n&#13;<br \/>\n&#13;<br \/>\n&#13;<br \/>\n&#13;<br \/>\n&#13;<br \/>\n&#13;<br \/>\n&#13;<br \/>\n&#13;<br \/>\n&#13;<br \/>\n&#13;<br \/>\n&#13;<br \/>\n&#13;<br \/>\n&#13;<br \/>\n&#13;<br \/>\n&#13;<br \/>\n&#13;<br \/>\n&#13;\n<\/p>\n<p>    Le votazioni<\/p>\n<p class=\"chapter-paragraph\">A dare la misura dell\u2019azzardo (calcolato) del governatore, sono il voto contrario del capogruppo Lega <b>Riccardo Barbisan <\/b>e l\u2019astensione del commissario della Lega <b>Andrea Tomaello<\/b>. Simbolicamente sembra uno strappo col suo stesso partito ma il taglio prettamente giuridico funge da scudo. Il capogruppo della lista Stefani, Matteo Pressi, pontiere di prima fila in questi mesi, rivendica <b>\u00abuna legge profondamente diversa <\/b>frutto di una scelta responsabile dopo un confronto serio\u00bb. Talmente serio da evitare la frattura totale con FdI che, pur votando contro la legge, ha sostenuto alcuni emendamenti di giunta a fronte dell\u2019inserimento (ben pi\u00f9 sfumato rispetto alle richieste meloniane) delle<b> associazioni Pro vita. \u00ab<\/b>Abbiamo difeso la vita e la libert\u00e0 di coscienza. No alla politica dei buoni e dei cattivi\u00bb sintetizza il capogruppo <b>Claudio<\/b> <b>Borgia<\/b>. Convinto il no di Davide Lovat e Riccardo Szumski (Resistere Veneto) e del vannacciano Stefano Valdegamberi. Fra gli astenuti Rosanna Conte (Lega) ed Eric Pasqualon (Udc). A spaccarsi \u00e8 piuttosto FI con Alberto Bozza e Mirko Patron astenuti e il s\u00ec, squillante, del giovane Jacopo Maltauro: \u00abSono cattolico ma qui rappresento tutti i veneti e la mia generazione chiede risposte diverse\u00bb.<\/p>\n<p>    L&#8217;abbraccio liberatorio<\/p>\n<p class=\"chapter-paragraph\">La tensione che si scioglie in lacrime sancisce, invece, la vittoria dei promotori, da<b> Elena Ostanel,<\/b> Avs, a <b>Giovanni Manildo<\/b>, Pd, che abbraccia l\u2019avvocato<b> Matteo D\u2019Angelo e Diego Silvestri della Coscioni.<\/b> Sorride, misurata ma visibilmente soddisfatta, Filomena Gallo. Da qui si riparte per battagliare sulla legge nazionale con munizioni aggiuntive: anche una Regione di centrodestra mette nero su bianco il coinvolgimento del sistema sanitario nazionale (a rischio nella bozza di legge nazionale).<\/p>\n<p>    I due presidenti<\/p>\n<p class=\"chapter-paragraph\">I protagonisti della giornata, per\u00f2, restano incontestabilmente Zaia e Stefani, <b>\u00abi due presidenti\u00bb,<\/b> due pianeti che mantengono la distanza delle rispettive orbite. Nessuno dei due esulta, il tema e i caratteri non si prestano. \u00abCredo che la discussione interna a questo consiglio regionale sia stata proficua e abbia dimostrato che un\u2019aula consiliare sa assumersi delle responsabilit\u00e0, &#8211; dice Stefani &#8211; <b>gli emendamenti tengono conto davvero della sensibilit\u00e0 anche delle forze politiche di centrodestra. <\/b>Nulla \u00e8 pi\u00f9 importante della dignit\u00e0 della vita umana, che va tutelata sempre e con tutti i mezzi necessari.\u00a0Per questo, in accordo con tutte le forze di maggioranza,<b> ho lavorato alla stesura e successiva approvazione di una serie di emendamenti<\/b> che modificano sostanzialmente il testo\u00bb. In senso migliorativo, per il centrodestra. Eppure a dissodare il terreno, per cos\u00ec dire, \u00e8 stato davvero, a suo tempo, Zaia con la sua ormai \u00abclassica\u00bb \u00abi temi etici siano una no-fly zone per la politica\u00bb rispolverata per l\u2019occasione. In consiglio, dice, \u00abc\u2019\u00e8 stata una profonda discussione di oltre dieci ore. Al Parlamento il Veneto manda un messaggio sulla necessit\u00e0 di una legge nazionale, lo chiede l\u201980% dei cittadini\u00bb. Il consiglio riprender\u00e0 con l\u2019Autonomia. A vegliare sui lavori l\u2019imprescindibile segretario generale <b>Roberto Valente <\/b>che ieri \u00e8 stato l\u2019unico guadagnarsi l\u2019applauso, pure questo bipartisan, per aver risposto, con vigore, ai reiterati dubbi procedurali di Valdegamberi.<\/p>\n<p class=\"is-mr-t-20 is-mr-b-20\"><b><br \/>\n                                    <a href=\"https:\/\/corrieredelveneto.corriere.it\/venezia-mestre\/?intcmp=Notizielocali_nd_010623_corriere_ss_venezia\" target=\"_blank\" rel=\"nofollow noopener\">Vai a tutte le notizie di Venezia Mestre<\/a><br \/>\n                        <\/b><\/p>\n<p class=\"chapter-paragraph\"><b><a href=\"https:\/\/www.corriere.it\/newsletter\/?theme=39&amp;intcmp=NL-artic_nd_060624_corriere_ss_veneto\" target=\"_blank\" rel=\"nofollow noopener\">Iscriviti alla newsletter del Corriere del Veneto<\/a><\/b><\/p>\n<p class=\"is-last-update\" datetime=\"2026-09-02T20:52:53+02:00\">2 settembre 2026 ( modifica il 2 settembre 2026 | 20:52)<\/p>\n<p class=\"is-copyright\">\n            \u00a9 RIPRODUZIONE RISERVATA\n        <\/p>\n","protected":false},"excerpt":{"rendered":"di Martina Zambon Il provvedimento \u00e8 passato con 32 voti favorevoli, 5 astenuti e 14 contrari. Definite \u00abprocedure&hellip;\n","protected":false},"author":3,"featured_media":661957,"comment_status":"","ping_status":"","sticky":false,"template":"","format":"standard","meta":{"footnotes":"","_share_on_mastodon":"0"},"categories":[79],"tags":[14516,364914,364915,14226,314436,364916,579,364917,364918,153738,364919,364920,1493,364921,4925,364911,10441,317,391,24790,7403,112,475,1416,8116,26944,14,93,94,1278,1107,43,72104,769,1346,1541,154781,127,48,1537,90,89,109,1207,129,4781,22,114,6334,7,15,133,477,146471,135,10522,33125,46304,8150,111,364912,7299,1360,24414,2434,4380,3803,11,84,91,12,85,92,364913,108,6814,2424,110],"class_list":["post-661956","post","type-post","status-publish","format-standard","has-post-thumbnail","category-italia","tag-abbraccia","tag-abbraccia-avvocato","tag-abbraccia-avvocato-matteo","tag-abbraccio","tag-abbraccio-liberatorio","tag-abbraccio-liberatorio-tensione","tag-accordo","tag-accordo-forze","tag-accordo-forze-maggioranza","tag-aggiuntive","tag-aggiuntive-regione","tag-aggiuntive-regione-centrodestra","tag-alberto","tag-alberto-bozza","tag-approccio","tag-approccio-pragmatico","tag-astenuti","tag-aula","tag-ben","tag-bozza","tag-capogruppo","tag-centrodestra","tag-chiede","tag-consiglieri","tag-contrari","tag-convinto","tag-cronaca","tag-cronaca-italiana","tag-cronacaitaliana","tag-davvero","tag-dignita","tag-discussione","tag-emendamenti","tag-forze","tag-fronte","tag-giunta","tag-giuridico","tag-governatore","tag-importante","tag-it","tag-italia","tag-italy","tag-lega","tag-legge","tag-leghista","tag-linea","tag-maggioranza","tag-matteo","tag-necessita","tag-news","tag-notizie","tag-ormai","tag-politica","tag-pragmatico","tag-presidente","tag-presidenti","tag-profondamente","tag-progressista","tag-regionale","tag-regione","tag-regione-centrodestra","tag-riccardo","tag-scelta","tag-serio","tag-si","tag-stefani","tag-totale","tag-ultime-notizie","tag-ultime-notizie-e-news-di-oggi","tag-ultime-notizie-italia","tag-ultimenotizie","tag-ultimenotizieenewsdioggi","tag-ultimenotizieitalia","tag-valdegamberi","tag-veneto","tag-voti","tag-voto","tag-zaia"],"share_on_mastodon":{"url":"","error":"Validation failed: Text character limit of 500 exceeded"},"_links":{"self":[{"href":"https:\/\/www.europesays.com\/it\/wp-json\/wp\/v2\/posts\/661956","targetHints":{"allow":["GET"]}}],"collection":[{"href":"https:\/\/www.europesays.com\/it\/wp-json\/wp\/v2\/posts"}],"about":[{"href":"https:\/\/www.europesays.com\/it\/wp-json\/wp\/v2\/types\/post"}],"author":[{"embeddable":true,"href":"https:\/\/www.europesays.com\/it\/wp-json\/wp\/v2\/users\/3"}],"replies":[{"embeddable":true,"href":"https:\/\/www.europesays.com\/it\/wp-json\/wp\/v2\/comments?post=661956"}],"version-history":[{"count":0,"href":"https:\/\/www.europesays.com\/it\/wp-json\/wp\/v2\/posts\/661956\/revisions"}],"wp:featuredmedia":[{"embeddable":true,"href":"https:\/\/www.europesays.com\/it\/wp-json\/wp\/v2\/media\/661957"}],"wp:attachment":[{"href":"https:\/\/www.europesays.com\/it\/wp-json\/wp\/v2\/media?parent=661956"}],"wp:term":[{"taxonomy":"category","embeddable":true,"href":"https:\/\/www.europesays.com\/it\/wp-json\/wp\/v2\/categories?post=661956"},{"taxonomy":"post_tag","embeddable":true,"href":"https:\/\/www.europesays.com\/it\/wp-json\/wp\/v2\/tags?post=661956"}],"curies":[{"name":"wp","href":"https:\/\/api.w.org\/{rel}","templated":true}]}}