{"id":661966,"date":"2026-09-02T20:14:22","date_gmt":"2026-09-02T20:14:22","guid":{"rendered":"https:\/\/www.europesays.com\/it\/661966\/"},"modified":"2026-09-02T20:14:22","modified_gmt":"2026-09-02T20:14:22","slug":"inter-il-piano-di-chivu-per-stones-e-jones-piu-minuti-nei-big-match","status":"publish","type":"post","link":"https:\/\/www.europesays.com\/it\/661966\/","title":{"rendered":"Inter, il piano di Chivu: per Stones e Jones pi\u00f9 minuti nei big match"},"content":{"rendered":"<p>                                Il difensore ex City ha dato equilibrio, il centrocampista subito in palla: pronto il decollo tra Napoli e Real. E Spence aspetta<\/p>\n<p class=\"paragraph\" spellcheck=\"true\">Questo nuovo motore di fabbricazione inglese sta carburando un po\u2019 alla volta, cos\u00ec come da piano stilato da Cristian Chivu: all\u2019Inter hanno<b> calendarizzato nel dettaglio l\u2019inserimento della nuova leva britannica<\/b> e sono convinti di poter sgasare con loro presto, anzi prestissimo. Magari gi\u00e0 nel doppio cancello all\u2019orizzonte: prima il <b>Napoli \u201callegriano\u201d a San Siro<\/b>, poi la nobile visita al <b>Bernabeu<\/b>, tornato casa di Mou. Nelle prossime due sfide la squadra mostrer\u00e0 qualcosa di pi\u00f9 di se stessa: far\u00e0 capire quanto potr\u00e0 essere dominante in patria e ambiziosa in Europa. In ogni caso, adesso che si alza il livello in campionato e Champions, potr\u00e0 stabilmente contare su due terzi dei nuovi arrivi dalla Premier. Sono tutti sbarcati a Milano proprio con questo preciso obiettivo: <b>incidere nelle partite pi\u00f9 delicate<\/b>.<\/p>\n<p>    Doppio impatto\u2014 \u00a0<\/p>\n<p class=\"paragraph is-inline\" spellcheck=\"true\">Al momento Chivu pu\u00f2 usare tutti tranne il \u201critardatario\u201d <b>Spence, che lavorer\u00e0 a parte ancora un po\u2019<\/b>, ma l\u2019impatto doppio di John <b>Stones<\/b> e Curtis <b>Jones<\/b> \u00e8 gi\u00e0 evidente. L\u2019ex City aveva assaggiato giusto un quarto d\u2019ora di nerazzurro nella prima in casa contro il Monza, poi domenica a Cagliari il suo minutaggio \u00e8 naturalmente cresciuto: <b>spedito in campo al 68\u2019 al posto di un <a href=\"https:\/\/www.gazzetta.it\/Calcio\/Serie-A\/Inter\/31-08-2026\/inter-akanji-e-ancora-fuori-forma-chivu-ha-5-giorni-per-studiare-la-difesa-anti-napoli.shtml?intcmp=hyperlink-articolo-gazit\" title=\"Inter, Akanji \u00e8 ancora fuori forma. Chivu ha 5 giorni per studiare la difesa anti Napoli\" target=\"_blank\" rel=\"nofollow noopener\">Akanji insolitamente titubante<\/a><\/b>, il numero 6 ha portato in dote calma e sangue freddo in un momento delicato. Ha governato sia sui palloni alti, che d\u2019improvviso sono piovuti in area di rigore, sia nell\u2019impostazione in uscita. Non c\u2019\u00e8 una data precisa in rosso sul calendario per la prima gara da titolare, ma il piano \u00e8 crescere costantemente nel tempo di impiego: non \u00e8 solo una questione fisica, ma di feeling in un sistema altamente codificato. A differenza del collega e connazionale difensore, Curtis <b>Jones<\/b> non ha partecipato al Mondiale americano e, per questo, \u00e8 stato a disposizione del vecchio club dall\u2019inizio del raduno. L\u2019aver fatto per intero la preparazione con il Liverpool lo ha aiutato a regalare all\u2019Inter <b>gi\u00e0 a Cagliari una prima mezz\u2019ora di sfrontatezza, tecnica e personalit\u00e0<\/b>: \u00e8 stato gi\u00e0 predisposto un impiego crescente, <b><a href=\"https:\/\/www.gazzetta.it\/Calcio\/Serie-A\/Inter\/31-08-2026\/curtis-jones-esordio-cagliari-inter.shtml?intcmp=hyperlink-articolo-gazit\" title=\"Vuole la palla, tira, alza i giri: l&#039;effetto Jones nell&#039;Inter. E ora Chivu deve trovargli un posto da titolare\" target=\"_blank\" rel=\"nofollow noopener\">la scalata verso la titolarit\u00e0 \u00e8 appena partita<\/a><\/b>. Quelle contro Napoli e Real non sono sfide in cui sperimentare troppo, ma usare un po\u2019 del talento inglese non sarebbe di certo un\u2019improvvisazione.<\/p>\n","protected":false},"excerpt":{"rendered":"Il difensore ex City ha dato equilibrio, il centrocampista subito in palla: pronto il decollo tra Napoli e&hellip;\n","protected":false},"author":3,"featured_media":657611,"comment_status":"","ping_status":"","sticky":false,"template":"","format":"standard","meta":{"footnotes":"","_share_on_mastodon":"0"},"categories":[1452],"tags":[4007,364922,364923,6300,721,2839,820,10638,194828,4053,1906,1740,1390,22210,1570,350,1537,90,89,4798,248,362915,975,8014,11377,8445,1739,321788,245,244,99202,7947],"class_list":["post-661966","post","type-post","status-publish","format-standard","has-post-thumbnail","category-calcio","tag-aiutato","tag-aiutato-regalare","tag-aiutato-regalare-inter","tag-cagliari","tag-calcio","tag-chivu","tag-city","tag-curtis","tag-curtis-jones","tag-difensore","tag-doppio","tag-football","tag-impatto","tag-impiego","tag-inglese","tag-inter","tag-it","tag-italia","tag-italy","tag-jones","tag-napoli","tag-napoli-real","tag-piano","tag-potra","tag-real","tag-sfide","tag-soccer","tag-spence","tag-sport","tag-sports","tag-stones","tag-usare"],"share_on_mastodon":{"url":"https:\/\/pubeurope.com\/@it\/117203282594518613","error":""},"_links":{"self":[{"href":"https:\/\/www.europesays.com\/it\/wp-json\/wp\/v2\/posts\/661966","targetHints":{"allow":["GET"]}}],"collection":[{"href":"https:\/\/www.europesays.com\/it\/wp-json\/wp\/v2\/posts"}],"about":[{"href":"https:\/\/www.europesays.com\/it\/wp-json\/wp\/v2\/types\/post"}],"author":[{"embeddable":true,"href":"https:\/\/www.europesays.com\/it\/wp-json\/wp\/v2\/users\/3"}],"replies":[{"embeddable":true,"href":"https:\/\/www.europesays.com\/it\/wp-json\/wp\/v2\/comments?post=661966"}],"version-history":[{"count":0,"href":"https:\/\/www.europesays.com\/it\/wp-json\/wp\/v2\/posts\/661966\/revisions"}],"wp:featuredmedia":[{"embeddable":true,"href":"https:\/\/www.europesays.com\/it\/wp-json\/wp\/v2\/media\/657611"}],"wp:attachment":[{"href":"https:\/\/www.europesays.com\/it\/wp-json\/wp\/v2\/media?parent=661966"}],"wp:term":[{"taxonomy":"category","embeddable":true,"href":"https:\/\/www.europesays.com\/it\/wp-json\/wp\/v2\/categories?post=661966"},{"taxonomy":"post_tag","embeddable":true,"href":"https:\/\/www.europesays.com\/it\/wp-json\/wp\/v2\/tags?post=661966"}],"curies":[{"name":"wp","href":"https:\/\/api.w.org\/{rel}","templated":true}]}}