{"id":661967,"date":"2026-09-02T20:16:13","date_gmt":"2026-09-02T20:16:13","guid":{"rendered":"https:\/\/www.europesays.com\/it\/661967\/"},"modified":"2026-09-02T20:16:13","modified_gmt":"2026-09-02T20:16:13","slug":"saturno-visto-dal-nostro-polesine","status":"publish","type":"post","link":"https:\/\/www.europesays.com\/it\/661967\/","title":{"rendered":"Saturno visto dal nostro Polesine"},"content":{"rendered":"<p><strong>Un\u2019immagine di Saturno<\/strong> realizzata con strumentazione amatoriale \u00e8 stata selezionata e pubblicata dall\u2019<strong>Agenzia spaziale italiana<\/strong> nell\u2019ambito di <strong>\u201cYoubyAsi\u201d<\/strong>, la rubrica dedicata alla condivisione di immagini e contenuti sullo spazio. A realizzarla \u00e8 stato l\u2019astrofotografo <strong>Niccol\u00f2 Guidi<\/strong>, di Adria, che dalla Terra \u00e8 riuscito a catturare con grande dettaglio gli <strong>anelli di Saturno<\/strong>, compresa la <strong>Divisione di Cassini<\/strong>, e le <strong>bande atmosferiche<\/strong> del pianeta. Dietro lo scatto ci sono <strong>migliaia di fotogrammi<\/strong> acquisiti e successivamente selezionati ed elaborati per ottenere la massima nitidezza possibile. Un lavoro che dimostra come anche la <strong>fotografia astronomica amatoriale<\/strong>, grazie alle moderne tecnologie e alle tecniche di elaborazione, possa raggiungere risultati di <strong>grande livello<\/strong>.<\/p>\n<p><strong>Saturno<\/strong>, distante <strong>oltre un miliardo di chilometri<\/strong> dalla Terra, diventa cos\u00ec protagonista di un\u2019immagine capace di trasformare una distanza enorme in un soggetto sorprendentemente vicino.<\/p>\n<p>Per <strong>Guidi<\/strong>, la <strong>pubblicazione<\/strong> da parte dell\u2019<strong>Agenzia spaziale italiana<\/strong> rappresenta un importante riconoscimento e la realizzazione di un <strong>sogno<\/strong>: vedere una propria <strong>fotografia<\/strong> entrare nella comunicazione spaziale nazionale. Una piccola immagine che racchiude una grande passione: quella di continuare a puntare il <strong>telescopio<\/strong> verso il cielo per spingersi, almeno con lo sguardo, sempre pi\u00f9 lontano. E anche una grande soddisfazione, decisamente, perch\u00e9 arrivare a fotografare ci\u00f2 che c\u2019\u00e8 oltre i confini della terra, significa anche continuare a indagare l\u2019<strong>infinit\u00e0<\/strong> di ci\u00f2 \u00e8 attorno al globo, alla scoperta di uno sconfinato universo anche attraverso la lente per la realizzazione di una vera e propria fotografia limpida, nitida e sognante. Un plauso, dunque, al fotografo <strong>Niccol\u00f2 Guidi<\/strong> per l\u2019impresa compiuta, che denota un grande valore e l\u2019alta qualit\u00e0 del suo operato.<\/p>\n","protected":false},"excerpt":{"rendered":"Un\u2019immagine di Saturno realizzata con strumentazione amatoriale \u00e8 stata selezionata e pubblicata dall\u2019Agenzia spaziale italiana nell\u2019ambito di \u201cYoubyAsi\u201d,&hellip;\n","protected":false},"author":3,"featured_media":661968,"comment_status":"","ping_status":"","sticky":false,"template":"","format":"standard","meta":{"footnotes":"","_share_on_mastodon":"0"},"categories":[1446],"tags":[11410,32296,1615,1613,1614,1611,1610,76473,1612,364925,203,364927,204,1537,90,89,69689,364924,8516,16325,3185,364926],"class_list":["post-661967","post","type-post","status-publish","format-standard","has-post-thumbnail","category-arte-e-design","tag-adria","tag-agenzia-spaziale-italiana","tag-arte","tag-arte-e-design","tag-arteedesign","tag-arts","tag-arts-and-design","tag-astrofotografo","tag-design","tag-divisione-di-cassini","tag-entertainment","tag-fotografia-astronomica-amatoriale","tag-intrattenimento","tag-it","tag-italia","tag-italy","tag-la-voce-di-rovigo","tag-niccolo-guidi","tag-rovigo","tag-saturno","tag-terra","tag-youbyasi"],"share_on_mastodon":{"url":"https:\/\/pubeurope.com\/@it\/117203290403969975","error":""},"_links":{"self":[{"href":"https:\/\/www.europesays.com\/it\/wp-json\/wp\/v2\/posts\/661967","targetHints":{"allow":["GET"]}}],"collection":[{"href":"https:\/\/www.europesays.com\/it\/wp-json\/wp\/v2\/posts"}],"about":[{"href":"https:\/\/www.europesays.com\/it\/wp-json\/wp\/v2\/types\/post"}],"author":[{"embeddable":true,"href":"https:\/\/www.europesays.com\/it\/wp-json\/wp\/v2\/users\/3"}],"replies":[{"embeddable":true,"href":"https:\/\/www.europesays.com\/it\/wp-json\/wp\/v2\/comments?post=661967"}],"version-history":[{"count":0,"href":"https:\/\/www.europesays.com\/it\/wp-json\/wp\/v2\/posts\/661967\/revisions"}],"wp:featuredmedia":[{"embeddable":true,"href":"https:\/\/www.europesays.com\/it\/wp-json\/wp\/v2\/media\/661968"}],"wp:attachment":[{"href":"https:\/\/www.europesays.com\/it\/wp-json\/wp\/v2\/media?parent=661967"}],"wp:term":[{"taxonomy":"category","embeddable":true,"href":"https:\/\/www.europesays.com\/it\/wp-json\/wp\/v2\/categories?post=661967"},{"taxonomy":"post_tag","embeddable":true,"href":"https:\/\/www.europesays.com\/it\/wp-json\/wp\/v2\/tags?post=661967"}],"curies":[{"name":"wp","href":"https:\/\/api.w.org\/{rel}","templated":true}]}}