{"id":661995,"date":"2026-09-02T20:41:14","date_gmt":"2026-09-02T20:41:14","guid":{"rendered":"https:\/\/www.europesays.com\/it\/661995\/"},"modified":"2026-09-02T20:41:14","modified_gmt":"2026-09-02T20:41:14","slug":"inter-chi-e-dario-baccin-il-nuovo-ds-dopo-laddio-di-ausilio","status":"publish","type":"post","link":"https:\/\/www.europesays.com\/it\/661995\/","title":{"rendered":"Inter, chi \u00e8 Dario Baccin: il nuovo ds dopo l&#8217;addio di Ausilio"},"content":{"rendered":"<p>                                Ex difensore, 50 anni appena compiuti, prender\u00e0 il posto di Ausilio in nerazzurro. Giorgio Perinetti, ds che lo lanci\u00f2: &#8220;Ha occhio e autonomia, l&#8217;ho voluto con me a Siena e Palermo. Zamparini temeva che glielo portassi via&#8230;&#8221;<\/p>\n<p class=\"paragraph\" spellcheck=\"true\">Quella di Dario Baccin \u00e8 una storia competenza, pazienza e perseveranza. Soprattutto da giovane, una volta conclusa la carriera da calciatore, quando le idee erano gi\u00e0 chiarissime: puntava a fare il direttore sportivo e girava su e gi\u00f9 per l&#8217;Italia in veste di scout ottenendo al massimo un piccolo rimborso spese. Fino ad oggi. Giorno in cui, <a href=\"https:\/\/www.gazzetta.it\/Calcio\/Serie-A\/Inter\/02-09-2026\/ausilio-lascia-inter-addio-dopo-28-anni-perche-chi-e-sostituto.shtml\" rel=\"nofollow noopener\" target=\"_blank\">a seguito dell&#8217;addio di Piero Ausilio all&#8217;Inter<\/a> dopo 28 anni di onorata fedelt\u00e0 ai nerazzurri, Baccin \u00e8 diventato il nuovo direttore sportivo dell&#8217;Inter. Da vice a ds vero e proprio, un sogno inseguito una vita intera. E costruito imparando sul campo anno dopo anno, imbarcandosi su voli improbabili (spesso diretti verso il Sud America), osservando migliaia di partite sempre con l&#8217;occhio attento di chi possiede una profonda conoscenza del pallone.\u00a0<\/p>\n<p>        ex calciatore con fiuto\u2014 \u00a0<\/p>\n<p class=\"paragraph\" spellcheck=\"true\">Baccin \u00e8 nato a Novara, ha 50 anni appena compiuti e sulle spalle una solida carriera da difensore divisa tra Juventus, Napoli e svariati club pi\u00f9 di provincia (Cesena, Chievo, Ternana, Ancona, Ascoli e soprattutto Rimini e Treviso). Il personale percorso dietro una scrivania l&#8217;ha avviato tra Siena e Palermo, dopo aver ottenuto a pieni voti il diploma da direttore sportivo a Coverciano. Ed \u00e8 dal luglio del 2017 che l&#8217;Inter ha scelto di nominarlo come vice di Piero Ausilio, prima della promozione a &#8220;titolare&#8221; di oggi. Il percorso, per\u00f2, \u00e8 stato lungo e a tratti pure piuttosto tortuoso. Perch\u00e9 prima di ricoprire un ruolo tanto importante in un club di rilevanza mondiale come quello nerazzurro sono arrivate altre soddisfazioni, delusioni, scottature e porte in faccia. Un po&#8217; come per chiunque, in qualsiasi carriera.\u00a0<\/p>\n<p>        &#8220;investi su te stesso&#8221;\u2014 \u00a0<\/p>\n<p class=\"paragraph\" spellcheck=\"true\">Chi Baccin lo conosce molto bene \u00e8 Giorgio Perinetti, un vecchio lupo di mare in quello che spesso \u00e8 il burrascoso mondo del calcio. I due si conoscono &#8220;di striscio&#8221; nel 1996, quando il nuovo ds nerazzurro \u00e8 ancora agli albori della carriera da calciatore e viene ceduto dalla Juventus al Cesena. Un passaggio fondamentale per comprendersi come uomini ancor prima che come professionisti. Non a caso sar\u00e0 proprio Perinetti ad avviare il decollo della carriera di Baccin: &#8220;\u00c8 sempre stato acuto, paziente, girava per noi come osservatore ma a parte i rimborsi spese non potevo mica fargli avere cifre che potessero permettergli di sostenersi&#8230;&#8221;. Ma il mantra era uno: &#8220;Investi su te stesso&#8221; gli ripeteva costantemente Perinetti. Un insegnamento prezioso. Ma come dirigente com&#8217;era?\u00a0<\/p>\n<p class=\"paragraph\" spellcheck=\"true\">&#8220;Molto attento anche al calcio estero, a paesi un po&#8217; strani. Il primo ruolo che gli affidai fu quello di responsabile del settore giovanile del Palermo. &#8216;Mi spiace non poterti offrire chiss\u00e0 cosa, per\u00f2 \u00e8 un&#8217;occasione&#8230;&#8217; gli dissi. E lui dimostr\u00f2 subito di avere il piglio giusto, autorit\u00e0, anche una certa indipendenza e una sua autonomia. Fece molto bene&#8221;. E un presidente vulcanico come Zamparini, per Baccin, paradossalmente divent\u00f2 una sorta di assist-man: &#8220;Io volevo andarmene &#8211; prosegue Perinetti -, ma il presidente temeva che mi portassi via anche Dario. Cos\u00ec gli telefonai durante la festa promozione e gli dissi di restare a Palermo,\u00a0di dimostrare il suo valore nonostante volesse seguirmi. Poi il fatto che Zamparini sostituisse spesso i direttori sportivi, come gli allenatori, fece gioco a Baccin che spesso sostituiva il primo&#8221;.<\/p>\n<p><a class=\"is-partner-link\" href=\"https:\/\/fantacampionato.gazzetta.it\/?intcmp=FC2627_CTArticolo2627\" rel=\"nofollow noopener\" target=\"_blank\">Sfida l&#8217;Italia intera con Fantacampionato: la classifica generale parte alla sesta giornata, gioca ora!<\/a><\/p>\n<p>        famiglia interista\u2014 \u00a0<\/p>\n<p class=\"paragraph\" spellcheck=\"true\">L&#8217;aneddoto pi\u00f9 curioso, per\u00f2, porta all&#8217;arrivo di Baccin all&#8217;Inter. E tutto nasce, ancora una volta, da Perinetti. E dalla&#8230; Juventus: &#8220;Durante un ritiro estivo dei bianconeri incontrai Marotta: parlando del pi\u00f9 e del meno venne fuori che erano alla ricerca di un profilo dirigenziale per il settore giovanile e pensarono a Baccin. Ovviamente io confermai tutte le cose belle che pensavo, e pochi minuti dopo ero ben contento di comunicare a Dario che di l\u00ec a poco sarebbe stato cercato da loro&#8221;. Per\u00f2&#8230;? &#8220;Per\u00f2 Baccin \u00e8 un grande interista che viene da una famiglia di interisti, mi richiam\u00f2 e dicendomi che aveva ricevuto un&#8217;altra proposta da Ausilio: per un cuore nerazzurro, come il cacio sui maccheroni. La fatalit\u00e0, poi, ha voluto che anche Marotta andasse all&#8217;Inter e la triade si sia ricomposta a Milano&#8221;. Baccin \u00e8 stato promosso a ds, l&#8217;ha gi\u00e0 sentito magari per telefono? &#8220;No, ma adesso gli scrivo senz&#8217;altro un bel messaggio e poi gli telefoner\u00f2. Di Dario posso parlare solo bene, come persona e professionista: si \u00e8 fatto da solo, con pazienza, coraggio ed \u00e8 uno dei pi\u00f9 richiesti ma ha sempre voluto stare all\u2019Inter&#8221;. E cos\u00ec sar\u00e0.\u00a0<\/p>\n<p class=\"is-copyright\">\u00a9 RIPRODUZIONE RISERVATA<\/p>\n","protected":false},"excerpt":{"rendered":"Ex difensore, 50 anni appena compiuti, prender\u00e0 il posto di Ausilio in nerazzurro. Giorgio Perinetti, ds che lo&hellip;\n","protected":false},"author":3,"featured_media":661996,"comment_status":"","ping_status":"","sticky":false,"template":"","format":"standard","meta":{"footnotes":"","_share_on_mastodon":"0"},"categories":[1452],"tags":[2201,33532,24856,28828,2546,54726,2281,721,1902,98185,9120,554,33534,6036,364934,16478,4053,1109,47040,41999,7210,1909,1740,7824,364935,14446,31022,350,6041,283741,1537,90,89,558,5266,8392,8040,857,364936,6652,10280,491,91843,1987,85239,364937,135,1852,138,861,1739,245,2284,244,27425,110208],"class_list":["post-661995","post","type-post","status-publish","format-standard","has-post-thumbnail","category-calcio","tag-appena","tag-appena-compiuti","tag-attento","tag-ausilio","tag-autonomia","tag-baccin","tag-calciatore","tag-calcio","tag-carriera","tag-carriera-calciatore","tag-cesena","tag-club","tag-compiuti","tag-cuore","tag-cuore-nerazzurro","tag-dario","tag-difensore","tag-direttore","tag-direttore-sportivo","tag-dissi","tag-ds","tag-famiglia","tag-football","tag-giorgio","tag-giorgio-perinetti","tag-giovanile","tag-girava","tag-inter","tag-interista","tag-investi","tag-it","tag-italia","tag-italy","tag-juventus","tag-marotta","tag-nerazzurro","tag-occhio","tag-paesi","tag-paesi-strani","tag-palermo","tag-pazienza","tag-percorso","tag-perinetti","tag-piero","tag-piero-ausilio","tag-portassi","tag-presidente","tag-promozione","tag-ruolo","tag-settore","tag-soccer","tag-sport","tag-sportivo","tag-sports","tag-voluto","tag-zamparini"],"share_on_mastodon":{"url":"","error":"Validation failed: Text character limit of 500 exceeded"},"_links":{"self":[{"href":"https:\/\/www.europesays.com\/it\/wp-json\/wp\/v2\/posts\/661995","targetHints":{"allow":["GET"]}}],"collection":[{"href":"https:\/\/www.europesays.com\/it\/wp-json\/wp\/v2\/posts"}],"about":[{"href":"https:\/\/www.europesays.com\/it\/wp-json\/wp\/v2\/types\/post"}],"author":[{"embeddable":true,"href":"https:\/\/www.europesays.com\/it\/wp-json\/wp\/v2\/users\/3"}],"replies":[{"embeddable":true,"href":"https:\/\/www.europesays.com\/it\/wp-json\/wp\/v2\/comments?post=661995"}],"version-history":[{"count":0,"href":"https:\/\/www.europesays.com\/it\/wp-json\/wp\/v2\/posts\/661995\/revisions"}],"wp:featuredmedia":[{"embeddable":true,"href":"https:\/\/www.europesays.com\/it\/wp-json\/wp\/v2\/media\/661996"}],"wp:attachment":[{"href":"https:\/\/www.europesays.com\/it\/wp-json\/wp\/v2\/media?parent=661995"}],"wp:term":[{"taxonomy":"category","embeddable":true,"href":"https:\/\/www.europesays.com\/it\/wp-json\/wp\/v2\/categories?post=661995"},{"taxonomy":"post_tag","embeddable":true,"href":"https:\/\/www.europesays.com\/it\/wp-json\/wp\/v2\/tags?post=661995"}],"curies":[{"name":"wp","href":"https:\/\/api.w.org\/{rel}","templated":true}]}}