{"id":661999,"date":"2026-09-02T20:45:14","date_gmt":"2026-09-02T20:45:14","guid":{"rendered":"https:\/\/www.europesays.com\/it\/661999\/"},"modified":"2026-09-02T20:45:14","modified_gmt":"2026-09-02T20:45:14","slug":"una-detective-per-caso-le-location-della-serie-mediaset","status":"publish","type":"post","link":"https:\/\/www.europesays.com\/it\/661999\/","title":{"rendered":"Una detective per caso, le location della serie Mediaset"},"content":{"rendered":"<p>La stagione delle <strong>fiction Mediaset<\/strong> riparte con l\u2019adattamento italiano di Erica, serie Tv francese ispirata ai romanzi di <strong>Camilla L\u00e4ckberg<\/strong>. Per tre episodi, in onda in prima serata su<strong> Canale 5<\/strong> a partire dal 2 settembre 2026, <strong>Vanessa Incontrada<\/strong> interpreta una scrittrice dallo straordinario intuito alla riscoperta delle proprie origini: sullo sfondo delle sue avventure c\u2019\u00e8 la citt\u00e0 in cui \u00e8 nata, con i suoi angoli pittoreschi dove il tempo sembra essersi fermato, le sue sconfinate vedute marittime e i suoi tratti di costa tra i pi\u00f9 belli d\u2019Italia. Andiamo insieme alla scoperta delle location di <strong>Erica \u2013 Una detective per caso<\/strong>.<\/p>\n<p>\t\tDi cosa parla<\/p>\n<p>Erica Magliani \u00e8 una <strong>scrittrice di gialli<\/strong> molto apprezzata. In un momento di crisi creativa decide di <strong>tornare in Toscana<\/strong>, dov\u2019\u00e8 nata ma dove non vive pi\u00f9 da anni. Qui insieme alla sorella si occupa principalmente dell\u2019eredit\u00e0 dei genitori, almeno fino a quando la scomparsa di una persona a lei vicina fa s\u00ec che si ritrovi coinvolta in <strong>un caso di omicidio<\/strong>.<\/p>\n<p>Erica ascolta le persone coinvolte, osserva come si comportano, prova a mettersi nei loro panni: usa, insomma, tecniche di indagine decisamente poco convenzionali e certo meno rigorose e ufficiali di quelle a cui \u00e8 solito il <strong>commissario Leonardo Carrese<\/strong> (Francesco Scianna). Tra i due viene a stabilirsi subito un <strong>rapporto tanto conflittuale quanto intenso<\/strong>, destinato a farsi sempre pi\u00f9 forte man mano che i casi in cui \u00e8 coinvolta Erica si moltiplicano e si scoprono una serie di <strong>misteri<\/strong> che riguardano la sua famiglia.<\/p>\n<p>Dov&#8217;\u00e8 stata girata la serie<\/p>\n<p>Diretta da <strong>Ciro D\u2019Emilio<\/strong> e prodotta da<strong> 7Verticale<\/strong> con <strong>RTI<\/strong>, la nuova fiction Mediaset con Vanessa Incontrada \u00e8 stata girata in <a href=\"https:\/\/siviaggia.it\/destinazioni\/europa\/italia\/toscana\/\" rel=\"nofollow noopener\" target=\"_blank\">Toscana<\/a> con il supporto della Toscana Film Commission. <strong>Piombino<\/strong> \u00e8, per essere pi\u00f9 precisi, la citt\u00e0 natale della protagonista e qui si trovano la maggior parte delle location di Erica \u2013 Una detective per caso.<\/p>\n<blockquote class=\"instagram-media\" data-instgrm-captioned=\"\" data-instgrm-permalink=\"https:\/\/www.instagram.com\/p\/DcViMpOMTxa\/?utm_source=ig_embed&amp;utm_campaign=loading\" data-instgrm-version=\"14\" style=\" background:#FFF; border:0; border-radius:3px; box-shadow:0 0 1px 0 rgba(0,0,0,0.5),0 1px 10px 0 rgba(0,0,0,0.15); margin: 1px; max-width:100%; min-width:326px; padding:0; width:99.375%; width:-webkit-calc(100% - 2px); width:calc(100% - 2px);\"\/>\n<p>Piombino<\/p>\n<p>Sullo schermo \u00e8 facile riconoscere in particolare <a href=\"https:\/\/siviaggia.it\/posti-incredibili\/fotonotizia\/questa-e-la-piazza-sul-mare-piu-grande-deuropa-e-non-e-a-trieste\/253239\/\" rel=\"nofollow noopener\" target=\"_blank\">Piazza Bovio<\/a>: la splendida terrazza sul mare di Piombino. Questa piazza, una delle <strong>pi\u00f9 grandi d\u2019Italia<\/strong>, con la sua posizione e la sua architettura continua a raccontare il passato della citt\u00e0 cos\u00ec tanto legato all\u2019epoca delle Repubbliche Marinare.<\/p>\n<p>Affacciandosi dai punti panoramici si gode di una vista magnifica sull\u2019<strong>Elba<\/strong>, il <strong>Giglio<\/strong>, l\u2019isola di <a href=\"https:\/\/siviaggia.it\/idee-di-viaggio\/montecristo-isola-vedere-almeno-una-volta-nella-vita\/307771\/\" rel=\"nofollow noopener\" target=\"_blank\">Montecristo<\/a> e se la condizioni lo permettono persino sulla Corsica.<\/p>\n<p>Il <strong>porticciolo di Marina<\/strong> e la <strong>piazzetta dei Grani<\/strong>, due luoghi molto amati dagli abitanti di Piombino e che si intravedono anche nella serie, sono a due passi dalla piazza.<\/p>\n<p>Da Piazza Bovio si raggiunge facilmente anche il <strong>centro storico di<\/strong> <strong>Piombino<\/strong>, caratteristico perch\u00e9 circondato da mura attribuite \u2013 almeno in parte \u2013 a Leonardo Da Vinci e costellato di edifici medievali ancora intatti.<\/p>\n<p>La Costa degli Etruschi<\/p>\n<p>In alcune sequenze di Erica \u2013 Una detective per caso compare la <a href=\"https:\/\/siviaggia.it\/idee-di-viaggio\/costa-degli-etruschi-orme-dei-poeti-e-dei-letterati\/354706\/\" rel=\"nofollow noopener\" target=\"_blank\">Costa degli Etruschi<\/a> con le sue straordinarie vedute marine dove la natura rigogliosa si sposa con la storia.<\/p>\n<blockquote class=\"instagram-media\" data-instgrm-captioned=\"\" data-instgrm-permalink=\"https:\/\/www.instagram.com\/p\/CnB9TXQMXl3\/?utm_source=ig_embed&amp;utm_campaign=loading\" data-instgrm-version=\"14\" style=\" background:#FFF; border:0; border-radius:3px; box-shadow:0 0 1px 0 rgba(0,0,0,0.5),0 1px 10px 0 rgba(0,0,0,0.15); margin: 1px; max-width:100%; min-width:326px; padding:0; width:99.375%; width:-webkit-calc(100% - 2px); width:calc(100% - 2px);\"\/>\n<p>Questo tratto di costa \u00e8 famoso, infatti, per essere stato uno dei primi insediamenti degli Etruschi \u2013 da qui il nome \u2013 che sul <strong>Golfo di Baratti<\/strong> edificarono la citt\u00e0 di Populonia: oggi rimane una <strong>necropoli<\/strong> tra le pi\u00f9 affascinanti e misteriose d\u2019Italia.<\/p>\n<p>Oltre alle spiagge, tra le pi\u00f9 belle della Toscana e adatte per provare uno dei tanti sport acquatici di moda al momento, in zona meritano una visita le <strong>terme di Vetturina<\/strong> e borghi come <strong>Suvereto<\/strong> o <strong>Sassetta<\/strong>, a ragione considerati tra i <a href=\"https:\/\/siviaggia.it\/idee-di-viaggio\/fotonotizia\/10-borghi-visitare-toscana-estate\/406732\/\" rel=\"nofollow noopener\" target=\"_blank\">borghi pi\u00f9 belli della Toscana<\/a>.<\/p>\n<p>\t<script async src=\"\/\/www.instagram.com\/embed.js\"><\/script><\/p>\n","protected":false},"excerpt":{"rendered":"La stagione delle fiction Mediaset riparte con l\u2019adattamento italiano di Erica, serie Tv francese ispirata ai romanzi di&hellip;\n","protected":false},"author":3,"featured_media":662000,"comment_status":"","ping_status":"","sticky":false,"template":"","format":"standard","meta":{"footnotes":"","_share_on_mastodon":"0"},"categories":[1444],"tags":[5856,203,204,1537,90,89,5857,7359,253],"class_list":["post-661999","post","type-post","status-publish","format-standard","has-post-thumbnail","category-tv","tag-citta-darte","tag-entertainment","tag-intrattenimento","tag-it","tag-italia","tag-italy","tag-itinerari-culturali","tag-luoghi-da-film","tag-tv"],"share_on_mastodon":{"url":"https:\/\/pubeurope.com\/@it\/117203404428639056","error":""},"_links":{"self":[{"href":"https:\/\/www.europesays.com\/it\/wp-json\/wp\/v2\/posts\/661999","targetHints":{"allow":["GET"]}}],"collection":[{"href":"https:\/\/www.europesays.com\/it\/wp-json\/wp\/v2\/posts"}],"about":[{"href":"https:\/\/www.europesays.com\/it\/wp-json\/wp\/v2\/types\/post"}],"author":[{"embeddable":true,"href":"https:\/\/www.europesays.com\/it\/wp-json\/wp\/v2\/users\/3"}],"replies":[{"embeddable":true,"href":"https:\/\/www.europesays.com\/it\/wp-json\/wp\/v2\/comments?post=661999"}],"version-history":[{"count":0,"href":"https:\/\/www.europesays.com\/it\/wp-json\/wp\/v2\/posts\/661999\/revisions"}],"wp:featuredmedia":[{"embeddable":true,"href":"https:\/\/www.europesays.com\/it\/wp-json\/wp\/v2\/media\/662000"}],"wp:attachment":[{"href":"https:\/\/www.europesays.com\/it\/wp-json\/wp\/v2\/media?parent=661999"}],"wp:term":[{"taxonomy":"category","embeddable":true,"href":"https:\/\/www.europesays.com\/it\/wp-json\/wp\/v2\/categories?post=661999"},{"taxonomy":"post_tag","embeddable":true,"href":"https:\/\/www.europesays.com\/it\/wp-json\/wp\/v2\/tags?post=661999"}],"curies":[{"name":"wp","href":"https:\/\/api.w.org\/{rel}","templated":true}]}}