{"id":662011,"date":"2026-09-02T20:52:19","date_gmt":"2026-09-02T20:52:19","guid":{"rendered":"https:\/\/www.europesays.com\/it\/662011\/"},"modified":"2026-09-02T20:52:19","modified_gmt":"2026-09-02T20:52:19","slug":"fast-fashion-al-via-in-francia-la-tassa-fino-a-12-euro-per-abito-contro-linvasione-asiatica","status":"publish","type":"post","link":"https:\/\/www.europesays.com\/it\/662011\/","title":{"rendered":"Fast fashion, al via in Francia la tassa fino a 12 euro per abito (contro l\u2019invasione asiatica)"},"content":{"rendered":"<p>    di<br \/>\n    Emily Capozucca<\/p>\n<p class=\"summary-art is-line-h-12 is-mr-t-20\">Tra i criteri di valutazione delle penalit\u00e0 ci sono sia l\u2019ampiezza dell\u2019offerta sia la riparabilit\u00e0 dei capi<\/p>\n<p class=\"chapter-paragraph\">Prosegue la battaglia contro la moda \u00abultra-fast fashion\u00bb, con l&#8217;obiettivo di spingere il settore verso modelli pi\u00f9 sostenibili. <a href=\"https:\/\/www.corriere.it\/economia\/tasse\/26_giugno_21\/tassa-ue-per-i-piccoli-pacchi-in-arrivo-dal-1-luglio-in-italia-il-prelievo-sara-doppio-ecco-perche-6bdf6962-93f6-4f58-a3fc-280908e47xlk.shtml\" title=\"Tassa sui piccoli pacchi extra Ue prorogata al 1\u00b0 ottobre per evitare il prelievo doppio in Italia: ecco perch\u00e9\" rel=\"nofollow noopener\" target=\"_blank\">Dopo il dazio europeo di 3 euro sui piccoli pacchi extra-Ue di valore inferiore a 150 euro<\/a>, pensato anche per contrastare la concorrenza sleale, <b>la Francia introduce da oggi un ulteriore sistema di penalit\u00e0 ecologiche per il fast fashion. <\/b>Il cosiddetto malus pu\u00f2 arrivare nel 2026 fino a 12 euro per singolo capo, in base alle caratteristiche del prodotto e al suo impatto ambientale, e non pu\u00f2 comunque superare il 50% del prezzo di vendita. Dal 2030 il limite salir\u00e0 progressivamente fino a 19,50 euro.<\/p>\n<p class=\"chapter-paragraph\">Impossibile non pensare ai <b>grandi operatori asiatici come Shein e Temu,<\/b> che offrono un&#8217;ampia gamma di prodotti a prezzi molto bassi e che da anni esercitano una forte pressione competitiva sui produttori europei.\u00a0    &#13;<br \/>\n&#13;<br \/>\n&#13;<br \/>\n&#13;<br \/>\n&#13;<br \/>\n&#13;<br \/>\n&#13;<br \/>\n&#13;<br \/>\n&#13;<br \/>\n&#13;<br \/>\n&#13;<br \/>\n&#13;<br \/>\n&#13;<br \/>\n&#13;<br \/>\n&#13;<br \/>\n&#13;<br \/>\n&#13;<br \/>\n&#13;<br \/>\n&#13;<br \/>\n&#13;<br \/>\n&#13;<br \/>\n&#13;<br \/>\n&#13;<br \/>\n&#13;<br \/>\n&#13;<br \/>\n&#13;<br \/>\n&#13;<br \/>\n&#13;<br \/>\n&#13;<br \/>\n&#13;<br \/>\n&#13;<br \/>\n&#13;<br \/>\n&#13;<br \/>\n&#13;<br \/>\n&#13;<br \/>\n&#13;<br \/>\n&#13;<br \/>\n&#13;<br \/>\n&#13;<br \/>\n&#13;<br \/>\n&#13;<br \/>\n&#13;<br \/>\n&#13;<br \/>\n&#13;<br \/>\n&#13;<br \/>\n&#13;<br \/>\n&#13;<br \/>\n&#13;<br \/>\n&#13;<br \/>\n&#13;<br \/>\n&#13;<br \/>\n&#13;<br \/>\n&#13;\n<\/p>\n<p>    La riparazione<\/p>\n<p class=\"chapter-paragraph\">La nuova misura, approvata dal Parlamento francese, non prende formalmente di mira i marchi asiatici, nel rispetto del principio di non discriminazione, ma nella pratica \u00e8 destinata a colpire soprattutto i modelli di business dell&#8217;ultra-fast fashion.\u00a0<\/p>\n<p class=\"chapter-paragraph\"><b>Tra i criteri utilizzati per determinare le penalit\u00e0 ci sono infatti l&#8217;ampiezza dell&#8217;offerta e la riparabilit\u00e0 dei capi.<\/b> Il sistema tiene conto della presenza di servizi di riparazione e del rapporto tra il prezzo del prodotto e il costo necessario per ripararlo. Se il prezzo \u00e8 talmente basso da rendere economicamente poco conveniente riparare il capo invece di acquistarne uno nuovo, il malus pu\u00f2 aumentare. Nel dettaglio, si parte da 50 centesimi per prodotti come calzini e biancheria intima, fino a 12 euro per articoli come giacche e cappotti.<\/p>\n<p class=\"chapter-paragraph\"><b>Secondo le autorit\u00e0 francesi, l&#8217;impatto sui grandi marchi europei come Zara e H&amp;M dovrebbe essere invece pressoch\u00e9 nullo. <\/b>L&#8217;obiettivo \u00e8 quindi intervenire soprattutto sui modelli caratterizzati da un&#8217;offerta molto ampia, un rapido ricambio dei prodotti e prezzi particolarmente contenuti.<\/p>\n<p>    In Italia<\/p>\n<p class=\"chapter-paragraph\">Anche in Italia \u00e8 prevista una misura a danno dell\u2019ultra fast-fashion che potrebbe sommarsi a quella dei 3 euro europea. Dal primo ottobre, salvo nuove modifiche, dovrebbe entrare in vigore un contributo nazionale di 2 euro sui piccoli pacchi provenienti da Paesi extra-Ue. La misura, inizialmente prevista dal primo luglio, \u00e8 stata rinviata anche per\u00a0<b>il pressing delle associazioni di categoria e il timore di uno spostamento in altri Paesi europei delle operazioni di sdoganamento, con\u00a0un calo fino al 50% dei traffici nel nostro Paese.\u00a0<\/b>\u00a0A confermare il gettito atteso \u00e8 la relazione tecnica del governo: il contributo dovrebbe portare nelle casse dello Stato 122,5 milioni di euro nel 2026 e circa 245 milioni all&#8217;anno dal 2027.<\/p>\n<p class=\"chapter-paragraph\">Un duro colpo dunque per i colossi cinesi che cominciano a pagarne gli effetti. <b>Ieri le azioni di Shein sono<\/b>\u00a0arrivate a perdere fino al 10% durante la seduta<b> nel giorno<\/b>\u00a0della sua quotazione in Borsa a\u00a0Hong Kong per poi recuperare al termin. Sulla societ\u00e0 pesano le preoccupazioni degli investitori per le difficolt\u00e0 che hanno accompagnato il percorso verso la quotazione e, pi\u00f9 in generale, per l&#8217;impatto sul suo modello di business dell&#8217;aumento dei dazi e delle tariffe doganali negli Stati Uniti e in Europa.<\/p>\n<p><a href=\"https:\/\/www.corriere.it\/app-economia\/?intcmp=DL-app_nd_011024_corriere_ss_conomia\" target=\"_blank\" class=\"bck-app-banner\" rel=\"nofollow noopener\"><img decoding=\"async\" class=\"bck-app-img\" src=\"https:\/\/www.europesays.com\/it\/wp-content\/uploads\/2025\/08\/1756449670_863_app.png\"\/><\/p>\n<p>Nuova app <strong>L&#8217;Economia<\/strong>. News, approfondimenti e l&#8217;assistente virtuale al tuo servizio.<\/p>\n<p>SCARICA L&#8217; APP<\/p>\n<p><img decoding=\"async\" src=\"https:\/\/www.europesays.com\/it\/wp-content\/uploads\/2025\/07\/eco.png\"\/><\/a><\/p>\n<p>Iscriviti alle <a href=\"https:\/\/www.corriere.it\/newsletter\/?theme=4\" rel=\"nofollow noopener\" target=\"_blank\">newsletter de L&#8217;Economia<\/a>. Analisi e commenti sui principali avvenimenti\u00a0economici a cura delle firme del Corriere.<\/p>\n<p class=\"is-last-update\" datetime=\"2026-09-02T18:16:09+02:00\">2 settembre 2026 ( modifica il 2 settembre 2026 | 18:16)<\/p>\n<p class=\"is-copyright\">\n            \u00a9 RIPRODUZIONE RISERVATA\n        <\/p>\n","protected":false},"excerpt":{"rendered":"di Emily Capozucca Tra i criteri di valutazione delle penalit\u00e0 ci sono sia l\u2019ampiezza dell\u2019offerta sia la riparabilit\u00e0&hellip;\n","protected":false},"author":3,"featured_media":662012,"comment_status":"","ping_status":"","sticky":false,"template":"","format":"standard","meta":{"footnotes":"","_share_on_mastodon":"0"},"categories":[172],"tags":[178,11889,106942,364943,364944,71504,177,10823,777,7323,5931,6018,724,364945,364946,1727,14197,19777,8895,34367,89579,4300,1390,1537,90,89,15024,5919,1413,32667,4734,3708,31455,364941,364942],"class_list":["post-662011","post","type-post","status-publish","format-standard","has-post-thumbnail","category-affari","tag-affari","tag-ampia","tag-ampiezza","tag-ampiezza-offerta","tag-ampiezza-offerta-riparabilita","tag-asiatici","tag-business","tag-capi","tag-capo","tag-contributo","tag-criteri","tag-dovrebbe","tag-euro","tag-euro-piccoli","tag-euro-piccoli-pacchi","tag-europei","tag-extra","tag-extra-ue","tag-fashion","tag-fast","tag-fast-fashion","tag-francia","tag-impatto","tag-it","tag-italia","tag-italy","tag-misura","tag-modelli","tag-offerta","tag-penalita","tag-prezzo","tag-prodotti","tag-ultra","tag-ultra-fast","tag-ultra-fast-fashion"],"share_on_mastodon":{"url":"https:\/\/pubeurope.com\/@it\/117203432849763233","error":""},"_links":{"self":[{"href":"https:\/\/www.europesays.com\/it\/wp-json\/wp\/v2\/posts\/662011","targetHints":{"allow":["GET"]}}],"collection":[{"href":"https:\/\/www.europesays.com\/it\/wp-json\/wp\/v2\/posts"}],"about":[{"href":"https:\/\/www.europesays.com\/it\/wp-json\/wp\/v2\/types\/post"}],"author":[{"embeddable":true,"href":"https:\/\/www.europesays.com\/it\/wp-json\/wp\/v2\/users\/3"}],"replies":[{"embeddable":true,"href":"https:\/\/www.europesays.com\/it\/wp-json\/wp\/v2\/comments?post=662011"}],"version-history":[{"count":0,"href":"https:\/\/www.europesays.com\/it\/wp-json\/wp\/v2\/posts\/662011\/revisions"}],"wp:featuredmedia":[{"embeddable":true,"href":"https:\/\/www.europesays.com\/it\/wp-json\/wp\/v2\/media\/662012"}],"wp:attachment":[{"href":"https:\/\/www.europesays.com\/it\/wp-json\/wp\/v2\/media?parent=662011"}],"wp:term":[{"taxonomy":"category","embeddable":true,"href":"https:\/\/www.europesays.com\/it\/wp-json\/wp\/v2\/categories?post=662011"},{"taxonomy":"post_tag","embeddable":true,"href":"https:\/\/www.europesays.com\/it\/wp-json\/wp\/v2\/tags?post=662011"}],"curies":[{"name":"wp","href":"https:\/\/api.w.org\/{rel}","templated":true}]}}