{"id":662017,"date":"2026-09-02T20:55:17","date_gmt":"2026-09-02T20:55:17","guid":{"rendered":"https:\/\/www.europesays.com\/it\/662017\/"},"modified":"2026-09-02T20:55:17","modified_gmt":"2026-09-02T20:55:17","slug":"report-giulia-presutti-rinuncia-alla-conduzione-passo-indietro-per-aiutare-la-trasmissione","status":"publish","type":"post","link":"https:\/\/www.europesays.com\/it\/662017\/","title":{"rendered":"Report, Giulia Presutti rinuncia alla conduzione: \u00abPasso indietro per aiutare la trasmissione\u00bb"},"content":{"rendered":"<p>La mail della giornalista a Corsini (Rai): \u00abSpero di aiutare in questo modo la trasmissione che mi ha formata e alla quale ho avuto l&#8217;onore di contribuire\u00bb<\/p>\n<p class=\"chapter-paragraph\"><b>Giulia Presutti rinuncia alla conduzione di Report<\/b>. La giornalista ha inviato una mail al direttore dell&#8217;Approfondimento della Rai, Paolo Corsini, <b>annunciando un \u00abpasso indietro\u00bb<\/b> <a href=\"https:\/\/roma.corriere.it\/notizie\/cronaca\/26_settembre_01\/report-l-offerta-alla-redazione-e-ranucci-va-all-attacco-di-presutti-e-piervincenzi-7c78734d-346b-435d-a825-9f9d3ff10xlk.shtml\" title=\"Report, l\u2019offerta alla redazione. E Ranucci va all\u2019attacco di Presutti e Piervincenzi\" rel=\"nofollow noopener\" target=\"_blank\">dall&#8217;incarico di co-conduttrice di Report<\/a>, \u00abnella speranza &#8211; scrive la giornalista &#8211; di aiutare in questo modo la trasmissione che mi ha formata e alla quale ho avuto l&#8217;onore di contribuire. Una trasmissione cos\u00ec amata, che tanto ha dato al pubblico e alla nostra azienda, non pu\u00f2 impantanarsi in discussioni e scambi cos\u00ec piccoli, n\u00e9 credo che il suo futuro possa essere legato a singoli nomi e singole personalit\u00e0\u00bb.<\/p>\n<p class=\"chapter-paragraph\">\u00abCaro direttore &#8211; si legge nell&#8217;incipit della mail che Presutti ha inviato a Corsini &#8211; in un contesto cos\u00ec complesso e delicato come quello che si \u00e8 venuto a creare, faccio volentieri un passo indietro\u00bb.\u00a0    &#13;<br \/>\n&#13;<br \/>\n&#13;<br \/>\n&#13;<br \/>\n&#13;<br \/>\n&#13;<br \/>\n&#13;<br \/>\n&#13;<br \/>\n&#13;<br \/>\n&#13;<br \/>\n&#13;<br \/>\n&#13;<br \/>\n&#13;<br \/>\n&#13;<br \/>\n&#13;<br \/>\n&#13;<br \/>\n&#13;<br \/>\n&#13;<br \/>\n&#13;<br \/>\n&#13;<br \/>\n&#13;<br \/>\n&#13;<br \/>\n&#13;<br \/>\n&#13;<br \/>\n&#13;<br \/>\n&#13;<br \/>\n&#13;<br \/>\n&#13;<br \/>\n&#13;<br \/>\n&#13;<br \/>\n&#13;<br \/>\n&#13;<br \/>\n&#13;<br \/>\n&#13;<br \/>\n&#13;<br \/>\n&#13;<br \/>\n&#13;<br \/>\n&#13;<br \/>\n&#13;<br \/>\n&#13;<br \/>\n&#13;<br \/>\n&#13;<br \/>\n&#13;<br \/>\n&#13;<br \/>\n&#13;<br \/>\n&#13;<br \/>\n&#13;<br \/>\n&#13;<br \/>\n&#13;<br \/>\n&#13;<br \/>\n&#13;<br \/>\n&#13;<br \/>\n&#13;\n<\/p>\n<p class=\"chapter-paragraph\">\u00abSpero che Report continui a fare lo splendido lavoro di servizio pubblico che ha sempre fatto\u00bb scrive ancora Presutti. \u00abPer quanto mi riguarda, caro direttore &#8211; conclude la giornalista &#8211; <b>sono a disposizione dell&#8217;azienda che tanto mi ha dato <\/b>e alla quale intendo dare con passione tutto il mio impegno\u00bb.\u00a0<\/p>\n<p class=\"is-last-update\" datetime=\"2026-09-02T22:06:11+02:00\">2 settembre 2026 ( modifica il 2 settembre 2026 | 22:06)<\/p>\n<p class=\"is-copyright\">\n            \u00a9 RIPRODUZIONE RISERVATA\n        <\/p>\n","protected":false},"excerpt":{"rendered":"La mail della giornalista a Corsini (Rai): \u00abSpero di aiutare in questo modo la trasmissione che mi ha&hellip;\n","protected":false},"author":3,"featured_media":662018,"comment_status":"","ping_status":"","sticky":false,"template":"","format":"standard","meta":{"footnotes":"","_share_on_mastodon":"0"},"categories":[6],"tags":[4240,364947,364948,1245,14,1109,4348,8,52,1537,90,89,8196,7,15,82,9,83,10,68,69,360710,4910,13,15839,11,80,84,12,81,85],"class_list":["post-662017","post","type-post","status-publish","format-standard","has-post-thumbnail","category-ultime-notizie","tag-aiutare","tag-aiutare-trasmissione","tag-aiutare-trasmissione-formata","tag-corsini","tag-cronaca","tag-direttore","tag-giornalista","tag-headlines","tag-indietro","tag-it","tag-italia","tag-italy","tag-mail","tag-news","tag-notizie","tag-notizie-di-cronaca","tag-notizie-principali","tag-notiziedicronaca","tag-notizieprincipali","tag-passo","tag-passo-indietro","tag-presutti","tag-report","tag-titoli","tag-trasmissione","tag-ultime-notizie","tag-ultime-notizie-di-cronaca","tag-ultime-notizie-e-news-di-oggi","tag-ultimenotizie","tag-ultimenotiziedicronaca","tag-ultimenotizieenewsdioggi"],"share_on_mastodon":{"url":"","error":"Validation failed: Text character limit of 500 exceeded"},"_links":{"self":[{"href":"https:\/\/www.europesays.com\/it\/wp-json\/wp\/v2\/posts\/662017","targetHints":{"allow":["GET"]}}],"collection":[{"href":"https:\/\/www.europesays.com\/it\/wp-json\/wp\/v2\/posts"}],"about":[{"href":"https:\/\/www.europesays.com\/it\/wp-json\/wp\/v2\/types\/post"}],"author":[{"embeddable":true,"href":"https:\/\/www.europesays.com\/it\/wp-json\/wp\/v2\/users\/3"}],"replies":[{"embeddable":true,"href":"https:\/\/www.europesays.com\/it\/wp-json\/wp\/v2\/comments?post=662017"}],"version-history":[{"count":0,"href":"https:\/\/www.europesays.com\/it\/wp-json\/wp\/v2\/posts\/662017\/revisions"}],"wp:featuredmedia":[{"embeddable":true,"href":"https:\/\/www.europesays.com\/it\/wp-json\/wp\/v2\/media\/662018"}],"wp:attachment":[{"href":"https:\/\/www.europesays.com\/it\/wp-json\/wp\/v2\/media?parent=662017"}],"wp:term":[{"taxonomy":"category","embeddable":true,"href":"https:\/\/www.europesays.com\/it\/wp-json\/wp\/v2\/categories?post=662017"},{"taxonomy":"post_tag","embeddable":true,"href":"https:\/\/www.europesays.com\/it\/wp-json\/wp\/v2\/tags?post=662017"}],"curies":[{"name":"wp","href":"https:\/\/api.w.org\/{rel}","templated":true}]}}