{"id":662050,"date":"2026-09-02T21:31:13","date_gmt":"2026-09-02T21:31:13","guid":{"rendered":"https:\/\/www.europesays.com\/it\/662050\/"},"modified":"2026-09-02T21:31:13","modified_gmt":"2026-09-02T21:31:13","slug":"i-voti-di-stagi-van-aert-pedersen-cort-i-big-oggi-sono-tutti-bocciati","status":"publish","type":"post","link":"https:\/\/www.europesays.com\/it\/662050\/","title":{"rendered":"I VOTI DI STAGI. VAN AERT, PEDERSEN, CORT: I BIG OGGI SONO TUTTI BOCCIATI"},"content":{"rendered":"<p>            <a class=\"category\" href=\"https:\/\/www.tuttobiciweb.it\/articles\/category\/I%20VOTI%20DEL%20DIRETTORE\" itemprop=\"about\" rel=\"nofollow noopener\" target=\"_blank\">I VOTI DEL DIRETTORE<\/a> | 01\/09\/2026 | 18:00<br \/>\n            <a class=\"author\" href=\"https:\/\/www.tuttobiciweb.it\/articles\/author\/Pier%20Augusto%20Stagi\" rel=\"nofollow noopener\" target=\"_blank\">di Pier Augusto Stagi<\/a><\/p>\n<p><strong>Bastien TRONCHON. 10 e lode.<\/strong> Il 24enne transalpino della Groupama FDJ vince di prepotenza, con lucida determinazione. Prende e va. Prima vittoria in stagione, la terza in carriera. Insomma, non \u00e8 quel che si dice un \u201ccecchino\u201d, ma per come vince oggi pare esserlo.\n            <\/p>\n<p><strong> Magnus CORT. 5,5.<\/strong> Per come ci arriva, ha tutto per mettersi tutti alle spalle, invece \u00e8 lui a dover guardare le spalle di Bastien.<strong> <\/strong>\n            <\/p>\n<p><strong>Thibau NYS. 6.<\/strong> Il 23enne belga della Lild-Trek trova un varco, ma resta in ogni caso imbottigliato.<\/p>\n<p><strong>Wout VAN AERT. 5,5.<\/strong> \u00c8 l\u00ec, ha la possibilit\u00e0 di fare la sua volata, non quella per Bennan, ma la sua non \u00e8 da antologia. Si consola incamerando altri punti pesanti per la maglia verde, sempre pi\u00f9 sulle sue spalle.<\/p>\n<p><strong> Alessandro ROMELE. 6,5.<\/strong> Oramai non \u00e8 pi\u00f9 una novit\u00e0, ma una costante: lui \u00e8 l\u00ec. Ha l\u2019intelligenza per trovare spazi, per difenderli, per trovare varchi e vie d\u2019uscita. \u00c8 un esordiente, ma impara in fretta.<\/p>\n<p><strong> Mads PEDERSEN. 5.<\/strong> Anche il danese pu\u00f2 alla fine sentirsi\u2026 stanchino. Lui abituato a correre a tutta, sempre e comunque, oggi in una tappa che sulla carta poteva anche sorridergli, vede affiorare gli sforzi pregressi, quelli del Tour. Ci sta.<\/p>\n<p><strong>Enzo PALENI. 7.<\/strong> Il corridore della Groupama-FDJ United porta via la fuga di giornata e con lui vanno in carrozza Michael Gogl (Alpecin-Premier Tech), Jasha S\u00fctterlin (Jayco AlUla), Fabian Weiss (Tudor), Sinquh\u00e9 Fernandez (Burgos Burpellet BH), Ivan Cobo (Equipo Kern Pharma) e Fredrik Dversnes (Uno-X Mobility). Questa l\u2019azione di riferimento, su un percorso fiaccante ed esigente. Nel finale arrivano a giocarsi lo sprint corridori di peso.<\/p>\n<p>\n    <a href=\"https:\/\/www.tuttobiciweb.it\/article\/2026\/09\/01\/1788280831\/cycling-tronchon-groupama-fdj-sprint-victory?lang=en\" rel=\"nofollow noopener\" target=\"_blank\"><img decoding=\"async\" src=\"https:\/\/www.europesays.com\/it\/wp-content\/uploads\/2025\/12\/enver.png\"\/><\/a><\/p>\n<p>Copyright &amp;copy TBW<\/p>\n","protected":false},"excerpt":{"rendered":"I VOTI DEL DIRETTORE | 01\/09\/2026 | 18:00 di Pier Augusto Stagi Bastien TRONCHON. 10 e lode. Il&hellip;\n","protected":false},"author":3,"featured_media":662051,"comment_status":"","ping_status":"","sticky":false,"template":"","format":"standard","meta":{"footnotes":"","_share_on_mastodon":"0"},"categories":[1456],"tags":[1824,1825,30939,1537,90,89,245,244,364963,2224,16741],"class_list":["post-662050","post","type-post","status-publish","format-standard","has-post-thumbnail","category-ciclismo","tag-ciclismo","tag-cycling","tag-groupama-fdj","tag-it","tag-italia","tag-italy","tag-sport","tag-sports","tag-tronchon","tag-vittoria","tag-volata"],"share_on_mastodon":{"url":"https:\/\/pubeurope.com\/@it\/117203585845225976","error":""},"_links":{"self":[{"href":"https:\/\/www.europesays.com\/it\/wp-json\/wp\/v2\/posts\/662050","targetHints":{"allow":["GET"]}}],"collection":[{"href":"https:\/\/www.europesays.com\/it\/wp-json\/wp\/v2\/posts"}],"about":[{"href":"https:\/\/www.europesays.com\/it\/wp-json\/wp\/v2\/types\/post"}],"author":[{"embeddable":true,"href":"https:\/\/www.europesays.com\/it\/wp-json\/wp\/v2\/users\/3"}],"replies":[{"embeddable":true,"href":"https:\/\/www.europesays.com\/it\/wp-json\/wp\/v2\/comments?post=662050"}],"version-history":[{"count":0,"href":"https:\/\/www.europesays.com\/it\/wp-json\/wp\/v2\/posts\/662050\/revisions"}],"wp:featuredmedia":[{"embeddable":true,"href":"https:\/\/www.europesays.com\/it\/wp-json\/wp\/v2\/media\/662051"}],"wp:attachment":[{"href":"https:\/\/www.europesays.com\/it\/wp-json\/wp\/v2\/media?parent=662050"}],"wp:term":[{"taxonomy":"category","embeddable":true,"href":"https:\/\/www.europesays.com\/it\/wp-json\/wp\/v2\/categories?post=662050"},{"taxonomy":"post_tag","embeddable":true,"href":"https:\/\/www.europesays.com\/it\/wp-json\/wp\/v2\/tags?post=662050"}],"curies":[{"name":"wp","href":"https:\/\/api.w.org\/{rel}","templated":true}]}}