{"id":662065,"date":"2026-09-02T21:45:15","date_gmt":"2026-09-02T21:45:15","guid":{"rendered":"https:\/\/www.europesays.com\/it\/662065\/"},"modified":"2026-09-02T21:45:15","modified_gmt":"2026-09-02T21:45:15","slug":"acer-ha-fatto-un-laptop-aggiornabile-e-facilissimo-da-riparare-zero-viti-e-prestazioni-super","status":"publish","type":"post","link":"https:\/\/www.europesays.com\/it\/662065\/","title":{"rendered":"Acer ha fatto un laptop aggiornabile e facilissimo da riparare. Zero viti e prestazioni super"},"content":{"rendered":"<p>A IFA 2026 Acer ha presentato Vero 16, un notebook da 16 pollici che fa della riparabilit\u00e0 fai-da-te uno dei suoi elementi pi\u00f9 interessanti. <\/p>\n<p>Acer ha introdotto un sistema che permette di aprire la scocca inferiore senza strumenti, cos\u00ec da facilitare l\u2019accesso ai componenti.<\/p>\n<p> <b>Batteria e SSD possono essere sostituiti direttamente dall\u2019utente,\u00a0<\/b>\ufeffbasta sganciare un connettore e togliere due viti.<b\/><\/p>\n<p><img decoding=\"async\" src=\"https:\/\/www.europesays.com\/it\/wp-content\/uploads\/2026\/09\/68a272_acer_vero_4.JPG\" data-fnumber=\"4\/1\" data-isospeed=\"2000\" data-exposure_time=\"1\/125\" data-image=\"72avdmy9k25e\"  \/>&#13;<\/p>\n<p>Nel caso di urti Acer ha pensato che le parti pi\u00f9 delicate sono gli angoli: ecco quindi che anche i due blocchi in alluminio, quelli che proteggono ingressi e uscite sui due lati possono essere smontate separatamente, sostituite ma anche aggiornate nel caso in cui si debba variare la dotazione di porte e connessioni.<\/p>\n<p><img decoding=\"async\" src=\"https:\/\/www.europesays.com\/it\/wp-content\/uploads\/2026\/09\/b657d7_acer_vero_8.JPG\" data-fnumber=\"4\/1\" data-isospeed=\"200\" data-exposure_time=\"1\/500\"  \/><\/p>\n<p>Altro elemento critico \u00e8 la cerniera, sollecitata da continue aperture e chiusure: Acer ha realizzato per il Vero una cerniera singola che si aggancia a scocca e cover con 6 viti, cosa che rende la sostituzione facilissima, senza il rischio di andare a toccare i delicati connettori dello schermo.<\/p>\n<p><img decoding=\"async\" src=\"https:\/\/www.europesays.com\/it\/wp-content\/uploads\/2026\/09\/6198cf_acer_vero_9.JPG\" data-fnumber=\"4\/1\" data-isospeed=\"200\" data-exposure_time=\"1\/250\"  \/><\/p>\n<p>Non solo il Vero \u00e8 riparabile: Acer ha pensato anche di progettarlo per <b>supportare l&#8217;aggiornamento del processore per almeno due generazioni<\/b>. L&#8217;intero blocco della motherboard, con il processore saldato, pu\u00f2 essere sostituito.<\/p>\n<p><img decoding=\"async\" src=\"https:\/\/www.europesays.com\/it\/wp-content\/uploads\/2026\/09\/11624f_acer_vero_5.JPG\" data-fnumber=\"4\/1\" data-isospeed=\"400\" data-exposure_time=\"1\/125\"  \/><\/p>\n<p>Lo stesso vale per le ventole e per tutti gli altri moduli: se una nuova piattafirma dovesse supportare un nuovo standard che richiede un connettore particolare sar\u00e0 possibile cambiare la sola scheda, con la relativa maschera.<\/p>\n<p><img decoding=\"async\" src=\"https:\/\/www.europesays.com\/it\/wp-content\/uploads\/2026\/09\/bf8c45_acer_vero_6.JPG\" data-fnumber=\"4\/1\" data-isospeed=\"640\" data-exposure_time=\"1\/125\" data-image=\"cf9nf2k5g56l\"  \/>&#13;<\/p>\n<p>Sul telaio \u00e8 presente perfino una guida visiva incisa direttamente sulla scocca per aiutare durante le operazioni di riparazione.<\/p>\n<p><img decoding=\"async\" src=\"https:\/\/www.europesays.com\/it\/wp-content\/uploads\/2026\/09\/6860d3_acer_vero_2.JPG\" data-fnumber=\"4\/1\" data-isospeed=\"320\" data-exposure_time=\"1\/60\" data-image=\"o0pf54vrcrml\"  \/>&#13;<br \/>\nUn vero top di gamma con processori Intel Core e schermi OLED&#13;<\/p>\n<p>La gamma di processori con i quali sar\u00e0 disponibile il Vero comprende Intel Core Ultra X9 388H, Core Ultra X7 358H, Core Ultra 9 386H, Core Ultra 7 355, Core Ultra 5 325 e Core Ultra 5 322. A seconda della configurazione, sono disponibili Intel Arc B390 oppure Intel Graphics integrata. <\/p>\n<p>La memoria arriva fino a 32 GB di LPDDR5X, mentre lo storage \u00e8 affidato a un SSD PCIe Gen 4 NVMe con capacit\u00e0 massima di 512 GB.<\/p>\n<p>&#13;<\/p>\n<p>Nella versione top di gamma \u00e8 integrato un pannello OLED WQXGA+ da 16 pollici (2880 x 1800) con frequenza di aggiornamento fino a 120 Hz e copertura del 100% dello spazio colore DCI-P3. La luminosit\u00e0 di picco arriva a 500 nit ed \u00e8 presente la certificazione True Black HDR 500.<\/p>\n<p>&#13;<\/p>\n<p>Sono previste anche due varianti OLED WUXGA (1920 x 1200)\u00a0 a 60 Hz, una senza funzionalit\u00e0 touch con copertura DCI-P3 del 100% e luminosit\u00e0 di 300 nit e un&#8217;altra invece con schermo touch una touchscreen con copertura del 95% DCI-P3 e luminosit\u00e0 di 250 nit.<\/p>\n<p>&#13;<\/p>\n<p>La fotocamera frontale \u00e8 una IR da 5 MP, dotata di otturatore fisico per la privacy. La presenza del sensore a infrarossi permette anche l\u2019autenticazione biometrica tramite Windows Hello.<\/p>\n<p>&#13;<\/p>\n<p>Sono presenti due Thunderbolt 4, una USB 3.2 Gen 1 Type-A, una USB 3.2 Gen 2 Type-A, un lettore di schede SD, una HDMI 2.1 con supporto HDCP e il jack audio combinato da 3,5 mm. La connettivit\u00e0 wireless prevede Wi-Fi 7 e Bluetooth 5.6. La batteria \u00e8 un\u2019unit\u00e0 da 71 Wh con supporto alla ricarica rapida.<\/p>\n<p>&#13;<\/p>\n<p>Acer Vero 16 sar\u00e0 disponibile in Europa dal primo trimestre del 2027. Il prezzo non \u00e8 stato ancora comunicato.<\/p>\n","protected":false},"excerpt":{"rendered":"A IFA 2026 Acer ha presentato Vero 16, un notebook da 16 pollici che fa della riparabilit\u00e0 fai-da-te&hellip;\n","protected":false},"author":3,"featured_media":662066,"comment_status":"","ping_status":"","sticky":false,"template":"","format":"standard","meta":{"footnotes":"","_share_on_mastodon":"0"},"categories":[173],"tags":[1537,90,89,195,198,199,197,200,201,194,196],"class_list":["post-662065","post","type-post","status-publish","format-standard","has-post-thumbnail","category-scienza-e-tecnologia","tag-it","tag-italia","tag-italy","tag-science","tag-science-and-technology","tag-scienceandtechnology","tag-scienza","tag-scienza-e-tecnologia","tag-scienzaetecnologia","tag-technology","tag-tecnologia"],"share_on_mastodon":{"url":"https:\/\/pubeurope.com\/@it\/117203640896332421","error":""},"_links":{"self":[{"href":"https:\/\/www.europesays.com\/it\/wp-json\/wp\/v2\/posts\/662065","targetHints":{"allow":["GET"]}}],"collection":[{"href":"https:\/\/www.europesays.com\/it\/wp-json\/wp\/v2\/posts"}],"about":[{"href":"https:\/\/www.europesays.com\/it\/wp-json\/wp\/v2\/types\/post"}],"author":[{"embeddable":true,"href":"https:\/\/www.europesays.com\/it\/wp-json\/wp\/v2\/users\/3"}],"replies":[{"embeddable":true,"href":"https:\/\/www.europesays.com\/it\/wp-json\/wp\/v2\/comments?post=662065"}],"version-history":[{"count":0,"href":"https:\/\/www.europesays.com\/it\/wp-json\/wp\/v2\/posts\/662065\/revisions"}],"wp:featuredmedia":[{"embeddable":true,"href":"https:\/\/www.europesays.com\/it\/wp-json\/wp\/v2\/media\/662066"}],"wp:attachment":[{"href":"https:\/\/www.europesays.com\/it\/wp-json\/wp\/v2\/media?parent=662065"}],"wp:term":[{"taxonomy":"category","embeddable":true,"href":"https:\/\/www.europesays.com\/it\/wp-json\/wp\/v2\/categories?post=662065"},{"taxonomy":"post_tag","embeddable":true,"href":"https:\/\/www.europesays.com\/it\/wp-json\/wp\/v2\/tags?post=662065"}],"curies":[{"name":"wp","href":"https:\/\/api.w.org\/{rel}","templated":true}]}}