{"id":662069,"date":"2026-09-02T21:47:17","date_gmt":"2026-09-02T21:47:17","guid":{"rendered":"https:\/\/www.europesays.com\/it\/662069\/"},"modified":"2026-09-02T21:47:17","modified_gmt":"2026-09-02T21:47:17","slug":"vaticano-la-grande-attesa-per-i-nuovi-cardinali-il-tempo","status":"publish","type":"post","link":"https:\/\/www.europesays.com\/it\/662069\/","title":{"rendered":"Vaticano, la grande attesa per i nuovi cardinali \u2013 Il Tempo"},"content":{"rendered":"<p>            <img decoding=\"async\" src=\"https:\/\/www.europesays.com\/it\/wp-content\/uploads\/2026\/09\/173124377-4d988956-8054-4205-9169-645c815956ed.jpg\" class=\"lazy\" alt=\"\"\/><\/p>\n<p>\t\t\t\t\t\t\t<a href=\"\" class=\"author\">Francesco Capozza<\/a><\/p>\n<p>\t\t\t\t\t\t\t02 settembre 2026<\/p>\n<p>Oltre le sacre mura (e non solo) c\u2019\u00e8 grande attesa per le prime nomine cardinalizie di Leone XIV. Anche in questo caso, come raccontato da Il Tempo nel reportage di ieri dedicato all\u2019inconsueto temporeggiare del pontefice statunitense su molte questioni di governo, Prevost pare voler attendere ancora un po&#8217; prima di imporre le \u00absue\u00bb berrette rosse. Basterebbe ricordare che l\u2019immediato predecessore, Francesco, convoc\u00f2 il suo primo Concistoro per la creazione di 19 nuovi porporati dopo appena dieci mesi dalla propria elezione per comprendere la differenza tra colui che in poco tempo fiss\u00f2 la sua agenda politica iniziando speditamente a piazzare i propri uomini al vertice della Chiesa e l\u2019attuale papa, che, al contrario, sembrerebbe tollerare benissimo la convivenza con un collegio cardinalizio in gran parte di nomina bergogliana. Certo, non tutti i pontefici sono stati dei distributori automatici di cappelli purpurei come Bergoglio (in 12 anni ha convocato la bellezza di 10 concistori e creato 163 cardinali) e, a parte rare eccezioni come Pio XII, tutti i papi recenti hanno rimpolpato il Senato della Chiesa man mano che i seggi disponibili divenivano vacanti.<\/p>\n<p>Uno dei nodi che si trova a dirimere Leone XIV \u00e8 proprio questo: il numero massimo di cardinali elettori fissato in 120 da Paolo VI e confermato da Giovanni Paolo II. Come il lettore ricorder\u00e0, alla morte di Francesco il collegio elettorale lasciato dal pontefice argentino risultava composto da ben 134 elettori, cio\u00e8 tutti i cardinali con meno di ottant\u2019anni titolati ad eleggerne il successore. La questione dest\u00f2 non poca preoccupazione in Vaticano, perch\u00e9 di fatto Bergoglio aveva derogato ad una norma costituzionale e nei giorni precedenti il Conclave ci fu addirittura qualcuno che mise in dubbio la validit\u00e0 canonica dei quattordici elettori in eccesso. A quanto risulta a questo quotidiano da fonti anch\u2019esse munite di porpora, Prevost &#8211; ben conscio della polemica appena citata &#8211; avrebbe deciso di tornare a rispettare le regole imposte dai suoi antecessori, rimanendo quindi entro il numero massimo di porporati consentito.<\/p>\n<p>Attualmente, dopo sedici mesi dall\u2019ultimo Conclave, i cardinali con meno di 80 primavere sono scesi a 116, ma nessun altro principe della Chiesa \u00e8 nato nella seconda met\u00e0 del 1946 e pertanto, fino almeno al 16 gennaio 2027, quando arriver\u00e0 alla fatidica soglia il cardinale canadese Thomas Christopher Collins, i posti disponibili sono soltanto quattro. Mesi fa era girata insistentemente la voce, poi smentita dai fatti, che Leone volesse inserire nel contesto del Concistoro ordinario di fine giugno anche l\u2019elevazione alla porpora di almeno cinque presuli. Il motivo? Creare cardinale il suo successore alla guida del dicastero per i Vescovi, monsignor Filippo Iannone, stimatissimo dal papa. L\u2019idea, corroborata dal precedente storico dell\u2019ultima elevazione di Paolo VI nel 1977 in cui Montini impose la berretta a quattro nuovi cardinali (tra cui Ratzinger) solo per darla al suo fidatissimo sostituto Giovanni Benelli, vittima di una cospirazione curiale che aveva imposto al pontefice di trasferirlo a Firenze, \u00e8 stata per\u00f2 subito scartata dal papa felicemente regnante. Chiaro \u00e8, perci\u00f2, che le nostre fonti non sbagliano.<\/p>\n<p>Possiamo quindi affermare, vista per di pi\u00f9 l\u2019apparente volont\u00e0 di Leone XIV di tornare ad una certa \u00abnormalit\u00e0\u00bb, che questo pontefice nominer\u00e0 i suoi primi cardinali o a novembre, in occasione della festivit\u00e0 del Cristo Re, oppure a febbraio, quando la Chiesa celebra la solennit\u00e0 della Cattedra di San Pietro, occasione tipica per l\u2019indizione di un Concistoro.\u00a0Detto questo, le vere domande che molti osservatori si pongono sono: chi nominer\u00e0 Prevost? Con che criterio sceglier\u00e0 i suoi principali collaboratori nonch\u00e9 elettori del futuro pontefice? Bergoglio, con un metodo tutto suo e da pochi compreso, aveva scelto di non rispettare la prassi consolidata che prevedeva determinate diocesi o taluni incarichi apicali aventi diritto automaticamente alla porpora. Alla sua morte, infatti, decine di capitali mondiali sono rimaste prive di un rappresentante in Conclave. Su tutte spicca certamente la \u00absua\u00bb Buenos Aires, ma anche Varsavia, Sidney, Los Angeles, San Francisco e, per l\u2019Italia, Venezia e Milano, che da sole nel Novecento hanno donato alla Chiesa cinque papi su otto.<\/p>\n<p>Proprio di ieri \u00e8 la notizia che Leone XIV ha prorogato mons. Mario Delpini, il primo Arcivescovo meneghino privato (da Bergoglio) della tonaca rossa, per un altro anno. Al suo posto, come Il Tempo ha rivelato mesi fa, dovrebbe arrivare il cardinale Pierbattista Pizzaballa, sempre che la situazione a Gaza si sia normalizzata.\u00a0Come abbiamo scritto ieri, un governo, che sia laico oppure no, si misura dalle nomine e dagli uomini scelti al vertice della piramide di potere: Leone dar\u00e0 spazio a personalit\u00e0 del mondo conservatore, specie americano?\u00a0Torner\u00e0 a rispettare le regole non scritte sull\u2019assegnazione delle berrette rosse ai titolari di arcidiocesi metropolitane? Oppure seguir\u00e0 il metodo \u00abterzomondista\u00bb di Bergoglio? Su questo, e soprattutto su questo, si valuter\u00e0 un intero pontificato.<br \/>\u00a0<\/p>\n","protected":false},"excerpt":{"rendered":"Francesco Capozza 02 settembre 2026 Oltre le sacre mura (e non solo) c\u2019\u00e8 grande attesa per le prime&hellip;\n","protected":false},"author":3,"featured_media":662070,"comment_status":"","ping_status":"","sticky":false,"template":"","format":"standard","meta":{"footnotes":"","_share_on_mastodon":"0"},"categories":[160],"tags":[14,164,165,1350,166,7,15,690,11,167,12,168,1329,161,162,163],"class_list":["post-662069","post","type-post","status-publish","format-standard","has-post-thumbnail","category-mondo","tag-cronaca","tag-dal-mondo","tag-dalmondo","tag-leone-xiv","tag-mondo","tag-news","tag-notizie","tag-papa","tag-ultime-notizie","tag-ultime-notizie-di-mondo","tag-ultimenotizie","tag-ultimenotiziedimondo","tag-vaticano","tag-world","tag-world-news","tag-worldnews"],"share_on_mastodon":{"url":"https:\/\/pubeurope.com\/@it\/117203648149809792","error":""},"_links":{"self":[{"href":"https:\/\/www.europesays.com\/it\/wp-json\/wp\/v2\/posts\/662069","targetHints":{"allow":["GET"]}}],"collection":[{"href":"https:\/\/www.europesays.com\/it\/wp-json\/wp\/v2\/posts"}],"about":[{"href":"https:\/\/www.europesays.com\/it\/wp-json\/wp\/v2\/types\/post"}],"author":[{"embeddable":true,"href":"https:\/\/www.europesays.com\/it\/wp-json\/wp\/v2\/users\/3"}],"replies":[{"embeddable":true,"href":"https:\/\/www.europesays.com\/it\/wp-json\/wp\/v2\/comments?post=662069"}],"version-history":[{"count":0,"href":"https:\/\/www.europesays.com\/it\/wp-json\/wp\/v2\/posts\/662069\/revisions"}],"wp:featuredmedia":[{"embeddable":true,"href":"https:\/\/www.europesays.com\/it\/wp-json\/wp\/v2\/media\/662070"}],"wp:attachment":[{"href":"https:\/\/www.europesays.com\/it\/wp-json\/wp\/v2\/media?parent=662069"}],"wp:term":[{"taxonomy":"category","embeddable":true,"href":"https:\/\/www.europesays.com\/it\/wp-json\/wp\/v2\/categories?post=662069"},{"taxonomy":"post_tag","embeddable":true,"href":"https:\/\/www.europesays.com\/it\/wp-json\/wp\/v2\/tags?post=662069"}],"curies":[{"name":"wp","href":"https:\/\/api.w.org\/{rel}","templated":true}]}}