{"id":662073,"date":"2026-09-02T21:49:15","date_gmt":"2026-09-02T21:49:15","guid":{"rendered":"https:\/\/www.europesays.com\/it\/662073\/"},"modified":"2026-09-02T21:49:15","modified_gmt":"2026-09-02T21:49:15","slug":"centenario-fiorentina-batistuta-baggio-e-totti-lamichevole","status":"publish","type":"post","link":"https:\/\/www.europesays.com\/it\/662073\/","title":{"rendered":"Centenario Fiorentina: Batistuta, Baggio e Totti, l&#8217;amichevole"},"content":{"rendered":"<p>                                Fiorentina All Stars-Operazione Nostalgia in campo per i 100 anni della squadra viola: 20mila tifosi hanno riabbracciato Bati, Mutu e Pazzini. Finisce 7-3 tra cori e maglie storiche<\/p>\n<p>            <a class=\"image is-50x50\" href=\"https:\/\/www.gazzetta.it\/redazione\/lorenzo-cascini\/\" rel=\"nofollow noopener\" target=\"_blank\"><br \/>\n                <img decoding=\"async\" class=\"is-rounded\" src=\"https:\/\/www.europesays.com\/it\/wp-content\/uploads\/2025\/12\/lorenzo-cascini_avatar.png\" alt=\"Lorenzo Cascini\"\/><br \/>\n            <\/a><\/p>\n<p>Giornalista<\/p>\n<p>                    2 settembre &#8211; 22:47  &#8211; MILANO<\/p>\n<p class=\"paragraph\" spellcheck=\"true\">&#8220;Da chi ti sei vestito oggi? Io da Bati&#8221;. &#8220;No, io sono Rui Costa&#8221;. Due tifosi scherzano cos\u00ec prima della partita e sembra di essere tornati indietro di venticinque anni. Oggi i figli di allora sono diventati padri e cantano &#8220;Batigol, Batigol&#8221;. A Firenze stasera il clima \u00e8 di pura festa, non contano classifica e risultati attuali. Prevalgono le emozioni, i ricordi e i racconti di chi c\u2019era quando queste leggende incantavano l\u2019Italia e l\u2019Europa con la maglia della Fiorentina.<\/p>\n<p>    Applausi per Robi\u2014 \u00a0<\/p>\n<p class=\"paragraph is-inline\" spellcheck=\"true\">Gi\u00e0 dal calcio d\u2019inizio ci si commuove. Sposti lo sguardo verso il centrocampo e vedi Baggio con la maglia del centenario della Fiorentina dare il via alla sfida accanto a Batistuta. Dietro di loro Mutu con la dieci, Ribery e Toni. Attacco stellare per la squadra delle vecchie glorie viola. A far legna ci pensano il Pek Pizarro &#8211; apparso in una buona condizione fisica e con il solito elegantissimo tocco di palla &#8211; e Borja Valero, che da queste parti \u00e8 per tutti il sindaco. Dall\u2019altra parte nel cerchio di centrocampo c\u2019\u00e8 Totti, con cui Robi si abbraccia tra gli applausi del Franchi prima di iniziare. L\u2019ex campione della Roma \u00e8 tra i piu in forma tra i suoi, numero dieci e capitano della squadra di Operazione Nostalgia. Nella ripresa Francesco riesce anche a segnare super gol con un destro a giro all\u2019angolino. Alla fine al Franchi finisce 7-3, tra gli applausi dei 20mila presenti.<\/p>\n<p>    Bati Mania\u2014 \u00a0<\/p>\n<p class=\"paragraph is-inline\" spellcheck=\"true\">Ogni volta che il Re Leone tocca il pallone al Franchi ci si alza in piedi. Quando segna lo stadio esplode: sua la firma sul secondo e sul terzo gol. Uno su assist di Toni, un altro infilando in rete un cioccolatino di Ribery, tra i migliori in campo. E la Fiesole pu\u00f2 contare. &#8220;Mi innamoro solo se segna Batistuta&#8221;. Gli applausi per Bati proseguono anche quando lascia il campo dopo 25\u2019 per far posto a Pazzini. Standing ovation. E dopo due gol di Bati e uno di Toni, a Firenze mancava solo il sigillo di Adrian Mutu. Arriva al minuto 27 ed \u00e8 una magia: destro all\u2019incrocio, imparabile per Abbiati. Sembra di essere tornati indietro di quindici anni. E la sensazione la si ha anche sentendo il coro dei tifosi. &#8220;Il Fenomeno ce l\u2019abbiamo noi&#8221;, cantano. Lui ringrazia, s\u2019inchina e sorride. Bellissimo pure l\u2019abbraccio con Prandelli al momento della sostituzione e il saluto ai tifosi con la mano sul cuore. All\u2019appello, poi, non poteva mancare Pazzini. Il Pazzo punge su cross di Torricelli, tirando una cannonata sotto la traversa. \u00c8 viola show. Le stelle brillano tutte. Nel secondo tempo c\u2019\u00e8 spazio anche per Jovetic, acclamatissimo con l\u20198 sulle spalle.<\/p>\n<p><a class=\"is-partner-link\" href=\"https:\/\/ad.doubleclick.net\/ddm\/trackclk\/N1792338.340088CAIRORCSMEDIAS.P.\/B28038690.452531709;dc_trk_aid=646241311;dc_trk_cid=173665161;dc_lat=;dc_rdid=;tag_for_child_directed_treatment=;tfua=;gdpr=%24%7BGDPR%7D;gdpr_consent=%24%7BGDPR_CONSENT_755%7D;ltd=;dc_tdv=1\" rel=\"nofollow noopener\" target=\"_blank\">Guarda tutte le partite di Serie A Enilive in esclusiva nei locali Sky! Trova il locale pi\u00f9 vicino a te.<\/a><\/p>\n<p>    Maglie e ricordi\u2014 \u00a0<\/p>\n<p class=\"paragraph is-inline\" spellcheck=\"true\">In tribuna vincono i ricordi. Nei racconti, nelle maglie indossate, negli sguardi dei tifosi presenti. Della serie\u2026 &#8220;ti ricordi quando\u2026?&#8221;. E spazio alla nostalgia. C\u2019\u00e8 chi indossa la divisa di Rigan\u00f2, chi quella di Jorgensen, poi Pasqual, Mutu e cos\u00ec via. C\u2019\u00e8 chi va pi\u00f9 sul vintage, con maglie degli anni ottanta e novanta. Ci sono nonni, padri e figli. Generazioni a confronto. Oggi vale tutto. Chi c\u2019era allora si emoziona a ripensare alla Fiorentina che fu e chi non l\u2019ha vissuta e pu\u00f2 solo sognare con la fantasia. Nella speranza di rivedere altri fenomeni e magari un altro Re Leone. Per oggi bastano e avanzano Gabriel Omar, Adrian e tutte le altre leggende.<\/p>\n<p class=\"is-copyright\">\u00a9 RIPRODUZIONE RISERVATA<\/p>\n","protected":false},"excerpt":{"rendered":"Fiorentina All Stars-Operazione Nostalgia in campo per i 100 anni della squadra viola: 20mila tifosi hanno riabbracciato Bati,&hellip;\n","protected":false},"author":3,"featured_media":662074,"comment_status":"","ping_status":"","sticky":false,"template":"","format":"standard","meta":{"footnotes":"","_share_on_mastodon":"0"},"categories":[6],"tags":[79713,14516,7768,16468,8290,364968,364969,364970,103287,921,3213,65650,7204,26675,6985,14,3257,5316,2097,9110,2731,3224,2263,2266,41027,1976,8,52,1537,90,89,50988,649,21595,2219,55415,103899,7,41963,15,82,9,83,10,811,129348,2176,1857,6035,13,24416,11,80,84,12,81,85,7004],"class_list":["post-662073","post","type-post","status-publish","format-standard","has-post-thumbnail","category-ultime-notizie","tag-bati","tag-abbraccia","tag-adrian","tag-applausi","tag-baggio","tag-bati-rui","tag-bati-rui-costa","tag-batigol","tag-batistuta","tag-campo","tag-cantano","tag-centenario","tag-centrocampo","tag-cori","tag-costa","tag-cronaca","tag-destro","tag-dieci","tag-far","tag-fiesole","tag-figli","tag-finisce","tag-fiorentina","tag-firenze","tag-franchi","tag-gol","tag-headlines","tag-indietro","tag-it","tag-italia","tag-italy","tag-leggende","tag-leone","tag-magia","tag-maglia","tag-maglie","tag-mutu","tag-news","tag-nostalgia","tag-notizie","tag-notizie-di-cronaca","tag-notizie-principali","tag-notiziedicronaca","tag-notizieprincipali","tag-operazione","tag-pazzini","tag-ricordi","tag-squadra","tag-tifosi","tag-titoli","tag-toni","tag-ultime-notizie","tag-ultime-notizie-di-cronaca","tag-ultime-notizie-e-news-di-oggi","tag-ultimenotizie","tag-ultimenotiziedicronaca","tag-ultimenotizieenewsdioggi","tag-viola"],"share_on_mastodon":{"url":"","error":"Validation failed: Text character limit of 500 exceeded"},"_links":{"self":[{"href":"https:\/\/www.europesays.com\/it\/wp-json\/wp\/v2\/posts\/662073","targetHints":{"allow":["GET"]}}],"collection":[{"href":"https:\/\/www.europesays.com\/it\/wp-json\/wp\/v2\/posts"}],"about":[{"href":"https:\/\/www.europesays.com\/it\/wp-json\/wp\/v2\/types\/post"}],"author":[{"embeddable":true,"href":"https:\/\/www.europesays.com\/it\/wp-json\/wp\/v2\/users\/3"}],"replies":[{"embeddable":true,"href":"https:\/\/www.europesays.com\/it\/wp-json\/wp\/v2\/comments?post=662073"}],"version-history":[{"count":0,"href":"https:\/\/www.europesays.com\/it\/wp-json\/wp\/v2\/posts\/662073\/revisions"}],"wp:featuredmedia":[{"embeddable":true,"href":"https:\/\/www.europesays.com\/it\/wp-json\/wp\/v2\/media\/662074"}],"wp:attachment":[{"href":"https:\/\/www.europesays.com\/it\/wp-json\/wp\/v2\/media?parent=662073"}],"wp:term":[{"taxonomy":"category","embeddable":true,"href":"https:\/\/www.europesays.com\/it\/wp-json\/wp\/v2\/categories?post=662073"},{"taxonomy":"post_tag","embeddable":true,"href":"https:\/\/www.europesays.com\/it\/wp-json\/wp\/v2\/tags?post=662073"}],"curies":[{"name":"wp","href":"https:\/\/api.w.org\/{rel}","templated":true}]}}