{"id":662111,"date":"2026-09-02T22:30:12","date_gmt":"2026-09-02T22:30:12","guid":{"rendered":"https:\/\/www.europesays.com\/it\/662111\/"},"modified":"2026-09-02T22:30:12","modified_gmt":"2026-09-02T22:30:12","slug":"mostra-del-cinema-clooney-gli-inizi-come-attore-cercavo-solo-di-pagare-laffitto-ed-evitare-di-tornare-in-kentucky-a-lavorare-il-tabacco-non-faro-piu-il-regista-per-stare-con-i-miei","status":"publish","type":"post","link":"https:\/\/www.europesays.com\/it\/662111\/","title":{"rendered":"Mostra del Cinema, Clooney: \u00abGli inizi come attore? Cercavo solo di pagare l\u2019affitto ed evitare di tornare in Kentucky a lavorare il tabacco. Non far\u00f2 pi\u00f9 il regista per stare con i miei figli\u00bb"},"content":{"rendered":"<p>    di<br \/>\n    Chiara Maffioletti<\/p>\n<p class=\"summary-art is-line-h-12\">L&#8217;attore ha ricevuto ieri il Leone d&#8217;Oro alla Carriera: \u00abHo pensato due cose: sono molto onorato e sapete qualcosa che io non so? Avete parlato con i miei medici?\u00bb<\/p>\n<p class=\"chapter-paragraph\">Con George Clooney, Venezia ha trovato il suo re. Un re simpatico, per\u00f2,  che gi\u00e0 dal tappeto rosso, in quella che \u00e8 stata la sua giornata, ha abbandonato corona e scettro per incontrare la folla che lo acclamava, stringendo pi\u00f9 mani possibili, e  riproponendo anche l\u2019ormai celebre gag di lui che prende  la macchina fotografica e inverte le parti,<b> scattando verso il muro di fotografi che urla il suo nome. Questo perch\u00e9, in fondo, per Clooney \u00e8 sempre tutta una questione di prospettive<\/b>, come ha ribadito anche alla consegna del Leone d\u2019Oro alla carriera  o, come ha detto Laura Dern nella laudatio, della \u00abmezza carriera, perch\u00e9 hai ancora tanti film, tanta arte da regalarci\u00bb. Il dato \u00e8 che anche grazie a Clooney, la cerimonia d\u2019apertura della Mostra condotta da Greta Scarano e Nicolas Maupas \u00e8 stata emozionante e divertente allo stesso tempo. Un po\u2019 per l\u2019irrefrenabile voglia del divo di scherzare (inquadrato in primo piano, ha commentato con espressioni buffe tutti i passaggi pi\u00f9 solenni su di lui), un po\u2019 per quel non prendersi mai del tutto sul serio. \u00ab<b>Quando ti dicono che stai per ricevere un premio alla carriera,  ci sono due cose che ti vengono in mente. La prima \u00e8: che onore incredibile. La seconda: \u201cMa  sanno qualcosa che io non so? Hanno parlato con i miei medici?\u201d<\/b>\u00bb, ha esordito Clooney nel suo discorso che ha ricapitolato 45 anni di carriera nata \u2014 parole sue \u2014  per caso: \u00abPer la maggior parte del tempo, cercavo semplicemente di pagare l\u2019affitto ed evitare di tornare in Kentucky a lavorare il tabacco\u00bb.<\/p>\n<p class=\"chapter-paragraph\">Del resto, \u00abquando inizi a riflettere sugli anni trascorsi, ti rendi conto che non hai avuto tanto una carriera, quanto una serie di fortunate coincidenze\u00bb.  In particolare, \u00e8 successo che \u00abqualcuno mi ha dato il mio primo lavoro. Qualcun altro il secondo. Un regista ha visto qualcosa in me che  non ero ancora riuscito a vedere\u00bb e via dicendo<b>, fino a quando \u00abcon il tempo, inizi a renderti conto che nessuno arriva da nessuna parte da solo<\/b>\u00bb. E qui, il discorso si \u00e8 fatto pi\u00f9 politico, tanto che \u2014 pur avendo Clooney, a margine dei suoi incontri di ieri, nuovamente smentito  di avere mire presidenziali \u2014, viene da pensare che sarebbe  un ruolo che interpreterebbe benissimo. \u00abNessuno ride in una lingua diversa \u2014 ha  proseguito \u2014. Nessuno piange in una lingua diversa. I genitori si preoccupano allo stesso modo. I bambini sognano allo stesso modo. <b>L\u2019amore \u00e8 sorprendentemente simile in ogni lingua. <\/b>E questo rende difficile credere che siamo davvero cos\u00ec diversi come ci viene continuamente detto\u00bb.    &#13;<br \/>\n&#13;<br \/>\n&#13;<br \/>\n&#13;<br \/>\n&#13;<br \/>\n&#13;<br \/>\n&#13;<br \/>\n&#13;<br \/>\n&#13;<br \/>\n&#13;<br \/>\n&#13;<br \/>\n&#13;<br \/>\n&#13;<br \/>\n&#13;<br \/>\n&#13;<br \/>\n&#13;<br \/>\n&#13;<br \/>\n&#13;<br \/>\n&#13;<br \/>\n&#13;<br \/>\n&#13;<br \/>\n&#13;<br \/>\n&#13;<br \/>\n&#13;<br \/>\n&#13;<br \/>\n&#13;<br \/>\n&#13;<br \/>\n&#13;<br \/>\n&#13;<br \/>\n&#13;<br \/>\n&#13;<br \/>\n&#13;<br \/>\n&#13;<br \/>\n&#13;<br \/>\n&#13;<br \/>\n&#13;<br \/>\n&#13;<br \/>\n&#13;<br \/>\n&#13;<br \/>\n&#13;<br \/>\n&#13;<br \/>\n&#13;<br \/>\n&#13;<br \/>\n&#13;<br \/>\n&#13;<br \/>\n&#13;<br \/>\n&#13;<br \/>\n&#13;<br \/>\n&#13;<br \/>\n&#13;<br \/>\n&#13;<br \/>\n&#13;<br \/>\n&#13;\n<\/p>\n<p class=\"chapter-paragraph\">E ancora: \u00abStiamo vivendo un momento in cui le persone al potere ci dicono di avere paura gli uni degli altri. Ma noi sappiamo che non \u00e8 cos\u00ec, vero? La storia ci insegna qualcosa.  <b>Le prime persone che gli autoritari cercano di mettere a tacere non sono i politici. Sono i giornalisti che fanno domande<\/b>\u00bb. Applausi.  \u00abLe storie sono sempre pericolose per chi alimenta la paura. Quindi s\u00ec, i film non fermano le guerre. Non fanno scendere l\u2019inflazione. Non aggiustano le elezioni. Ma ci ricordano che uno sconosciuto non \u00e8 mai davvero uno sconosciuto, e che potrebbe essere proprio l\u2019eroe della storia di qualcun altro\u00bb.<\/p>\n<p class=\"chapter-paragraph\">Un discorso che \u00e8 poi l\u2019elaborazione di  concetti gi\u00e0 espressi dall\u2019attore, meno velatamente, durante la conferenza stampa di ieri mattina.   Clooney, infatti, parlando dell\u2019amministrazione Trump, aveva detto: \u00abAbbiamo attraversato molti momenti difficili e questo \u00e8 uno di quelli.  <b>C\u2019\u00e8 un termine fantastico, kakistocracy, che indica un Paese governato dalle persone meno qualificate. Ora ci troviamo in una cachistocrazia<\/b>, ma ce la faremo&#8230; a novembre si vota e poi ci sono le elezioni nel 2028 e se tutto va bene torneremo ad una situazione di normalit\u00e0\u00bb. Quindi, l\u2019affondo: \u00abIl segretario della Difesa twitta con ironia immagini di donne militari del Canada. Dove \u00e8  finito il senso della decenza? \u00c8 una vergogna, ma  ne usciremo migliori\u00bb.<\/p>\n<p class=\"chapter-paragraph\">Ieri, dopotutto, era una giornata di festa e di riflessioni: \u00abHo 65 anni, tutto \u00e8 un po\u2019 malinconico&#8230; anche quando ti lavi i denti ti guardi e pensi: erano molto pi\u00f9 belli una volta\u00bb. <b>Il vero cambiamento, per\u00f2, \u00e8 legato alle sue priorit\u00e0: sua moglie e i suoi due figli, \u00abche sono poi le uniche persone al mondo convinte che io sia stato un buon Batman\u00bb<\/b>. Per loro Clooney ha scelto di smettere di fare il regista: \u00ab<b>Non lavoro pi\u00f9 come regista perch\u00e9 ora che i miei bambini sono cresciuti  non voglio pi\u00f9 assentarmi per molto tempo: <\/b>una regia richiede almeno un anno lontano da casa, se fai l\u2019attore al massimo tre mesi\u00bb.  Il progetto, quindi, \u00e8 continuare a recitare, meglio se con amici come  Brad Pitt e Matt Damon: \u00abLi adoro, tanto  che torniamo a girare assieme ogni volta che ne abbiamo la possibilit\u00e0\u00bb.  E proprio Pitt \u00e8 stato tra chi ha fatto arrivare ieri a Clooney un messaggio d\u2019affetto. In cui, per la precisione,  lo ha paragonato al Gouda, \u00abun formaggio che invecchiando migliora\u00bb. Come lui la pensava anche la sala, che si \u00e8 alzata in una standing ovation alla fine del discorso del divo. Poi \u00e8 scappato via, un po\u2019 come Batman. <b>Del resto, aveva anticipato i suoi propositi per il resto della  serata:  \u00abFestegger\u00f2 in un solo modo: bevendo<\/b>\u00bb.<\/p>\n<p class=\"is-last-update\" datetime=\"2026-09-02T21:11:56+02:00\">2 settembre 2026<\/p>\n<p class=\"is-copyright\">\n            \u00a9 RIPRODUZIONE RISERVATA\n        <\/p>\n","protected":false},"excerpt":{"rendered":"di Chiara Maffioletti L&#8217;attore ha ricevuto ieri il Leone d&#8217;Oro alla Carriera: \u00abHo pensato due cose: sono molto&hellip;\n","protected":false},"author":3,"featured_media":661645,"comment_status":"","ping_status":"","sticky":false,"template":"","format":"standard","meta":{"footnotes":"","_share_on_mastodon":"0"},"categories":[1451],"tags":[17909,364971,364972,2382,788,48201,1902,1621,1620,10009,641,2944,122,1277,1278,11795,25,2729,55623,123,203,1342,364973,364974,2731,454,5183,12313,204,1537,90,89,39205,364975,364976,3776,364977,649,52718,54950,3088,234278,1222,632,3206,54952,14283,235583,364978,66,364979,5238,22340,231066,2516,635,11318,38391,1272,364980,364981,1567,16655],"class_list":["post-662111","post","type-post","status-publish","format-standard","has-post-thumbnail","category-celebrita","tag-affitto","tag-affitto-evitare","tag-affitto-evitare-tornare","tag-attore","tag-bambini","tag-batman","tag-carriera","tag-celebrita","tag-celebrities","tag-cercavo","tag-clooney","tag-conto","tag-cose","tag-dato","tag-davvero","tag-dicono","tag-discorso","tag-diversa","tag-divo","tag-elezioni","tag-entertainment","tag-evitare","tag-evitare-tornare","tag-evitare-tornare-kentucky","tag-figli","tag-film","tag-giornata","tag-inizi","tag-intrattenimento","tag-it","tag-italia","tag-italy","tag-kentucky","tag-kentucky-lavorare","tag-kentucky-lavorare-tabacco","tag-lavorare","tag-lavorare-tabacco","tag-leone","tag-leone-oro","tag-leone-oro-carriera","tag-lingua","tag-lingua-diversa","tag-medici","tag-mostra","tag-oro","tag-oro-carriera","tag-pagare","tag-pagare-affitto","tag-pagare-affitto-evitare","tag-parlato","tag-parlato-medici","tag-paura","tag-pitt","tag-qualcun","tag-re","tag-regista","tag-resto","tag-sconosciuto","tag-so","tag-so-parlato","tag-so-parlato-medici","tag-storia","tag-tabacco"],"share_on_mastodon":{"url":"","error":"Validation failed: Text character limit of 500 exceeded"},"_links":{"self":[{"href":"https:\/\/www.europesays.com\/it\/wp-json\/wp\/v2\/posts\/662111","targetHints":{"allow":["GET"]}}],"collection":[{"href":"https:\/\/www.europesays.com\/it\/wp-json\/wp\/v2\/posts"}],"about":[{"href":"https:\/\/www.europesays.com\/it\/wp-json\/wp\/v2\/types\/post"}],"author":[{"embeddable":true,"href":"https:\/\/www.europesays.com\/it\/wp-json\/wp\/v2\/users\/3"}],"replies":[{"embeddable":true,"href":"https:\/\/www.europesays.com\/it\/wp-json\/wp\/v2\/comments?post=662111"}],"version-history":[{"count":0,"href":"https:\/\/www.europesays.com\/it\/wp-json\/wp\/v2\/posts\/662111\/revisions"}],"wp:featuredmedia":[{"embeddable":true,"href":"https:\/\/www.europesays.com\/it\/wp-json\/wp\/v2\/media\/661645"}],"wp:attachment":[{"href":"https:\/\/www.europesays.com\/it\/wp-json\/wp\/v2\/media?parent=662111"}],"wp:term":[{"taxonomy":"category","embeddable":true,"href":"https:\/\/www.europesays.com\/it\/wp-json\/wp\/v2\/categories?post=662111"},{"taxonomy":"post_tag","embeddable":true,"href":"https:\/\/www.europesays.com\/it\/wp-json\/wp\/v2\/tags?post=662111"}],"curies":[{"name":"wp","href":"https:\/\/api.w.org\/{rel}","templated":true}]}}