{"id":662112,"date":"2026-09-02T22:31:26","date_gmt":"2026-09-02T22:31:26","guid":{"rendered":"https:\/\/www.europesays.com\/it\/662112\/"},"modified":"2026-09-02T22:31:26","modified_gmt":"2026-09-02T22:31:26","slug":"larchitettura-piu-bella-di-pantelleria","status":"publish","type":"post","link":"https:\/\/www.europesays.com\/it\/662112\/","title":{"rendered":"L&#8217;architettura pi\u00f9 bella di Pantelleria"},"content":{"rendered":"<p data-journey-content=\"true\" data-node-id=\"3\" class=\"css-1ood0zq emevuu60\">I <strong data-node-id=\"3.1\">dammusi tradizionali<\/strong>, il maxi hotel di Gheddafi abbandonato e le case &#8211; come quella (bellissima) di <strong data-node-id=\"3.3\"><a href=\"https:\/\/www.elledecor.com\/it\/case\/a27601547\/dammuso-pantelleria-oscar-tusquets\/\" target=\"_blank\" data-vars-ga-outbound-link=\"https:\/\/www.elledecor.com\/it\/case\/a27601547\/dammuso-pantelleria-oscar-tusquets\/\" data-vars-ga-ux-element=\"Hyperlink\" data-vars-ga-call-to-action=\"Oscar Tusquets\" data-node-id=\"3.3.0\" class=\"body-link css-g36lkp emevuu60\" rel=\"nofollow noopener\">Oscar Tusquets<\/a><\/strong> in stile <strong data-node-id=\"3.5\">postmoderno <\/strong>visibilissima dal mare. Architetture da vedere a <strong data-node-id=\"3.7\"><a href=\"https:\/\/www.elledecor.com\/it\/lifestyle\/a73353693\/magnetica-pantelleria\/\" target=\"_blank\" data-vars-ga-outbound-link=\"https:\/\/www.elledecor.com\/it\/lifestyle\/a73353693\/magnetica-pantelleria\/\" data-vars-ga-ux-element=\"Hyperlink\" data-vars-ga-call-to-action=\"Pantelleria\" data-node-id=\"3.7.0\" class=\"body-link css-g36lkp emevuu60\" rel=\"nofollow noopener\">Pantelleria<\/a><\/strong>, ce ne sono &#8211; anche se non siamo a New York. Perch\u00e9, mentre nelle citt\u00e0 contemporanee, alziamo gli occhi per osservare il cemento che solletica il cielo, nel cuore della Perla Nera lo sguardo resta basso. Del resto, l&#8217;isola si sviluppa in orizzontale, negando la verticalit\u00e0 affaticata dal vento. Questo elevarsi tiepido, fino alla vita o poco pi\u00f9 su, ha realizzato stanze a cielo aperto che sono luoghi di pura poesia: i giardini panteschi.<\/p>\n<p><img draggable=\"true\" alt=\"giardino pantesco\" title=\"Giardino pantesco\" loading=\"lazy\" width=\"1600\" height=\"1063\" decoding=\"async\" data-nimg=\"1\" style=\"color:transparent;width:100%;height:auto;\"   src=\"https:\/\/www.europesays.com\/it\/wp-content\/uploads\/2026\/09\/d3d6d96d-2d6e-4d7d-8d6b-0e5d269f7733.jpeg\" class=\"css-0 e1ddfba50\"\/><a target=\"_blank\" rel=\"noopener nofollow\" data-theme-key=\"base-link\" href=\"https:\/\/pinterest.com\/pin\/create\/button\/?url=https:\/\/www.elledecor.com\/it\/architettura\/a73570000\/architettura-piu-bella-di-pantelleria\/&amp;description=elledecoritalia&amp;media=https:\/\/hips.hearstapps.com\/hmg-prod\/images\/d3d6d96d-2d6e-4d7d-8d6b-0e5d269f7733.jpeg?resize=1600:*\" class=\"pinterest css-on9hn5 e1socmtw0\"><img decoding=\"async\" data-dynamic-svg=\"true\" src=\"https:\/\/www.elledecor.com\/_assets\/design-tokens\/fre\/static\/icons\/social\/pinterest.e8cf655.svg?primary=%2523ffffff\" loading=\"lazy\" data-testid=\"dynamic-svg-base\" height=\"auto\" width=\"auto\" alt=\"pinterest\" class=\"css-4lml0h e1mlxuuw1\"\/><\/a><\/p>\n<p>Francesco Maria Gabriele Vozza<\/p>\n<p><img draggable=\"true\" alt=\"giardino pantesco\" title=\"Giardino pantesco\" loading=\"lazy\" width=\"1063\" height=\"1600\" decoding=\"async\" data-nimg=\"1\" style=\"color:transparent;width:100%;height:auto;\"   src=\"https:\/\/www.europesays.com\/it\/wp-content\/uploads\/2026\/09\/2a5afec1-221e-4449-9318-a8302f78ecfd.jpeg\" class=\"css-0 e1ddfba50\"\/><a target=\"_blank\" rel=\"noopener nofollow\" data-theme-key=\"base-link\" href=\"https:\/\/pinterest.com\/pin\/create\/button\/?url=https:\/\/www.elledecor.com\/it\/architettura\/a73570000\/architettura-piu-bella-di-pantelleria\/&amp;description=elledecoritalia&amp;media=https:\/\/hips.hearstapps.com\/hmg-prod\/images\/2a5afec1-221e-4449-9318-a8302f78ecfd.jpeg?resize=1600:*\" class=\"pinterest css-on9hn5 e1socmtw0\"><img decoding=\"async\" data-dynamic-svg=\"true\" src=\"https:\/\/www.elledecor.com\/_assets\/design-tokens\/fre\/static\/icons\/social\/pinterest.e8cf655.svg?primary=%2523ffffff\" loading=\"lazy\" data-testid=\"dynamic-svg-base\" height=\"auto\" width=\"auto\" alt=\"pinterest\" class=\"css-4lml0h e1mlxuuw1\"\/><\/a><\/p>\n<p>Francesco Maria Gabriele Vozza<\/p>\n<p data-journey-content=\"true\" data-node-id=\"10\" class=\"css-1ood0zq emevuu60\">Il <strong data-node-id=\"10.1\">giardino pantesco<\/strong> \u00e8 a tutti gli effetti un recinto costruito in pietra a secco. Generalmente, la sua forma \u00e8 circolare (in pochi vantano qualche angolo retto) e custodisce la vita di un agrume. Un solo agrume. Questa architettura primogenia della cultura dei Paesi caldo-aridi rappresenta un sistema agricolo autosufficiente, ingegnoso, intelligente. E decisamente longevo. Secondo quanto riportato dalla cronaca ufficiale relativa al giardino pantesco del <a href=\"https:\/\/fondoambiente.it\/luoghi\/giardino-pantesco-donnafugata\" target=\"_blank\" rel=\"nofollow noopener\" data-vars-ga-outbound-link=\"https:\/\/fondoambiente.it\/luoghi\/giardino-pantesco-donnafugata\" data-vars-ga-ux-element=\"Hyperlink\" data-vars-ga-call-to-action=\"FAI\" data-node-id=\"10.3\" class=\"body-link css-g36lkp emevuu60\">FAI<\/a>, che la celeberrima cantina <a href=\"https:\/\/www.elledecor.com\/it\/viaggi\/g22013116\/dammusi-in-affitto-pantelleria\/\" target=\"_blank\" data-vars-ga-outbound-link=\"https:\/\/www.elledecor.com\/it\/viaggi\/g22013116\/dammusi-in-affitto-pantelleria\/\" data-vars-ga-ux-element=\"Hyperlink\" data-vars-ga-call-to-action=\"Donnafugata di Pantelleria\" data-node-id=\"10.5\" class=\"body-link css-g36lkp emevuu60\" rel=\"nofollow noopener\">Donnafugata di Pantelleria<\/a> ha donato al Fondo Ambiente Italiano, la prima testimonianza di un <strong data-node-id=\"10.7.0\">jardinu<\/strong> si \u00e8 resa nota nel 3mila a.C. &#8211; quando, all&#8217;epoca cos\u00ec come oggi, la camera sotto i raggi del sole somigliava a un ventre materno (con un poco di immaginazione), che garantisce il benessere della vita fra riparo e risorse. &#8220;Le tradizioni, cio\u00e8 la situazione culturale dalla quale si parte per fare qualunque cosa, ci sono e non si distruggono &#8211; in questo senso sono come la pancia della madre dove la gente nasce&#8221;, ha scritto Ettore Sottsass in <a href=\"https:\/\/www.amazon.it\/Molto-difficile-dire-Ettore-Sottsass\/dp\/8845933415\/ref=sr_1_1?__mk_it_IT=%C3%85M%C3%85%C5%BD%C3%95%C3%91&amp;crid=2AXI448LV44R1&amp;dib=eyJ2IjoiMSJ9.iNj0UHah4CwsDos6ggTuyg.pVmC3X9XpLyMexsQJ0Cv7QvNu6bnJmRZylXDrpzuAqA&amp;dib_tag=se&amp;keywords=Molto+difficile+da+dire&amp;qid=1788336209&amp;sprefix=molto+difficile+da+dire%2Caps%2C155&amp;sr=8-1&amp;tag=a-decor-21\" target=\"_blank\" rel=\"nofollow noopener\" data-vars-ga-outbound-link=\"https:\/\/www.amazon.it\/Molto-difficile-dire-Ettore-Sottsass\/dp\/8845933415\/ref=sr_1_1?__mk_it_IT=%C3%85M%C3%85%C5%BD%C3%95%C3%91&amp;crid=2AXI448LV44R1&amp;dib=eyJ2IjoiMSJ9.iNj0UHah4CwsDos6ggTuyg.pVmC3X9XpLyMexsQJ0Cv7QvNu6bnJmRZylXDrpzuAqA&amp;dib_tag=se&amp;keywords=Molto+difficile+da+dire&amp;qid=1788336209&amp;sprefix=molto+difficile+da+dire%2Caps%2C155&amp;sr=8-1\" data-vars-ga-ux-element=\"Hyperlink\" data-vars-ga-call-to-action=\"Molto difficile da dire\" data-vars-ga-product-id=\"d3a033d3-7575-4cab-baf1-1223d6cbfb16\" data-node-id=\"10.9.0\" data-href=\"https:\/\/www.amazon.it\/Molto-difficile-dire-Ettore-Sottsass\/dp\/8845933415\/ref=sr_1_1?__mk_it_IT=%C3%85M%C3%85%C5%BD%C3%95%C3%91&amp;crid=2AXI448LV44R1&amp;dib=eyJ2IjoiMSJ9.iNj0UHah4CwsDos6ggTuyg.pVmC3X9XpLyMexsQJ0Cv7QvNu6bnJmRZylXDrpzuAqA&amp;dib_tag=se&amp;keywords=Molto+difficile+da+dire&amp;qid=1788336209&amp;sprefix=molto+difficile+da+dire%2Caps%2C155&amp;sr=8-1\" data-product-url=\"https:\/\/www.amazon.it\/Molto-difficile-dire-Ettore-Sottsass\/dp\/8845933415\/ref=sr_1_1?__mk_it_IT=%C3%85M%C3%85%C5%BD%C3%95%C3%91&amp;crid=2AXI448LV44R1&amp;dib=eyJ2IjoiMSJ9.iNj0UHah4CwsDos6ggTuyg.pVmC3X9XpLyMexsQJ0Cv7QvNu6bnJmRZylXDrpzuAqA&amp;dib_tag=se&amp;keywords=Molto+difficile+da+dire&amp;qid=1788336209&amp;sprefix=molto+difficile+da+dire%2Caps%2C155&amp;sr=8-1\" data-affiliate=\"true\" data-affiliate-url=\"https:\/\/www.amazon.it\/Molto-difficile-dire-Ettore-Sottsass\/dp\/8845933415\/ref=sr_1_1?__mk_it_IT=%C3%85M%C3%85%C5%BD%C3%95%C3%91&amp;crid=2AXI448LV44R1&amp;dib=eyJ2IjoiMSJ9.iNj0UHah4CwsDos6ggTuyg.pVmC3X9XpLyMexsQJ0Cv7QvNu6bnJmRZylXDrpzuAqA&amp;dib_tag=se&amp;keywords=Molto+difficile+da+dire&amp;qid=1788336209&amp;sprefix=molto+difficile+da+dire%2Caps%2C155&amp;sr=8-1&amp;tag=a-decor-21\" data-affiliate-network=\"{&quot;site_id&quot;:&quot;0550d705-7712-4019-a8b2-0f35da30918c&quot;,&quot;metadata&quot;:{&quot;links&quot;:{&quot;default&quot;:&quot;https:\/\/www.amazon.it\/Molto-difficile-dire-Ettore-Sottsass\/dp\/8845933415\/ref=sr_1_1?__mk_it_IT=%C3%85M%C3%85%C5%BD%C3%95%C3%91&amp;crid=2AXI448LV44R1&amp;dib=eyJ2IjoiMSJ9.iNj0UHah4CwsDos6ggTuyg.pVmC3X9XpLyMexsQJ0Cv7QvNu6bnJmRZylXDrpzuAqA&amp;dib_tag=se&amp;keywords=Molto+difficile+da+dire&amp;qid=1788336209&amp;sprefix=molto+difficile+da+dire%2Caps%2C155&amp;sr=8-1&amp;tag=a-decor-21&quot;}},&quot;network&quot;:{&quot;name&quot;:&quot;Amazon&quot;},&quot;product_metadata&quot;:null,&quot;afflink_redirect&quot;:null}\" data-fp-affiliate-inline-link=\"true\" data-fp-affiliate-button-link=\"false\" data-vars-ga-product-brand=\"Adelphi\" data-vars-ga-product-price=\"0,00\u00a0$\" data-vars-ga-product-retailer-id=\"8dea20c3-57da-4119-a93c-27a896f18bc7\" data-vars-ga-product-sem3-brand=\"Adelphi\" data-vars-ga-link-treatment=\"(not set) | (not set)\" class=\"body-link product-links css-g36lkp e1aq0z090\">Molto difficile da dire<\/a>. <\/p>\n<p><img draggable=\"true\" alt=\"giardino pantesco\" title=\"Giardino pantesco\" loading=\"lazy\" width=\"1600\" height=\"1063\" decoding=\"async\" data-nimg=\"1\" style=\"color:transparent;width:100%;height:auto;\"   src=\"https:\/\/www.europesays.com\/it\/wp-content\/uploads\/2026\/09\/13e21c43-fe7d-473b-aec3-1c882361f648.jpeg\" class=\"css-0 e1ddfba50\"\/><a target=\"_blank\" rel=\"noopener nofollow\" data-theme-key=\"base-link\" href=\"https:\/\/pinterest.com\/pin\/create\/button\/?url=https:\/\/www.elledecor.com\/it\/architettura\/a73570000\/architettura-piu-bella-di-pantelleria\/&amp;description=elledecoritalia&amp;media=https:\/\/hips.hearstapps.com\/hmg-prod\/images\/13e21c43-fe7d-473b-aec3-1c882361f648.jpeg?resize=1600:*\" class=\"pinterest css-on9hn5 e1socmtw0\"><img decoding=\"async\" data-dynamic-svg=\"true\" src=\"https:\/\/www.elledecor.com\/_assets\/design-tokens\/fre\/static\/icons\/social\/pinterest.e8cf655.svg?primary=%2523ffffff\" loading=\"lazy\" data-testid=\"dynamic-svg-base\" height=\"auto\" width=\"auto\" alt=\"pinterest\" class=\"css-4lml0h e1mlxuuw1\"\/><\/a><\/p>\n<p>Francesco Maria Gabriele Vozza<\/p>\n<p data-journey-content=\"true\" data-node-id=\"15\" class=\"css-1ood0zq emevuu60\">L&#8217;agrume, nel suo luogo ideale, abita quindi una casa senza prospettive n\u00e9 gerarchie, uno spazio benevolo capace di assicurare acqua a sufficienza e tutela dal vento. Questa stanza \u00e8 emotivamente legata al paesaggio al quale appartiene: il <strong data-node-id=\"15.1\"><a href=\"https:\/\/www.elledecor.com\/it\/viaggi\/a33400840\/30-posti-da-vedere-mediterraneo\/\" target=\"_blank\" data-vars-ga-outbound-link=\"https:\/\/www.elledecor.com\/it\/viaggi\/a33400840\/30-posti-da-vedere-mediterraneo\/\" data-vars-ga-ux-element=\"Hyperlink\" data-vars-ga-call-to-action=\"Mediterraneo\" data-node-id=\"15.1.0\" class=\"body-link css-g36lkp emevuu60\" rel=\"nofollow noopener\">Mediterraneo<\/a><\/strong>. Interpretato (da sempre) come un grande contenitore dove movimenti e transumanze sono avvenute nel corso dei secoli, la geografia \u00e8 il primo espediente affinch\u00e9 questa architettura scura, eppure confortante, trovi luogo e faccia il suo corso. Di fatto, il giardino pantesco \u00e8 un rifugio per un solo essere vivente, dove anche il concetto di solitudine potrebbe avere molteplici letture. <\/p>\n<p><img decoding=\"async\" data-dynamic-svg=\"true\" src=\"https:\/\/www.elledecor.com\/_assets\/design-tokens\/fre\/static\/icons\/arrow-right.7440adc.svg?primary=%2523D4D4D4\" loading=\"lazy\" data-testid=\"dynamic-svg-base\" height=\"auto\" width=\"auto\" aria-label=\"Prev carousel button\" alt=\"Chevron Left Icon\" data-theme-key=\"icon-button-icon\" transform=\"scaleX(-1)\" class=\"css-14vtfey erhb41k0\"\/><img decoding=\"async\" data-dynamic-svg=\"true\" src=\"https:\/\/www.elledecor.com\/_assets\/design-tokens\/fre\/static\/icons\/arrow-right.7440adc.svg?primary=%2523ffffff\" loading=\"lazy\" data-testid=\"dynamic-svg-base\" height=\"auto\" width=\"auto\" aria-label=\"Next carousel button\" alt=\"Chevron Right Icon\" data-theme-key=\"icon-button-icon\" class=\"css-18znc9e erhb41k0\"\/><img draggable=\"true\" alt=\"giardino pantesco\" title=\"Giardino pantesco\" loading=\"lazy\" width=\"1063\" height=\"1600\" decoding=\"async\" data-nimg=\"1\" style=\"color:transparent;width:100%;height:auto;\"   src=\"https:\/\/www.europesays.com\/it\/wp-content\/uploads\/2026\/09\/c028e068-ea3d-46fb-8da3-547a7249ec12.jpeg\" class=\"css-0 e1ddfba50\"\/><a target=\"_blank\" rel=\"noopener nofollow\" data-theme-key=\"base-link\" href=\"https:\/\/pinterest.com\/pin\/create\/button\/?url=https:\/\/www.elledecor.com\/it\/architettura\/a73570000\/architettura-piu-bella-di-pantelleria\/&amp;description=elledecoritalia&amp;media=https:\/\/hips.hearstapps.com\/hmg-prod\/images\/c028e068-ea3d-46fb-8da3-547a7249ec12.jpeg?resize=1600:*\" class=\"pinterest css-on9hn5 e1socmtw0\"><img decoding=\"async\" data-dynamic-svg=\"true\" src=\"https:\/\/www.elledecor.com\/_assets\/design-tokens\/fre\/static\/icons\/social\/pinterest.e8cf655.svg?primary=%2523ffffff\" loading=\"lazy\" data-testid=\"dynamic-svg-base\" height=\"auto\" width=\"auto\" alt=\"pinterest\" class=\"css-4lml0h e1mlxuuw1\"\/><\/a><\/p>\n<p>Francesco Maria Gabriele Vozza<\/p>\n<p data-journey-content=\"true\" data-node-id=\"23\" class=\"css-1ood0zq emevuu60\">L&#8217;apparato murario promette sopravvivenza alla pianta. Mentre fuori si manifestano le conseguenze degli sbalzi termici, nella penombra dello spazio protetto l&#8217;agrume conta sull&#8217;energia di un <strong data-node-id=\"23.1\">microclima favorevole e un suolo fertile<\/strong>. La chioma dell&#8217;albero, sfiorata dalla luce e dal calore del sole, talvolta riesce ad affacciarsi oltre l&#8217;architettura eterna, tradendo il senso pi\u00f9 profondo della parola confine. Intanto la pietra nutre l&#8217;agrume (anche durante la stagione pi\u00f9 calda), impedendo l&#8217;evaporazione dell&#8217;umidit\u00e0 e avvantaggiando la condensa notturna. C&#8217;\u00e8 un non so che di sacrale in tutto questo, un&#8217;idea dove la vita &#8211; cosa sacra, appunto &#8211; si sviluppa in relazione a uno spazio vuoto, che altro non fa che realizzare le condizioni migliori per andare avanti, attraversare il tempo. <\/p>\n<p><img draggable=\"true\" alt=\"giardino pantesco\" title=\"Giardino pantesco\" loading=\"lazy\" width=\"1063\" height=\"1600\" decoding=\"async\" data-nimg=\"1\" style=\"color:transparent;width:100%;height:auto;\"   src=\"https:\/\/www.europesays.com\/it\/wp-content\/uploads\/2026\/09\/f0f47a9b-69e4-445d-967a-822f3c7c4b7c.jpeg\" class=\"css-0 e1ddfba50\"\/><a target=\"_blank\" rel=\"noopener nofollow\" data-theme-key=\"base-link\" href=\"https:\/\/pinterest.com\/pin\/create\/button\/?url=https:\/\/www.elledecor.com\/it\/architettura\/a73570000\/architettura-piu-bella-di-pantelleria\/&amp;description=elledecoritalia&amp;media=https:\/\/hips.hearstapps.com\/hmg-prod\/images\/f0f47a9b-69e4-445d-967a-822f3c7c4b7c.jpeg?resize=1600:*\" class=\"pinterest css-on9hn5 e1socmtw0\"><img decoding=\"async\" data-dynamic-svg=\"true\" src=\"https:\/\/www.elledecor.com\/_assets\/design-tokens\/fre\/static\/icons\/social\/pinterest.e8cf655.svg?primary=%2523ffffff\" loading=\"lazy\" data-testid=\"dynamic-svg-base\" height=\"auto\" width=\"auto\" alt=\"pinterest\" class=\"css-4lml0h e1mlxuuw1\"\/><\/a><\/p>\n<p>Francesco Maria Gabriele Vozza<\/p>\n<p><img draggable=\"true\" alt=\"giardino pantesco\" title=\"Giardino pantesco\" loading=\"lazy\" width=\"1063\" height=\"1600\" decoding=\"async\" data-nimg=\"1\" style=\"color:transparent;width:100%;height:auto;\"   src=\"https:\/\/www.europesays.com\/it\/wp-content\/uploads\/2026\/09\/2a621b35-049f-424a-9ded-0a3319c9706b.jpeg\" class=\"css-0 e1ddfba50\"\/><a target=\"_blank\" rel=\"noopener nofollow\" data-theme-key=\"base-link\" href=\"https:\/\/pinterest.com\/pin\/create\/button\/?url=https:\/\/www.elledecor.com\/it\/architettura\/a73570000\/architettura-piu-bella-di-pantelleria\/&amp;description=elledecoritalia&amp;media=https:\/\/hips.hearstapps.com\/hmg-prod\/images\/2a621b35-049f-424a-9ded-0a3319c9706b.jpeg?resize=1600:*\" class=\"pinterest css-on9hn5 e1socmtw0\"><img decoding=\"async\" data-dynamic-svg=\"true\" src=\"https:\/\/www.elledecor.com\/_assets\/design-tokens\/fre\/static\/icons\/social\/pinterest.e8cf655.svg?primary=%2523ffffff\" loading=\"lazy\" data-testid=\"dynamic-svg-base\" height=\"auto\" width=\"auto\" alt=\"pinterest\" class=\"css-4lml0h e1mlxuuw1\"\/><\/a><\/p>\n<p>Francesco Maria Gabriele Vozza<\/p>\n<p data-journey-content=\"true\" data-node-id=\"31\" class=\"css-1ood0zq emevuu60\">Di giardini panteschi, sull&#8217;isola, ce ne sono tantissimi &#8211; molto bello quello di Mueggen, all&#8217;Isola nell&#8217;Isola di Salvatore Murana. La maggior parte sono ovviamente privati, alcuni davvero in ottimo stato, ben tenuti. Quello del FAI, completamente ristrutturato, conta 11 metri di diametro all&#8217;esterno e 8,4 metri di diametro all&#8217;interno. L&#8217;abitante \u00e8 un <strong data-node-id=\"31.1\">arancio Portogallo<\/strong>, fonte di frutti zuccherini dai semi antichi. La grammatica della casa senza tetto ricorda che lo spazio \u00e8 possibilit\u00e0. Il giardino, in particolare, \u00e8 il luogo incredibilmente mutevole e fluido per eccellenza, perch\u00e9 le piante rappresentano in qualche modo l&#8217;evoluzione. Qui, il cambiamento &#8211; persino a seconda delle ore del giorno e delle stagioni &#8211; \u00e8 lentissimo. E, quanta luce ci vuole, lo sa solo il Mediterraneo.<\/p>\n<p><img src=\"https:\/\/www.europesays.com\/it\/wp-content\/uploads\/2026\/09\/e84fffd4-6caa-4927-b6a7-ab5791add78d_1694417339.file.png\" alt=\"Headshot of Alessia Musillo\" title=\"Headshot of Alessia Musillo\" width=\"100%\" height=\"100%\" decoding=\"async\" loading=\"lazy\" class=\"css-o0wq4v ev8dhu53\"\/><\/p>\n<p>Alessia Musillo \u00e8 Head of Content di Elledecor.it e Marie Claire Maison Italia digital. Laureata all\u2019Universit\u00e0 Statale di Milano con una tesi custodita presso la Fondazione Treccani di Milano, ha studiato anche Modern Languages presso la University of Strathclyde a Glasgow (UK) e Semiotics presso la University of Tartu (Estonia). Dopo aver collaborato con diverse testate giornalistiche, oggi trasforma l\u2019attualit\u00e0 in racconti scrivendo di citt\u00e0, design e cultura pop per il sito web di Elle Decor Italia. Potete seguirla su Instagram (@alessia__musillo) o leggendo Elledecor.it. I suoi articoli sono viaggi sulle tracce dell\u2019abitare contemporaneo. Il suo mezzo? La parola. \u00a0\u00a0\u00a0\u00a0\u00a0<\/p>\n","protected":false},"excerpt":{"rendered":"I dammusi tradizionali, il maxi hotel di Gheddafi abbandonato e le case &#8211; come quella (bellissima) di Oscar&hellip;\n","protected":false},"author":3,"featured_media":662113,"comment_status":"","ping_status":"","sticky":false,"template":"","format":"standard","meta":{"footnotes":"","_share_on_mastodon":"0"},"categories":[1446],"tags":[1615,1613,1614,1611,1610,226117,5741,364983,1612,620,203,623,204,259632,1537,90,89,619,364982,310758],"class_list":["post-662112","post","type-post","status-publish","format-standard","has-post-thumbnail","category-arte-e-design","tag-arte","tag-arte-e-design","tag-arteedesign","tag-arts","tag-arts-and-design","tag-collection-whats-on","tag-content-type-default","tag-contentid-1b75be67-dc9a-4bf8-a242-3973f1108466","tag-design","tag-displaytype-standard-article","tag-entertainment","tag-hasproduct-true","tag-intrattenimento","tag-issyndicated-false","tag-it","tag-italia","tag-italy","tag-locale-it","tag-shorttitle-larchitettura-piu-bella-di-pantelleria","tag-sponsored-false"],"share_on_mastodon":{"url":"https:\/\/pubeurope.com\/@it\/117203822961857239","error":""},"_links":{"self":[{"href":"https:\/\/www.europesays.com\/it\/wp-json\/wp\/v2\/posts\/662112","targetHints":{"allow":["GET"]}}],"collection":[{"href":"https:\/\/www.europesays.com\/it\/wp-json\/wp\/v2\/posts"}],"about":[{"href":"https:\/\/www.europesays.com\/it\/wp-json\/wp\/v2\/types\/post"}],"author":[{"embeddable":true,"href":"https:\/\/www.europesays.com\/it\/wp-json\/wp\/v2\/users\/3"}],"replies":[{"embeddable":true,"href":"https:\/\/www.europesays.com\/it\/wp-json\/wp\/v2\/comments?post=662112"}],"version-history":[{"count":0,"href":"https:\/\/www.europesays.com\/it\/wp-json\/wp\/v2\/posts\/662112\/revisions"}],"wp:featuredmedia":[{"embeddable":true,"href":"https:\/\/www.europesays.com\/it\/wp-json\/wp\/v2\/media\/662113"}],"wp:attachment":[{"href":"https:\/\/www.europesays.com\/it\/wp-json\/wp\/v2\/media?parent=662112"}],"wp:term":[{"taxonomy":"category","embeddable":true,"href":"https:\/\/www.europesays.com\/it\/wp-json\/wp\/v2\/categories?post=662112"},{"taxonomy":"post_tag","embeddable":true,"href":"https:\/\/www.europesays.com\/it\/wp-json\/wp\/v2\/tags?post=662112"}],"curies":[{"name":"wp","href":"https:\/\/api.w.org\/{rel}","templated":true}]}}