{"id":662114,"date":"2026-09-02T22:33:15","date_gmt":"2026-09-02T22:33:15","guid":{"rendered":"https:\/\/www.europesays.com\/it\/662114\/"},"modified":"2026-09-02T22:33:15","modified_gmt":"2026-09-02T22:33:15","slug":"caduta-libera-cambia-atmosfera-max-giusti-copia-gerry-scotti-e-porta-la-musica-nel-quiz-di-canale-5","status":"publish","type":"post","link":"https:\/\/www.europesays.com\/it\/662114\/","title":{"rendered":"Caduta Libera cambia atmosfera: Max Giusti copia Gerry Scotti e porta la musica nel quiz di Canale 5"},"content":{"rendered":"<p>Nuova stagione, nuovo ritmo per <strong>Caduta Libera<\/strong>. Il game show di Canale 5 torna nel preserale con <strong>Max Giusti<\/strong> e, questa volta, sembra avere voglia di cambiare pelle. Dopo una stagione non semplice per la rete nella fascia che precede l&#8217;access prime time, il programma prova a puntare su una formula pi\u00f9 vivace, con musica dal vivo, spettacolo e qualche sorpresa in pi\u00f9. <strong>L&#8217;appuntamento con la nuova edizione \u00e8 fissato per luned\u00ec 7 settembre alle 18.45.<\/strong> Alla guida \u2013 come detto \u2013 ci sar\u00e0 ancora una volta Giusti, chiamato a dare nuova energia a un programma che negli anni ha avuto pi\u00f9 di qualche difficolt\u00e0 a trovare una collocazione davvero stabile nel cuore del pubblico.<\/p>\n<p>Non solo domande e botole: arriva la musica <\/p>\n<p>La grande novit\u00e0 della quindicesima edizione sar\u00e0 soprattutto nell&#8217;atmosfera dello studio. Il classico meccanismo del quiz rester\u00e0 al centro del programma, ma attorno al gioco ci sar\u00e0 molto pi\u00f9 spazio per l&#8217;intrattenimento. L&#8217;obiettivo \u00e8 avvicinare <strong>Caduta Libera<\/strong> a una dimensione quasi da variet\u00e0, seguendo una tendenza che negli ultimi tempi ha coinvolto anche altri grandi appuntamenti del preserale. A raccontare questa svolta \u00e8 lo stesso Max Giusti, che anticipa una presenza inedita nel programma: <strong>una vera orchestra composta da giovani musicisti.\u00a0<\/strong>La band suoner\u00e0 dal vivo durante le puntate e accompagner\u00e0 alcuni dei momenti pi\u00f9 spettacolari del gioco. Una scelta che sembra ricalcare <strong>La Ruota della Fortuna<\/strong> di Gerry Scotti e\u00a0che dovrebbe rendere il programma meno legato alla sola dinamica delle domande e pi\u00f9 ricco di momenti di show.<\/p>\n<p>E Max Giusti si mette a cantare <\/p>\n<p>La musica non sar\u00e0 per\u00f2 soltanto un elemento di contorno. Il conduttore avr\u00e0 infatti un ruolo attivo anche sul fronte musicale e si cimenter\u00e0 nel canto durante uno dei nuovi momenti previsti dal programma, <strong>la \u201cSupercanzone\u201d.<\/strong> \u00c8 una delle novit\u00e0 che meglio raccontano la direzione presa da questa nuova edizione: il quiz resta il cuore di Caduta Libera, ma intorno ai concorrenti e alla sfida si costruisce uno spettacolo pi\u00f9 ampio. Giusti, gi\u00e0 abituato a muoversi tra comicit\u00e0, imitazioni e intrattenimento, avr\u00e0 cos\u00ec la possibilit\u00e0 di giocare ancora di pi\u00f9 con il lato pi\u00f9 leggero e spettacolare del format.<\/p>\n<p>Al fianco di Giusti torna Isobel Kinnear <\/p>\n<p>Non mancher\u00e0 neppure un volto ormai familiare al pubblico del programma. Con Max Giusti ci sar\u00e0 infatti<strong> Isobel Kinnear, ex ballerina di Amici, <\/strong>che torner\u00e0 a portare energia e movimento nello studio con le sue coreografie. Anche per lei ci sar\u00e0 un momento dedicato all&#8217;intrattenimento: il gioco <strong>\u201cPolvere di Stelle\u201d<\/strong>, pensato per aggiungere un ulteriore elemento di spettacolo alla trasmissione. La presenza di Isobel si inserisce quindi perfettamente nella nuova impostazione del programma, che sembra voler ridurre la distanza tra game show e variet\u00e0.<\/p>\n<p>La sfida del preserale di Canale 5 <\/p>\n<p>Dietro il cambio di atmosfera c&#8217;\u00e8 anche una sfida importante per Canale 5. La fascia preserale continua infatti a rappresentare uno dei terreni pi\u00f9 complicati per la rete, soprattutto in un momento in cui la concorrenza propone formule capaci di attirare un pubblico molto ampio. Anche The Wall, affidato proprio a Max Giusti, ha incontrato qualche difficolt\u00e0 nel conquistare ascolti soddisfacenti. Ora il conduttore torna quindi a misurarsi con un altro titolo storico della rete, con l&#8217;obiettivo di trovare una formula capace di funzionare meglio. Caduta Libera non parte da zero: il programma ha una storia ormai lunga e un meccanismo immediatamente riconoscibile, quello delle celebri botole. Ma la nuova stagione sembra voler aggiungere qualcosa senza stravolgere completamente l&#8217;identit\u00e0 del quiz.<\/p>\n<p>Un ritorno con pi\u00f9 spettacolo <\/p>\n<p>La quindicesima edizione prover\u00e0 quindi a giocare su un equilibrio preciso: da una parte le domande e la competizione, dall&#8217;altra musica, balletti e momenti pi\u00f9 vicini al variet\u00e0. \u00c8 una scelta che guarda anche alle abitudini del pubblico del preserale, sempre pi\u00f9 abituato a programmi che non si limitano a un unico genere e che mescolano quiz, intrattenimento e spettacolo. Per <strong><a rel=\"follow nofollow noopener\" href=\"https:\/\/www.quotidiano.net\/magazine\/spettacoli\/max-giusti-si-unisce-a-048e5893\" target=\"_blank\">Max Giusti<\/a> <\/strong>sar\u00e0 una nuova occasione per lasciare il proprio segno sul programma ereditato da Gerry Scotti e accompagnarlo in una fase diversa della sua storia. <strong>L&#8217;appuntamento \u00e8 dal 7 settembre alle 18.45 su Canale 5. <\/strong>Le botole sono ancora l\u00ec, ma questa volta intorno ci sar\u00e0 decisamente pi\u00f9 musica.<\/p>\n","protected":false},"excerpt":{"rendered":"Nuova stagione, nuovo ritmo per Caduta Libera. Il game show di Canale 5 torna nel preserale con Max&hellip;\n","protected":false},"author":3,"featured_media":662115,"comment_status":"","ping_status":"","sticky":false,"template":"","format":"standard","meta":{"footnotes":"","_share_on_mastodon":"0"},"categories":[1444],"tags":[11828,2770,6195,2773,11170,203,32359,5209,204,1537,90,89,2504,1539,98,32361,253],"class_list":["post-662114","post","type-post","status-publish","format-standard","has-post-thumbnail","category-tv","tag-atmosfera","tag-caduta","tag-cambia","tag-canale","tag-copia","tag-entertainment","tag-gerry","tag-giusti","tag-intrattenimento","tag-it","tag-italia","tag-italy","tag-libera","tag-musica","tag-porta","tag-scotti","tag-tv"],"share_on_mastodon":{"url":"https:\/\/pubeurope.com\/@it\/117203829122266170","error":""},"_links":{"self":[{"href":"https:\/\/www.europesays.com\/it\/wp-json\/wp\/v2\/posts\/662114","targetHints":{"allow":["GET"]}}],"collection":[{"href":"https:\/\/www.europesays.com\/it\/wp-json\/wp\/v2\/posts"}],"about":[{"href":"https:\/\/www.europesays.com\/it\/wp-json\/wp\/v2\/types\/post"}],"author":[{"embeddable":true,"href":"https:\/\/www.europesays.com\/it\/wp-json\/wp\/v2\/users\/3"}],"replies":[{"embeddable":true,"href":"https:\/\/www.europesays.com\/it\/wp-json\/wp\/v2\/comments?post=662114"}],"version-history":[{"count":0,"href":"https:\/\/www.europesays.com\/it\/wp-json\/wp\/v2\/posts\/662114\/revisions"}],"wp:featuredmedia":[{"embeddable":true,"href":"https:\/\/www.europesays.com\/it\/wp-json\/wp\/v2\/media\/662115"}],"wp:attachment":[{"href":"https:\/\/www.europesays.com\/it\/wp-json\/wp\/v2\/media?parent=662114"}],"wp:term":[{"taxonomy":"category","embeddable":true,"href":"https:\/\/www.europesays.com\/it\/wp-json\/wp\/v2\/categories?post=662114"},{"taxonomy":"post_tag","embeddable":true,"href":"https:\/\/www.europesays.com\/it\/wp-json\/wp\/v2\/tags?post=662114"}],"curies":[{"name":"wp","href":"https:\/\/api.w.org\/{rel}","templated":true}]}}