{"id":662128,"date":"2026-09-02T22:41:14","date_gmt":"2026-09-02T22:41:14","guid":{"rendered":"https:\/\/www.europesays.com\/it\/662128\/"},"modified":"2026-09-02T22:41:14","modified_gmt":"2026-09-02T22:41:14","slug":"droni-esplosivi-a-lipsia-identificati-un-russo-e-un-bielorusso-visto-italiano-per-uno-dei-sospetti","status":"publish","type":"post","link":"https:\/\/www.europesays.com\/it\/662128\/","title":{"rendered":"Droni esplosivi a Lipsia, identificati un russo e un bielorusso: visto italiano per uno dei sospetti"},"content":{"rendered":"<p>    di<br \/>\n    Mara Gergolet<\/p>\n<p class=\"summary-art is-line-h-12\">Il russo fa parte della rete \u00ablow-level\u00bb degli agenti di Mosca. Ira del Cremlino: \u00abUna provocazione\u00bb. In Germania altri episodi sospetti<\/p>\n<p class=\"chapter-paragraph\">DALLA NOSTRA CORRISPONDENTE<br \/>BERLINO &#8211;<br \/>\nIl governo tedesco non ha sparato nel vuoto. Quando hanno additato la Russia, sostenendo che i mandanti del<a href=\"https:\/\/www.corriere.it\/esteri\/26_settembre_01\/la-germania-accusa-la-russia-i-droni-esplosivi-all-aeroporto-di-lipsia-sono-stati-un-atto-di-guerra-ibrida-sul-suolo-tedesco-bac7d7e6-0cd3-4ede-9b8f-1e2e1ffafxlk.shtml\" rel=\"nofollow noopener\" target=\"_blank\"> fallito attentato di Lipsia<\/a> fossero gli \u00abapparati statali\u00bb,  i ministri Dobrindt e Wadephul avevano con ogni probabilit\u00e0 anche <b>gli identikit degli esecutori materiali.<\/b><\/p>\n<p class=\"chapter-paragraph\">Neppure 24 ore dopo, gli investigatori fanno trapelare alla stampa di averne <b>identificati due: il capo missione, e l\u2019uomo della logistica<\/b>. I nomi sono rimasti coperti, ma su di loro indaga il procuratore generale tedesco, come per i <b>casi di terrorismo. Sono un russo<\/b> (che per\u00f2 ha un passaporto lettone, e quindi con libera circolazione nella Ue) e un bielorusso (con doppio passaporto russo). Il primo \u00e8 l\u2019\u00abistruttore\u00bb della missione, il referente. Secondo la tv pubblica  Ard ha  contatti nei servizi moscoviti.<b> I suoi movimenti sono stati ricostruiti: entrato in Germania dall\u2019aeroporto di Berlino a fine luglio<\/b>, ha  noleggiato un\u2019auto dirigendosi a Lipsia ed \u00e8 ripartito in aereo dalla capitale due giorni prima dell\u2019attentato.    &#13;<br \/>\n&#13;<br \/>\n&#13;<br \/>\n&#13;<br \/>\n&#13;<br \/>\n&#13;<br \/>\n&#13;<br \/>\n&#13;<br \/>\n&#13;<br \/>\n&#13;<br \/>\n&#13;<br \/>\n&#13;<br \/>\n&#13;<br \/>\n&#13;<br \/>\n&#13;<br \/>\n&#13;<br \/>\n&#13;<br \/>\n&#13;<br \/>\n&#13;<br \/>\n&#13;<br \/>\n&#13;<br \/>\n&#13;<br \/>\n&#13;<br \/>\n&#13;<br \/>\n&#13;<br \/>\n&#13;<br \/>\n&#13;<br \/>\n&#13;<br \/>\n&#13;<br \/>\n&#13;<br \/>\n&#13;<br \/>\n&#13;<br \/>\n&#13;<br \/>\n&#13;<br \/>\n&#13;<br \/>\n&#13;<br \/>\n&#13;<br \/>\n&#13;<br \/>\n&#13;<br \/>\n&#13;<br \/>\n&#13;<br \/>\n&#13;<br \/>\n&#13;<br \/>\n&#13;<br \/>\n&#13;<br \/>\n&#13;<br \/>\n&#13;<br \/>\n&#13;<br \/>\n&#13;<br \/>\n&#13;<br \/>\n&#13;<br \/>\n&#13;<br \/>\n&#13;\n<\/p>\n<p class=\"chapter-paragraph\"><b>Il Bielorusso invece si \u00e8 occupato dei droni.<\/b>\u00a0\u00c8 entrato in Europa ottenendo <b>un visto all\u2019ambasciata italiana di Minsk<\/b>, ma non \u00e8 passato dal nostro Paese. Il suo Dna \u00e8 stato trovato nella parte interna dei droni, sulla scatoletta riempita di esplosivo militare;  cos\u00ec come su un\u2019antenna legata a un albero, che avrebbe potenziato il segnale inviato ai droni, guidati dai telefoni cellulari. <b>Ha precedenti criminali: di lui gi\u00e0 esistevano tracce nei registri della polizia in Finlandia e in Lituania.<\/b><\/p>\n<p class=\"chapter-paragraph\">Almeno il primo dei due, se non entrambi, fa parte di quegli <b>agenti \u00ablow-level\u00bb della rete russa<\/b> di cui ha parlato il ministro Alexander Dobrindt. A complicare le cose, alcuni giornali (Bild) riferiscono che  in realt\u00e0 si d\u00e0 la caccia a quattro persone. Sarebbero stati scoperti sia dalle tracce del Dna sia attraverso i telefoni, che avrebbero  agganciato le celle della zona.  Ma tale abbondanza di particolari rivelati ai  media  \u2014 di fronte a un silenzio ufficiale \u2014 \u00e8 anche un messaggio  chiaro ai russi: vi abbiamo smascherati.<\/p>\n<p class=\"chapter-paragraph\">E cos\u00ec l\u2019episodio di Lipsia rientra nelle questioni aperte con Mosca. Che reagisce furiosa:<b> parla di \u00abcampagna di provocazione\u00bb, convoca l\u2019incaricato d\u2019affari dell\u2019ambasciata tedesca, promette \u00abuna dura reazione\u00bb.<\/b><\/p>\n<p class=\"chapter-paragraph\"><b>Ma non \u00e8 l\u2019unico problema di sicurezza in Germania. <\/b>Guardando la cartina, sembra<a href=\"https:\/\/www.corriere.it\/esteri\/26_settembre_02\/germania-tre-incidenti-sospetti-bc02cd5d-0a59-4d46-8ca0-73e9945afxlk.shtml\" title=\"Germania, altri tre \u00abincidenti\u00bb sospetti: \u00abSar\u00e0 questa la nuova normalit\u00e0?\u00bb. E Merz \u00abschiva\u00bb la conferenza che ha inchiodato la Russia\" rel=\"nofollow noopener\" target=\"_blank\"> il Paese si stia accendendo  con tanti piccoli fuochi<\/a>. Solo ieri notte, una bomba a mano \u00e8 esplosa davanti alla stazione di Augsburg, in Baviera, ferendo lievemente due persone. Al mattino, nei pressi di Colonia, a Bergheim, sono state colpite le cabine elettriche e i cavi dell\u2019alta tensione: il ministro dell\u2019Interno regionale ha indirizzato i sospetti \u00abo verso gli estremisti di sinistra\u00bb o vero \u00abuna mano straniera\u00bb. <b>Poco dopo, sono state diffuse le foto dei razzi che marted\u00ec avevano colpito la sottostazione della pi\u00f9 grande centrale elettrica nel Brandeburgo:<\/b> proiettili lunghi  mezzo metro, simili ad  improvvisati ordigni bellici.<\/p>\n<p class=\"chapter-paragraph\">Uno sciame. Ed \u00e8 difficile dire se sia tutto un caso; se la Germania sia all\u2019improvviso preda di qualche strategia; o se \u00e8 semplicemente nelle teste dei tedeschi che tutti questi episodi si collegano. Ma \u00e8 proprio questo l\u2019obiettivo di fondo di ogni  \u00abguerra ibrida\u00bb: che nella percezione comune il confine netto tra guerra e pace si smussi, fino a confondersi. <b>Berlino di certo non soffier\u00e0 sull\u2019allarme.<\/b><\/p>\n<p class=\"chapter-paragraph\">\u00c8\u00a0stato notato che il cancelliere Friedrich<b> Merz non ha accusato di persona il Cremlino<\/b>, ma ha affidato il compito ai suoi due ministri. Probabilmente per lasciarsi del margine, per conservare l\u2019autorit\u00e0  e intervenire in caso di escalation.  <b>Forse anche per non esacerbare gli animi prima del voto in Sassonia-Anhalt,<\/b> dove in tanti guardano con pi\u00f9 simpatia a Mosca che all\u2019America. Ma nessuno si aspetta che sia finita qui. <\/p>\n<p class=\"is-last-update\" datetime=\"2026-09-02T22:31:58+02:00\">2 settembre 2026<\/p>\n<p class=\"is-copyright\">\n            \u00a9 RIPRODUZIONE RISERVATA\n        <\/p>\n","protected":false},"excerpt":{"rendered":"di Mara Gergolet Il russo fa parte della rete \u00ablow-level\u00bb degli agenti di Mosca. Ira del Cremlino: \u00abUna&hellip;\n","protected":false},"author":3,"featured_media":662129,"comment_status":"","ping_status":"","sticky":false,"template":"","format":"standard","meta":{"footnotes":"","_share_on_mastodon":"0"},"categories":[160],"tags":[18028,364990,364991,118582,364992,364993,5623,364994,364995,364996,364997,3534,11341,14041,6475,86075,395,14,164,165,2640,198225,4467,7091,1230,3044,77,21836,186734,8499,33581,364989,962,2908,1351,166,382,7,15,11347,26847,2518,388,19103,5248,8233,24832,16133,11,167,12,168,161,162,163],"class_list":["post-662128","post","type-post","status-publish","format-standard","has-post-thumbnail","category-mondo","tag-abbondanza","tag-abbondanza-particolari","tag-abbondanza-particolari-rivelati","tag-accendendo","tag-accendendo-tanti","tag-accendendo-tanti-piccoli","tag-accusato","tag-accusato-persona","tag-accusato-persona-cremlino","tag-additato","tag-additato-russia","tag-agenti","tag-ambasciata","tag-attentato","tag-berlino","tag-bielorusso","tag-cremlino","tag-cronaca","tag-dal-mondo","tag-dalmondo","tag-dna","tag-dobrindt","tag-droni","tag-entrato","tag-episodi","tag-germania","tag-guerra","tag-identificati","tag-level","tag-lipsia","tag-low","tag-low-level","tag-mano","tag-ministri","tag-missione","tag-mondo","tag-mosca","tag-news","tag-notizie","tag-passaporto","tag-provocazione","tag-rete","tag-russo","tag-sospetti","tag-tanti","tag-tedesco","tag-telefoni","tag-tracce","tag-ultime-notizie","tag-ultime-notizie-di-mondo","tag-ultimenotizie","tag-ultimenotiziedimondo","tag-world","tag-world-news","tag-worldnews"],"share_on_mastodon":{"url":"","error":""},"_links":{"self":[{"href":"https:\/\/www.europesays.com\/it\/wp-json\/wp\/v2\/posts\/662128","targetHints":{"allow":["GET"]}}],"collection":[{"href":"https:\/\/www.europesays.com\/it\/wp-json\/wp\/v2\/posts"}],"about":[{"href":"https:\/\/www.europesays.com\/it\/wp-json\/wp\/v2\/types\/post"}],"author":[{"embeddable":true,"href":"https:\/\/www.europesays.com\/it\/wp-json\/wp\/v2\/users\/3"}],"replies":[{"embeddable":true,"href":"https:\/\/www.europesays.com\/it\/wp-json\/wp\/v2\/comments?post=662128"}],"version-history":[{"count":0,"href":"https:\/\/www.europesays.com\/it\/wp-json\/wp\/v2\/posts\/662128\/revisions"}],"wp:featuredmedia":[{"embeddable":true,"href":"https:\/\/www.europesays.com\/it\/wp-json\/wp\/v2\/media\/662129"}],"wp:attachment":[{"href":"https:\/\/www.europesays.com\/it\/wp-json\/wp\/v2\/media?parent=662128"}],"wp:term":[{"taxonomy":"category","embeddable":true,"href":"https:\/\/www.europesays.com\/it\/wp-json\/wp\/v2\/categories?post=662128"},{"taxonomy":"post_tag","embeddable":true,"href":"https:\/\/www.europesays.com\/it\/wp-json\/wp\/v2\/tags?post=662128"}],"curies":[{"name":"wp","href":"https:\/\/api.w.org\/{rel}","templated":true}]}}