{"id":662136,"date":"2026-09-02T22:52:10","date_gmt":"2026-09-02T22:52:10","guid":{"rendered":"https:\/\/www.europesays.com\/it\/662136\/"},"modified":"2026-09-02T22:52:10","modified_gmt":"2026-09-02T22:52:10","slug":"samuel-sanchez-un-campione-olimpico-per-il-tour-of-armenia","status":"publish","type":"post","link":"https:\/\/www.europesays.com\/it\/662136\/","title":{"rendered":"SAMUEL SANCHEZ: UN CAMPIONE OLIMPICO PER IL TOUR OF ARMENIA"},"content":{"rendered":"<p><strong>Un Ambassador da medaglia d&#8217;oro. Il campione olimpico della prova in linea a Pechino 2008, Samuel S\u00e1nchez,<\/strong> vivr\u00e0 da vicino il gran finale del <strong>nuovissimo Tour of Armenia<\/strong>, corsa di categoria 2.2 in programma dal 10 al 13 settembre e inserita nel calendario UCI Europe Tour. Quattro tappe per un totale di 587 km e 5.300 metri di dislivello in un Paese che sta investendo con decisione sul ciclismo e che ha scelto una leggenda del pedale per valorizzare l&#8217;evento.\n            <\/p>\n<p><strong>Diciotto anni nel ciclismo professionistico e un palmar\u00e8s di assoluto prestigio<\/strong>: oltre alla gemma a cinque cerchi che brilla pi\u00f9 di tutte, S\u00e1nchez vanta tre podi nei Grandi Giri e otto successi di tappa (compresi due successi in cronosquadre). \u00c8 stato secondo al Tour de France 2010 &#8211; dodici mesi prima di conquistare la maglia a pois di miglior scalatore (2011) &#8211; e per due volte \u00e8 salito sul podio della Vuelta a Espa\u00f1a, corsa dove vanta anche sei vittorie di tappa: terzo nel 2007 e secondo nel 2009.\n            <\/p>\n<p>Una volta appesa la bici al chiodo come ciclista professionista, <strong>non ha abbandonato le amate due ruote e ha fondato la MMR Cycling Academy<\/strong>, una fucina di talenti che ha contribuito alla crescita di corridori come Iv\u00e1n Romeo, Pelayo S\u00e1nchez, Markel Beloki e Samuel Fern\u00e1ndez. Oltre a continuare a pedalare per passione, <strong>Samuel \u00e8 brand ambassador, consulente, analista sportivo per media come Eurosport e RNE, e imprenditore.<\/strong><\/p>\n<p>La sua esperienza e il suo carisma offriranno u<strong>n\u2019analisi ancora pi\u00f9 dettagliata ed approfondita di una manifestazione che nel 2026 fa il suo esordio nel panorama internazionale<\/strong> con l\u2019intenzione di mettere radici per il futuro. Il Tour of Armenia permetter\u00e0 di ammirare molti talenti emergenti, oltre a scoprire le bellezze di un territorio sorprendente. La gara attraverser\u00e0 le regioni di Gegharkunik, Tavush, Lori e Aragatsotn, chiudendosi nella capitale Erevan.<\/p>\n<p>La Federazione Ciclistica Armena, in collaborazione con il Ministero dell\u2019Educazione, Scienza, Cultura e Sport della Repubblica Armena, lavora da anni per valorizzare una disciplina in forte espansione. L\u2019obiettivo \u00e8 di rendere questa corsa, organizzata grazie alla consulenza tecnica e all\u2019expertise di RCS Sports and Events DMCC, un appuntamento fisso nel calendario internazionale.<\/p>\n<p><strong>DICHIARAZIONE DI SAMUEL S\u00c1NCHEZ, AMBASSADOR TOUR OF ARMENIA<\/strong><br \/>\u201c\u00c8 un grande piacere poter fare da Ambassador a questa corsa, in un Paese che sta investendo sempre di pi\u00f9 sul ciclismo. Sono convinto che il Tour of Armenia non solo contribuir\u00e0 alla crescita di questo sport a livello locale, ma rappresenter\u00e0 anche una magnifica opportunit\u00e0 per mostrare al resto del mondo alcuni dei suoi luoghi pi\u00f9 spettacolari. Per me \u00e8 un privilegio essere presente a questa prima edizione, vivere da vicino l&#8217;atto finale della corsa e godermi il traguardo a Erevan. Inoltre, poter contare sull&#8217;esperienza di un team organizzativo legato a una prova delle dimensioni del Giro d&#8217;Italia \u00e8 una garanzia assoluta e rende questo debutto ancora pi\u00f9 speciale. Credo che sar\u00e0 un&#8217;esperienza davvero emozionante e mi auguro che sia l&#8217;inizio di una corsa capace di crescere e consolidarsi nel calendario internazionale per molti anni a venire\u201d.<\/p>\n<p><strong>Le tappe del 1\u00b0 Tour of Armenia, 10-13 settembre 2026:<\/strong><br \/>Gioved\u00ec 10 settembre, 1\u00aa tappa: Gavar &#8211; Mets Masrik (135 km, 450 m di dislivello).<br \/>Venerd\u00ec 11 settembre, 2\u00aa tappa: Kirants &#8211; Stepanavan (177 km, 2.400 m di dislivello).<br \/>Sabato 12 settembre, 3\u00aa tappa: Martuni &#8211; Dilijan (Lago Parz) (162 km, 1.700 m di dislivello).<br \/>Domenica 13 settembre, 4\u00aa tappa: Erevan &#8211; Erevan (113 km &#8211; 10 giri da 11.3 km, 750 m di dislivello).<\/p>\n<p>Official website: <a href=\"https:\/\/tour-of-armenia.com\/\" target=\"_blank\" rel=\"noopener nofollow\">https:\/\/tour-of-armenia.com\/<\/a><\/p>\n","protected":false},"excerpt":{"rendered":"Un Ambassador da medaglia d&#8217;oro. Il campione olimpico della prova in linea a Pechino 2008, Samuel S\u00e1nchez, vivr\u00e0&hellip;\n","protected":false},"author":3,"featured_media":662137,"comment_status":"","ping_status":"","sticky":false,"template":"","format":"standard","meta":{"footnotes":"","_share_on_mastodon":"0"},"categories":[1456],"tags":[1824,198289,1825,1537,90,89,365006,245,244,35266,365005],"class_list":["post-662136","post","type-post","status-publish","format-standard","has-post-thumbnail","category-ciclismo","tag-ciclismo","tag-corse-internazionali","tag-cycling","tag-it","tag-italia","tag-italy","tag-samuel-sanchez","tag-sport","tag-sports","tag-talenti-emergenti","tag-tour-armenia-2026"],"share_on_mastodon":{"url":"https:\/\/pubeurope.com\/@it\/117203903822410036","error":""},"_links":{"self":[{"href":"https:\/\/www.europesays.com\/it\/wp-json\/wp\/v2\/posts\/662136","targetHints":{"allow":["GET"]}}],"collection":[{"href":"https:\/\/www.europesays.com\/it\/wp-json\/wp\/v2\/posts"}],"about":[{"href":"https:\/\/www.europesays.com\/it\/wp-json\/wp\/v2\/types\/post"}],"author":[{"embeddable":true,"href":"https:\/\/www.europesays.com\/it\/wp-json\/wp\/v2\/users\/3"}],"replies":[{"embeddable":true,"href":"https:\/\/www.europesays.com\/it\/wp-json\/wp\/v2\/comments?post=662136"}],"version-history":[{"count":0,"href":"https:\/\/www.europesays.com\/it\/wp-json\/wp\/v2\/posts\/662136\/revisions"}],"wp:featuredmedia":[{"embeddable":true,"href":"https:\/\/www.europesays.com\/it\/wp-json\/wp\/v2\/media\/662137"}],"wp:attachment":[{"href":"https:\/\/www.europesays.com\/it\/wp-json\/wp\/v2\/media?parent=662136"}],"wp:term":[{"taxonomy":"category","embeddable":true,"href":"https:\/\/www.europesays.com\/it\/wp-json\/wp\/v2\/categories?post=662136"},{"taxonomy":"post_tag","embeddable":true,"href":"https:\/\/www.europesays.com\/it\/wp-json\/wp\/v2\/tags?post=662136"}],"curies":[{"name":"wp","href":"https:\/\/api.w.org\/{rel}","templated":true}]}}