{"id":662144,"date":"2026-09-02T22:58:16","date_gmt":"2026-09-02T22:58:16","guid":{"rendered":"https:\/\/www.europesays.com\/it\/662144\/"},"modified":"2026-09-02T22:58:16","modified_gmt":"2026-09-02T22:58:16","slug":"matteo-il-ricordo-che-mette-radici-busto-gli-dedica-un-angolo-nel-parco-giotto-malpensa24","status":"publish","type":"post","link":"https:\/\/www.europesays.com\/it\/662144\/","title":{"rendered":"Matteo, il ricordo che mette radici: Busto gli dedica un angolo nel Parco Giotto MALPENSA24"},"content":{"rendered":"<p><a title=\"busto parco matteo\" href=\"https:\/\/www.malpensa24.it\/busto-matteo-parco-giotto\/busto-parco-matteo\/\" rel=\"nofollow noopener\" target=\"_blank\"><img fetchpriority=\"high\" width=\"600\" height=\"337\" src=\"https:\/\/www.europesays.com\/it\/wp-content\/uploads\/2026\/09\/busto-parco-matteo-600x337.jpg\" class=\"attachment-mh-magazine-content size-mh-magazine-content wp-post-image\" alt=\"\" title=\"busto parco matteo\" loading=\"eager\" decoding=\"async\"  \/><\/a><\/p>\n<p><strong>BUSTO ARSIZIO<\/strong> \u2013 Un <strong>ulivo<\/strong>, un <strong>bonsai<\/strong> messi a dimora dall\u2019associazione <strong>SuperDreams ODV<\/strong>, una <strong>panchina<\/strong> che sar\u00e0 posizionata dall\u2019Amministrazione comunale e un luogo pensato per custodire nel tempo il ricordo di un bambino che ha lasciato un segno profondo nella <a href=\"https:\/\/www.malpensa24.it\/busto-sistema-i-parchi-di-santanna-e-beata-al-giotto-un-ricordo-del-piccolo-matteo\/\" rel=\"nofollow noopener\" target=\"_blank\">sua famiglia e nella comunit\u00e0 di Sant\u2019Anna. <\/a>Prende forma cos\u00ec l\u2019<strong>angolo commemorativo dedicato a Matteo Granata. S<\/strong>u indicazione del sindaco <strong>Emanuele Antonelli,\u00a0<\/strong>la giunta bustocca ha accolto la richiesta presentata dalla stessa SuperDreams.<\/p>\n<p>Al Parco Giotto<\/p>\n<p>Lo spazio sorger\u00e0 all\u2019interno del <strong>Parco Giotto<\/strong>, nel quartiere <strong>Sant\u2019Anna<\/strong>, nelle vicinanze della scuola dell\u2019infanzia <strong>Maria di Nazareth<\/strong>, frequentata da Matteo. Una collocazione non casuale, nel cuore del quartiere nel quale il piccolo viveva e dove ogni giorno incontrava compagni, insegnanti e famiglie. La <strong>commemorazione \u00e8 prevista per met\u00e0 settembre<\/strong>. <a href=\"https:\/\/www.malpensa24.it\/busto-matteo-raccolta-online\/\" rel=\"nofollow noopener\" target=\"_blank\">Sar\u00e0 l\u2019associazione SuperDreams ODV<\/a> a occuparsi della <strong>messa a dimora dell\u2019ulivo e del bonsai<\/strong>, mentre il Comune provveder\u00e0 al <strong>posizionamento della panchina<\/strong>. L\u2019intervento nasce dalla volont\u00e0 di trasformare un luogo del quotidiano in uno spazio capace di <strong>mantenere viva la memoria di Matteo<\/strong>, senza separarla dalla vita del parco e dalla presenza dei bambini.<\/p>\n<p>Nove mesi di battaglia<\/p>\n<p>Matteo \u00e8 scomparso il <strong>30 aprile<\/strong>, a soli <strong>quattro anni<\/strong>, dopo nove mesi di malattia. La sua vicenda ha profondamente coinvolto il quartiere di Sant\u2019Anna, che si \u00e8 stretto attorno ai genitori e alla famiglia e ha continuato, anche dopo la sua morte, a promuovere iniziative nel suo ricordo. La scelta del <strong>Parco Giotto<\/strong> assume quindi un significato particolare: si tratta di un luogo vicino alla scuola frequentata dal bambino e, allo stesso tempo, di uno spazio pubblico attraversato quotidianamente da famiglie e bambini. Un posto dove <strong>sedersi, giocare, incontrarsi<\/strong> e, da met\u00e0 settembre, anche ricordare.<\/p>\n<p>I simboli del ricordo<\/p>\n<p>L\u2019iniziativa dell\u2019angolo commemorativo si inserisce in un percorso pi\u00f9 ampio nato attorno alla memoria di Matteo. L\u2019associazione <strong>SuperDreams<\/strong> ha immaginato un piccolo spazio verde nel quale gli elementi naturali assumono un valore simbolico: l\u2019<strong>ulivo<\/strong> come richiamo alla forza e alla continuit\u00e0, il <strong>bonsai<\/strong> come immagine di una vita piccola ma preziosa e la <strong>panchina<\/strong> come luogo di sosta e riflessione. Non un monumento tradizionale, dunque, ma un <strong>angolo inserito nella vita del quartiere<\/strong>. Un luogo che potr\u00e0 essere attraversato ogni giorno dalle famiglie e dai bambini, proprio come Matteo avrebbe continuato a fare.<\/p>\n<p>Una comunit\u00e0 che non dimentica<\/p>\n<p>La memoria del piccolo ha gi\u00e0 generato altre iniziative a Sant\u2019Anna, a partire dal progetto di un <strong>nuovo parco giochi dedicato a Matteo<\/strong> all\u2019oratorio del quartiere. Un modo per provare a trasformare il dolore della perdita in qualcosa che possa parlare ancora alla comunit\u00e0 e soprattutto ai pi\u00f9 piccoli. Ora anche il <strong>Parco Giotto<\/strong> avr\u00e0 il suo spazio dedicato a Matteo. Un <strong>ulivo, un bonsai e una panchina<\/strong> saranno i segni concreti di una memoria che, nel luogo in cui il bambino ha trascorso una parte della sua quotidianit\u00e0, continuer\u00e0 a vivere insieme alla comunit\u00e0.<\/p>\n<blockquote class=\"wp-embedded-content\" data-secret=\"FGSjiog1xx\">\n<p><a href=\"https:\/\/www.malpensa24.it\/un-angelo-su-santanna-per-ricordare-il-piccolo-matteo-una-canzone-e-una-piazza\/\" rel=\"nofollow noopener\" target=\"_blank\">\u00abUn angelo\u00bb su Sant\u2019Anna: per ricordare il piccolo Matteo una canzone e una piazza<\/a><\/p>\n<\/blockquote>\n<p>busto Matteo parco Giotto \u2013 MALPENSA24<\/p>\n<p>Visited 483 times, 115 visit(s) today<\/p>\n<p>\t<a class=\"mh-facebook\" href=\"#\" onclick=\"window.open('https:\/\/www.facebook.com\/sharer.php?u=https%3A%2F%2Fwww.malpensa24.it%2Fbusto-matteo-parco-giotto%2F&amp;t=Matteo%2C+il+ricordo+che+mette+radici%3A+Busto+gli+dedica+un+angolo+nel+Parco+Giotto', 'facebookShare', 'width=626,height=436'); return false;\" title=\"Condividi su Facebook\"><\/p>\n<p>\t<\/a><br \/>\n\t<a class=\"mh-twitter\" href=\"#\" onclick=\"window.open('https:\/\/twitter.com\/share?text=Matteo%2C+il+ricordo+che+mette+radici%3A+Busto+gli+dedica+un+angolo+nel+Parco+Giotto:&amp;url=https%3A%2F%2Fwww.malpensa24.it%2Fbusto-matteo-parco-giotto%2F', 'twitterShare', 'width=626,height=436'); return false;\" title=\"Twitta Questo Articolo\"><\/p>\n<p>\t<\/a><br \/>\n\t<a class=\"mh-linkedin\" href=\"#\" onclick=\"window.open('https:\/\/www.linkedin.com\/shareArticle?mini=true&amp;url=https%3A%2F%2Fwww.malpensa24.it%2Fbusto-matteo-parco-giotto%2F&amp;source=\" return=\"\" false=\"\" title=\"Share on LinkedIn\"><\/p>\n<p>\t<\/a><br \/>\n\t<a class=\"mh-pinterest\" href=\"#\" onclick=\"window.open('https:\/\/pinterest.com\/pin\/create\/button\/?url=https%3A%2F%2Fwww.malpensa24.it%2Fbusto-matteo-parco-giotto%2F&amp;media=https:\/\/www.malpensa24.it\/wp-content\/uploads\/2026\/09\/busto-parco-matteo.jpg&amp;description=Matteo%2C+il+ricordo+che+mette+radici%3A+Busto+gli+dedica+un+angolo+nel+Parco+Giotto', 'pinterestShare', 'width=750,height=350'); return false;\" title=\"Pin This Post\"><\/p>\n<p>\t<\/a><br \/>\n\t<a class=\"mh-email\" href=\"mailto:?subject=Matteo%2C%20il%20ricordo%20che%20mette%20radici%3A%20Busto%20gli%20dedica%20un%20angolo%20nel%20Parco%20Giotto&amp;body=https%3A%2F%2Fwww.malpensa24.it%2Fbusto-matteo-parco-giotto%2F\" title=\"Manda ad un amico\" target=\"_blank\"><\/p>\n<p>\t<\/a><br \/>\n\t<a class=\"mh-print\" href=\"https:\/\/www.malpensa24.it\/busto-matteo-parco-giotto\/javascript:window.print()\" title=\"Print this article\" rel=\"nofollow noopener\" target=\"_blank\"><\/p>\n<p>\t<\/a><br \/>\n    <a class=\"mh-whatsapp\" href=\"#\" onclick=\"window.open('https:\/\/api.whatsapp.com\/send?phone={phone_number}&amp;text=Matteo%2C+il+ricordo+che+mette+radici%3A+Busto+gli+dedica+un+angolo+nel+Parco+Giotto:&amp;url=https%3A%2F%2Fwww.malpensa24.it%2Fbusto-matteo-parco-giotto%2F', 'whatsappShare', 'width=626,height=436'); return false;\" title=\"Share on Whatsapp\"><\/p>\n<p>    <\/a><br \/>\n\t<a class=\"mh-mastodon\" href=\"#\" onclick=\"window.open('https:\/\/mastodonshare.com\/share?text=Matteo%2C+il+ricordo+che+mette+radici%3A+Busto+gli+dedica+un+angolo+nel+Parco+Giotto:&amp;url=https%3A%2F%2Fwww.malpensa24.it%2Fbusto-matteo-parco-giotto%2F', 'mustodonShare', 'width=626,height=436'); return false;\" title=\"Share On Mastodon\"><\/p>\n<p>\t\t\t<img decoding=\"async\" src=\"https:\/\/www.europesays.com\/it\/wp-content\/uploads\/2026\/07\/mostadon-logo.png\" height=\"25px\" width=\"20px\"\/><\/p>\n<p>\t<\/a><\/p>\n<p>\t<script async src=\"https:\/\/platform.twitter.com\/widgets.js\" charset=\"utf-8\"><\/script><\/p>\n","protected":false},"excerpt":{"rendered":"BUSTO ARSIZIO \u2013 Un ulivo, un bonsai messi a dimora dall\u2019associazione SuperDreams ODV, una panchina che sar\u00e0 posizionata&hellip;\n","protected":false},"author":3,"featured_media":662145,"comment_status":"","ping_status":"","sticky":false,"template":"","format":"standard","meta":{"footnotes":"","_share_on_mastodon":"0"},"categories":[1446],"tags":[1615,1613,1614,1611,1610,1612,203,204,1537,90,89],"class_list":["post-662144","post","type-post","status-publish","format-standard","has-post-thumbnail","category-arte-e-design","tag-arte","tag-arte-e-design","tag-arteedesign","tag-arts","tag-arts-and-design","tag-design","tag-entertainment","tag-intrattenimento","tag-it","tag-italia","tag-italy"],"share_on_mastodon":{"url":"https:\/\/pubeurope.com\/@it\/117203927541124641","error":""},"_links":{"self":[{"href":"https:\/\/www.europesays.com\/it\/wp-json\/wp\/v2\/posts\/662144","targetHints":{"allow":["GET"]}}],"collection":[{"href":"https:\/\/www.europesays.com\/it\/wp-json\/wp\/v2\/posts"}],"about":[{"href":"https:\/\/www.europesays.com\/it\/wp-json\/wp\/v2\/types\/post"}],"author":[{"embeddable":true,"href":"https:\/\/www.europesays.com\/it\/wp-json\/wp\/v2\/users\/3"}],"replies":[{"embeddable":true,"href":"https:\/\/www.europesays.com\/it\/wp-json\/wp\/v2\/comments?post=662144"}],"version-history":[{"count":0,"href":"https:\/\/www.europesays.com\/it\/wp-json\/wp\/v2\/posts\/662144\/revisions"}],"wp:featuredmedia":[{"embeddable":true,"href":"https:\/\/www.europesays.com\/it\/wp-json\/wp\/v2\/media\/662145"}],"wp:attachment":[{"href":"https:\/\/www.europesays.com\/it\/wp-json\/wp\/v2\/media?parent=662144"}],"wp:term":[{"taxonomy":"category","embeddable":true,"href":"https:\/\/www.europesays.com\/it\/wp-json\/wp\/v2\/categories?post=662144"},{"taxonomy":"post_tag","embeddable":true,"href":"https:\/\/www.europesays.com\/it\/wp-json\/wp\/v2\/tags?post=662144"}],"curies":[{"name":"wp","href":"https:\/\/api.w.org\/{rel}","templated":true}]}}