{"id":662148,"date":"2026-09-02T23:01:10","date_gmt":"2026-09-02T23:01:10","guid":{"rendered":"https:\/\/www.europesays.com\/it\/662148\/"},"modified":"2026-09-02T23:01:10","modified_gmt":"2026-09-02T23:01:10","slug":"la-rapper-n1-al-mondo-cardi-b-a-cena-a-basaldella-con-okoye","status":"publish","type":"post","link":"https:\/\/www.europesays.com\/it\/662148\/","title":{"rendered":"La rapper n1 al mondo Cardi B a cena a Basaldella con Okoye"},"content":{"rendered":"<p>\t\t\t0<\/p>\n<p>La visita in Friuli di Cardi B per vedere il suo Okoye \u00e8 terminata con la cena al ristorante messicano El Jalapeno di Basaldella, locale di cui il portiere bianconero \u00e8 cliente. Ieri sera, per\u00f2, a sorpresa, dopo aver prenotato, il calciatore si \u00e8 presentato con la famosissima rapper statunitense che frequenta da questa estate. <\/p>\n<p>Alle 23 nel locale erano rimasti pochi avventori che non hanno fatto caso al gruppetto di cinque persone capeggiato da Okoye, che ha potuto quindi offrire una serata tranquilla alla sua fidanzata. <\/p>\n<p>Cardi B, parola dei titolari del locale, si \u00e8 dimostrata gentilissima e alla mano. Ha conversato in spagnolo con i dipendenti, raccontando ad uno venezuelano che la sua tata proviene dallo stesso Paese, si \u00e8 concessa alcune delle specialit\u00e0 del posto, tra le quali i nachos, gli El Jalapenos rellenos, le empanadas mixtas, flautas de camaron, quesadillas con carne, prima di scegliere le tostadas di pollo che ha particolarmente apprezzato. Dopo canti e balli, a conclusione della serata, si \u00e8 fatta fotografare con tutto il personale del locale, con Karol, la moglie del titolare e con la figlia Sara. Il saluto finale non poteva che essere un arrivederci.<\/p>\n","protected":false},"excerpt":{"rendered":"0 La visita in Friuli di Cardi B per vedere il suo Okoye \u00e8 terminata con la cena&hellip;\n","protected":false},"author":3,"featured_media":662149,"comment_status":"","ping_status":"","sticky":false,"template":"","format":"standard","meta":{"footnotes":"","_share_on_mastodon":"0"},"categories":[1443],"tags":[203,204,1537,90,89,1538,1539,6766],"class_list":["post-662148","post","type-post","status-publish","format-standard","has-post-thumbnail","category-musica","tag-entertainment","tag-intrattenimento","tag-it","tag-italia","tag-italy","tag-music","tag-musica","tag-udine"],"share_on_mastodon":{"url":"https:\/\/pubeurope.com\/@it\/117203939532923890","error":""},"_links":{"self":[{"href":"https:\/\/www.europesays.com\/it\/wp-json\/wp\/v2\/posts\/662148","targetHints":{"allow":["GET"]}}],"collection":[{"href":"https:\/\/www.europesays.com\/it\/wp-json\/wp\/v2\/posts"}],"about":[{"href":"https:\/\/www.europesays.com\/it\/wp-json\/wp\/v2\/types\/post"}],"author":[{"embeddable":true,"href":"https:\/\/www.europesays.com\/it\/wp-json\/wp\/v2\/users\/3"}],"replies":[{"embeddable":true,"href":"https:\/\/www.europesays.com\/it\/wp-json\/wp\/v2\/comments?post=662148"}],"version-history":[{"count":0,"href":"https:\/\/www.europesays.com\/it\/wp-json\/wp\/v2\/posts\/662148\/revisions"}],"wp:featuredmedia":[{"embeddable":true,"href":"https:\/\/www.europesays.com\/it\/wp-json\/wp\/v2\/media\/662149"}],"wp:attachment":[{"href":"https:\/\/www.europesays.com\/it\/wp-json\/wp\/v2\/media?parent=662148"}],"wp:term":[{"taxonomy":"category","embeddable":true,"href":"https:\/\/www.europesays.com\/it\/wp-json\/wp\/v2\/categories?post=662148"},{"taxonomy":"post_tag","embeddable":true,"href":"https:\/\/www.europesays.com\/it\/wp-json\/wp\/v2\/tags?post=662148"}],"curies":[{"name":"wp","href":"https:\/\/api.w.org\/{rel}","templated":true}]}}