{"id":662150,"date":"2026-09-02T23:02:20","date_gmt":"2026-09-02T23:02:20","guid":{"rendered":"https:\/\/www.europesays.com\/it\/662150\/"},"modified":"2026-09-02T23:02:20","modified_gmt":"2026-09-02T23:02:20","slug":"ink-la-recensione-del-film-dapertura-della-mostra-del-cinema-di-venezia","status":"publish","type":"post","link":"https:\/\/www.europesays.com\/it\/662150\/","title":{"rendered":"Ink, la recensione del film d&#8217;apertura della Mostra del cinema di Venezia"},"content":{"rendered":"<p data-journey-content=\"true\" data-node-id=\"3\" class=\"css-1ood0zq emevuu60\">La frase pi\u00f9 bella di <strong data-node-id=\"3.1.0\">Ink <\/strong>viene pronunciata dal proprietario del Daily Mirror mentre litiga con il direttore di <strong data-node-id=\"3.5.0\">The Sun<\/strong>: &#8220;Non hai inventato nulla&#8221;, gli dice, &#8220;sei solo il primo che non si preoccupa delle conseguenze&#8221;. Si riferisce alla linea editoriale di The Sun, sempre pi\u00f9 spregiudicata (e di successo), ma si potrebbe dire la stessa cosa delle formazioni politiche populiste in crescita in tutto il mondo e dei loro leader che non sembrano preoccuparsi delle conseguenze di quello dicono e di quello che fanno, alzando tutti i giorni l&#8217;asticella dell&#8217;indicibile, dell&#8217;infattibile. In questo modo, l&#8217;ultimo film di <strong data-node-id=\"3.9\">Danny Boyle<\/strong>, una storia di giornalismo prima di internet, si collega al nostro presente. <\/p>\n<p data-journey-content=\"true\" data-node-id=\"9\" class=\"css-1ood0zq emevuu60\">Ink, <a href=\"https:\/\/www.esquire.com\/it\/cultura\/film\/a73241475\/mostra-del-cinema-di-venezia-2026-programma\/\" target=\"_blank\" data-vars-ga-outbound-link=\"https:\/\/www.esquire.com\/it\/cultura\/film\/a73241475\/mostra-del-cinema-di-venezia-2026-programma\/\" data-vars-ga-ux-element=\"Hyperlink\" data-vars-ga-call-to-action=\"in concorso\" data-node-id=\"9.2\" class=\"body-link css-1nd6fub emevuu60\" rel=\"nofollow noopener\">in concorso<\/a> all&#8217;ottantatreesima <strong data-node-id=\"9.4\">Mostra del Cinema di Venezia<\/strong>, \u00e8 stato acquistato da Netflix che lo distribuir\u00e0 negli Stati Uniti e in America Latina. In Italia invece arriver\u00e0, prossimamente, nelle sale con Lucky Red. <\/p>\n<p data-journey-content=\"true\" data-node-id=\"13\" class=\"css-1ood0zq emevuu60\">\u00c8 la storia di come The Sun abbia ridefinito, soprattutto in peggio, il nostro rapporto con l&#8217;informazione. Il nuovo corso inizia con l&#8217;acquisizione da parte di <strong data-node-id=\"13.3\">Rupert Murdoch <\/strong>(<strong data-node-id=\"13.5\"><a href=\"https:\/\/www.esquire.com\/it\/cultura\/film\/a39758344\/guy-pearce-da-memento-a-memory-alla-riscoperta-dei-suoi-film-cult\/\" target=\"_blank\" data-vars-ga-outbound-link=\"https:\/\/www.esquire.com\/it\/cultura\/film\/a39758344\/guy-pearce-da-memento-a-memory-alla-riscoperta-dei-suoi-film-cult\/\" data-vars-ga-ux-element=\"Hyperlink\" data-vars-ga-call-to-action=\"Guy Pearce\" data-node-id=\"13.5.0\" class=\"body-link css-1nd6fub emevuu60\" rel=\"nofollow noopener\">Guy Pearce<\/a><\/strong>) nel 1969. L&#8217;imprenditore australiano assume come direttore <strong data-node-id=\"13.7\">Larry Lamb<\/strong> (<strong data-node-id=\"13.9\">Jack O&#8217;Connell<\/strong>), giornalista di alto profilo del Daily Mirror, all&#8217;epoca dei fatti il quotidiano del Regno Unito al primo posto nella classifica delle vendite. Lamb, in una sequenza che sembra quella del &#8220;reclutamento&#8221; dei tipi pi\u00f9 strambi in un heist movie, mette insieme una redazione di outsider, tra cui c&#8217;\u00e8 anche <strong data-node-id=\"13.13\">Jules Davies<\/strong> (<strong data-node-id=\"13.15\">Claire Foy<\/strong>), che nel film \u00e8 l&#8217;unica donna del gruppo. Questa banda di scappati di casa ha una missione, affidatagli dallo stesso Murdoch: creare un <strong data-node-id=\"13.17\">quotidiano popolare<\/strong>, che faccia leva sugli istinti, sui desideri sepolti e inconfessabili dei lettori, che segua intenzionalmente gli eccessi (anche nella veste grafica) pur di attirare l&#8217;attenzione e fare scandalo. L&#8217;obiettivo diventa presto quello di superare le vendite del Daily Mirror. <\/p>\n<p>Gli affari sono una questione personale<\/p>\n<p data-journey-content=\"true\" data-node-id=\"19\" class=\"css-1ood0zq emevuu60\">Nei film che raccontano la nascita di un&#8217;impresa, di un&#8217;azienda o di una singola invenzione, viene quasi sempre messo in luce come quell&#8217;impresa, quell&#8217;azienda o quell&#8217;invenzione siano state, in realt\u00e0, una <strong data-node-id=\"19.1\">questione <\/strong>strettamente <strong data-node-id=\"19.3\">personale<\/strong>. Per Ink anche la nascita di The Sun, e la direzione che ha preso, sono nate da un desiderio di vendetta. Lamb, ad esempio, continuava a sbattere la testa contro un tetto di vetro che gli impediva di fare carriera, covando inoltre un istinto di rivalsa contro alcuni giornalisti che in passato gli avevano fatto qualcosa di orribile. Murdoch, sempre secondo l&#8217;interpretazione che ne danno Boyle e il suo sceneggiatore, James Graham, non aveva la pasta per adattarsi ai rigidi protocolli sociali degli inglesi e veniva continuamente snobbato dall&#8217;alta societ\u00e0. Ciascuno dei componenti della redazione aveva qualcosa da rivendicare. Vale anche per Jules (una sintesi di diverse impiegate che lavorarono al giornale nella realt\u00e0): voleva parlare alle donne, non alle donne immaginate dagli uomini. Per riuscirci era disposta a fare buon viso a cattivo gioco. <\/p>\n<p><img draggable=\"true\" alt=\"ink. (l to r) guy pearce as murdoch and jack oconnell as lamb in ink. cr. anthony dickenson \u00a9 2026.\" title=\"ink. (l to r) guy pearce as murdoch and jack oconnell as lamb in ink. cr. anthony dickenson \u00a9 2026.\" loading=\"lazy\" width=\"1800\" height=\"1200\" decoding=\"async\" data-nimg=\"1\" style=\"color:transparent;width:100%;height:auto;\"   src=\"https:\/\/www.europesays.com\/it\/wp-content\/uploads\/2026\/09\/950c9965-f233-4f3d-99a0-094d06c53342.jpg\" class=\"css-0 e1ddfba50\"\/><a target=\"_blank\" rel=\"noopener nofollow\" data-theme-key=\"base-link\" href=\"https:\/\/pinterest.com\/pin\/create\/button\/?url=https:\/\/www.esquire.com\/it\/cultura\/film\/a73591253\/ink-recensione\/&amp;description=&amp;media=https:\/\/hips.hearstapps.com\/hmg-prod\/images\/950c9965-f233-4f3d-99a0-094d06c53342.jpg?resize=1600:*\" class=\"pinterest css-on9hn5 e1socmtw0\"><img decoding=\"async\" data-dynamic-svg=\"true\" src=\"https:\/\/www.esquire.com\/_assets\/design-tokens\/fre\/static\/icons\/social\/pinterest.e8cf655.svg?primary=%2523ffffff\" loading=\"lazy\" data-testid=\"dynamic-svg-base\" height=\"auto\" width=\"auto\" alt=\"pinterest\" class=\"css-4lml0h e1mlxuuw1\"\/><\/a><\/p>\n<p>Anthony Dickenson<\/p>\n<p data-journey-content=\"true\" data-node-id=\"24\" class=\"css-1ood0zq emevuu60\">Come The Social Network, altro film che lega l&#8217;interiorit\u00e0 del personaggio alla capacit\u00e0 di inventare qualcosa di nuovo, anche Ink inizia con una <strong data-node-id=\"24.5\">conversazione<\/strong>, un dialogo pieno di espressioni a effetto, un duello verbale: in entrambi i casi, la scrittura \u00e8 di buon livello, come pure le interpretazioni e i tempi sono quelli giusti, ma in Ink manca il conflitto. Non capiamo chi, tra Murdoch e Lamb, sia l&#8217;<strong data-node-id=\"24.9\">idealista <\/strong>e chi, invece, il <strong data-node-id=\"24.11\">cinico spregiudicato<\/strong>. All&#8217;inizio si resta leggermente confusi, ma con il tempo si comprende il motivo di tale indecisione. Murdoch insegna al direttore del Sun che ogni cosa \u00e8 notizia se fa vendere i giornali, ma Lamb si spinge troppo oltre su questa strada, superando quello che Murdoch considerava ammissibile. Grazie a Lamb, il tabloid diventa la pietra angolare dell&#8217;impero di Murdoch.    <\/p>\n<p><img draggable=\"true\" alt=\"ink. claire foy as jules davies in ink. anthony dickenson \u00a9 2026.\" title=\"ink. claire foy as jules davies in ink. anthony dickenson \u00a9 2026.\" loading=\"lazy\" width=\"1800\" height=\"1200\" decoding=\"async\" data-nimg=\"1\" style=\"color:transparent;width:100%;height:auto;\"   src=\"https:\/\/www.europesays.com\/it\/wp-content\/uploads\/2026\/09\/0ce42a54-e0aa-404f-abe4-da79a5ca4b94.jpg\" class=\"css-0 e1ddfba50\"\/><a target=\"_blank\" rel=\"noopener nofollow\" data-theme-key=\"base-link\" href=\"https:\/\/pinterest.com\/pin\/create\/button\/?url=https:\/\/www.esquire.com\/it\/cultura\/film\/a73591253\/ink-recensione\/&amp;description=&amp;media=https:\/\/hips.hearstapps.com\/hmg-prod\/images\/0ce42a54-e0aa-404f-abe4-da79a5ca4b94.jpg?resize=1600:*\" class=\"pinterest css-on9hn5 e1socmtw0\"><img decoding=\"async\" data-dynamic-svg=\"true\" src=\"https:\/\/www.esquire.com\/_assets\/design-tokens\/fre\/static\/icons\/social\/pinterest.e8cf655.svg?primary=%2523ffffff\" loading=\"lazy\" data-testid=\"dynamic-svg-base\" height=\"auto\" width=\"auto\" alt=\"pinterest\" class=\"css-4lml0h e1mlxuuw1\"\/><\/a><\/p>\n<p>Anthony Dickenson<\/p>\n<p data-journey-content=\"true\" data-node-id=\"29\" class=\"css-1ood0zq emevuu60\">Come in 28 anni dopo, il suo film precedente, Boyle calca la mano con la regia: Ink \u00e8 un film di inquadrature sghembe, invenzioni registiche, momenti di forte soggettivizzazione, durante i quali suoni e immagini sono distorti dall&#8217;emozione fortissima che sta provando il protagonista. In una scena, O&#8217;Connell sembra quasi recitare un monologo su un palco: \u00e8 coerente con quello che Ink era prima di questo film, ovvero uno spettacolo teatrale dello sceneggiatore Graham. Interrogando il presente con una storia ambientata nel passato, Ink \u00e8 il film giusto per aprire Venezia, al netto delle solite ragioni (star di richiamo, appeal per il grande pubblico). Il Festival inizia con uno spunto per riflettere sul qui e ora partendo da lontano, qualcosa di paradossalmente molto diverso dalla stretta attualit\u00e0 di un giornale. <\/p>\n<p>SCONTI AMAZON SULL&#8217;ELETTRONICA<a target=\"_blank\" rel=\"nofollow noopener\" data-theme-key=\"product-image-wrapper\" href=\"https:\/\/www.amazon.it\/dp\/B0DSWFHTL2?tag=a-esquire-21\" aria-label=\"448\u00a0\u20ac su Amazon per Smartphone Pixel 9a\" data-href=\"https:\/\/www.amazon.it\/dp\/B0DSWFHTL2\" data-product-url=\"https:\/\/www.amazon.it\/dp\/B0DSWFHTL2\" data-affiliate=\"true\" data-affiliate-url=\"https:\/\/www.amazon.it\/dp\/B0DSWFHTL2?tag=a-esquire-21\" data-affiliate-network=\"{&quot;site_id&quot;:&quot;ea4bb407-ec21-446a-a75b-8fc7d58bc376&quot;,&quot;metadata&quot;:{&quot;links&quot;:{&quot;default&quot;:&quot;https:\/\/www.amazon.it\/dp\/B0DSWFHTL2?tag=a-esquire-21&quot;}},&quot;network&quot;:{&quot;name&quot;:&quot;Amazon&quot;}}\" data-fp-affiliate-inline-link=\"true\" data-fp-affiliate-button-link=\"false\" data-vars-ga-call-to-action=\"448\u00a0\u20ac su Amazon\" data-vars-ga-media-role=\"1\" data-vars-ga-media-type=\"Embedded Gallery List\" data-vars-ga-outbound-link=\"https:\/\/www.amazon.it\/dp\/B0DSWFHTL2\" data-vars-ga-product-brand=\"Google\" data-vars-ga-product-id=\"730e3f90-6e5b-4cec-8668-f633da52f5e2\" data-vars-ga-product-price=\"448,10\u00a0\u20ac\" data-vars-ga-product-retailer-id=\"6431e5bb-78a0-4565-96ba-d028b58d46de\" data-vars-ga-product-sem3-brand=\"Google\" data-vars-ga-product-sem3-category=\"Cellulari e Smartphone\" data-vars-ga-gallery-display=\"list\" data-vars-ga-link-treatment=\"(not set) | (not set)\" data-vars-ga-sku=\"B0DSWFHTL2\" data-vars-ga-magento-tracking=\"1\" class=\"product-image-link ebgq4gw7 e12px3ys0 css-g6od0w e1socmtw0\"><img  alt=\"Smartphone Pixel 9a\" title=\"Smartphone Pixel 9a\" data-fp-product-image=\"true\" datafptag=\"data-fp-product-image\" src=\"https:\/\/www.europesays.com\/it\/wp-content\/uploads\/2026\/09\/1788390137_418_1751631475-71sRswGFD6L.jpg\" width=\"2500\" height=\"2500\" decoding=\"async\" loading=\"lazy\"\/><\/a>Google Smartphone Pixel 9aCredit: Courtesy photo<\/p>\n<p>Smartphone con sistema operativo Android 15 e processore Snapdragon con velocit\u00e0 3,1 GHz. Memoria RAM installata da 8 GB, capacit\u00e0 128 GB. La batteria pu\u00f2 durare pi\u00f9 di 24 ore, fino a 100 ore con Risparmio Energetico Estremo.<\/p>\n<p><a target=\"_blank\" rel=\"nofollow noopener\" data-theme-key=\"product-image-wrapper\" href=\"https:\/\/www.amazon.it\/dp\/B0FGPCMP5D?tag=a-esquire-21\" aria-label=\"70\u00a0\u20ac su Amazon per Tablet 10.1 pollici Android 15\" data-href=\"https:\/\/www.amazon.it\/dp\/B0FGPCMP5D\" data-product-url=\"https:\/\/www.amazon.it\/dp\/B0FGPCMP5D\" data-affiliate=\"true\" data-affiliate-url=\"https:\/\/www.amazon.it\/dp\/B0FGPCMP5D?tag=a-esquire-21\" data-affiliate-network=\"{&quot;site_id&quot;:&quot;ea4bb407-ec21-446a-a75b-8fc7d58bc376&quot;,&quot;metadata&quot;:{&quot;links&quot;:{&quot;default&quot;:&quot;https:\/\/www.amazon.it\/dp\/B0FGPCMP5D?tag=a-esquire-21&quot;}},&quot;network&quot;:{&quot;name&quot;:&quot;Amazon&quot;}}\" data-fp-affiliate-inline-link=\"true\" data-fp-affiliate-button-link=\"false\" data-vars-ga-call-to-action=\"70\u00a0\u20ac su Amazon\" data-vars-ga-media-role=\"1\" data-vars-ga-media-type=\"Embedded Gallery List\" data-vars-ga-outbound-link=\"https:\/\/www.amazon.it\/dp\/B0FGPCMP5D\" data-vars-ga-product-brand=\"Laptok\" data-vars-ga-product-id=\"d84e1923-cb3b-4514-8d9c-1495bd630ad0\" data-vars-ga-product-price=\"69,99\u00a0\u20ac\" data-vars-ga-product-retailer-id=\"3830f612-d389-452e-92cc-ba3a7efd789d\" data-vars-ga-product-sem3-brand=\"Laptok\" data-vars-ga-product-sem3-category=\"Tablet PC\" data-vars-ga-gallery-display=\"list\" data-vars-ga-link-treatment=\"sale | (not set)\" data-vars-ga-sku=\"B0FGPCMP5D\" data-vars-ga-magento-tracking=\"1\" class=\"product-image-link ebgq4gw7 e12px3ys0 css-g6od0w e1socmtw0\"><img  alt=\"Tablet 10.1 pollici Android 15\" title=\"Tablet 10.1 pollici Android 15\" data-fp-product-image=\"true\" datafptag=\"data-fp-product-image\" src=\"https:\/\/www.europesays.com\/it\/wp-content\/uploads\/2026\/09\/1788390138_449_1771587004-71T6DW2s7vL.jpg\" width=\"1600\" height=\"1600\" decoding=\"async\" loading=\"lazy\"\/><\/a>Laptok Tablet 10.1 pollici Android 15<\/p>\n<p>Ora in sconto del 22%<\/p>\n<p>Credit: Courtesy photo<\/p>\n<p>Tablet 10&#8221;, memoria 16GB e 32GB di spazio interno (espandibile). Sistema operativo Android 15 e processore quad-core Cortex-A53 e single-core Cortex-A73. Schermo IPS, HD. Fotocamera frontale 5MP e posteriore 8MP. Batteria 5000mAh, CPU a basso consumo energetico.<\/p>\n<p><a target=\"_blank\" rel=\"nofollow noopener\" data-theme-key=\"product-image-wrapper\" href=\"https:\/\/www.amazon.it\/dp\/B0DZDF1BKR?tag=a-esquire-21\" aria-label=\"1149\u00a0\u20ac su Amazon per MacBook Air 13&#039;&#039;\" data-href=\"https:\/\/www.amazon.it\/dp\/B0DZDF1BKR\" data-product-url=\"https:\/\/www.amazon.it\/dp\/B0DZDF1BKR\" data-affiliate=\"true\" data-affiliate-url=\"https:\/\/www.amazon.it\/dp\/B0DZDF1BKR?tag=a-esquire-21\" data-affiliate-network=\"{&quot;site_id&quot;:&quot;ea4bb407-ec21-446a-a75b-8fc7d58bc376&quot;,&quot;metadata&quot;:{&quot;links&quot;:{&quot;default&quot;:&quot;https:\/\/www.amazon.it\/dp\/B0DZDF1BKR?tag=a-esquire-21&quot;}},&quot;network&quot;:{&quot;name&quot;:&quot;Amazon&quot;}}\" data-fp-affiliate-inline-link=\"true\" data-fp-affiliate-button-link=\"false\" data-vars-ga-call-to-action=\"1149\u00a0\u20ac su Amazon\" data-vars-ga-media-role=\"1\" data-vars-ga-media-type=\"Embedded Gallery List\" data-vars-ga-outbound-link=\"https:\/\/www.amazon.it\/dp\/B0DZDF1BKR\" data-vars-ga-product-brand=\"Apple\" data-vars-ga-product-id=\"e57f9bbd-3c1b-4d9a-b340-aed2da22b6e2\" data-vars-ga-product-price=\"1149,00\u00a0\u20ac\" data-vars-ga-product-retailer-id=\"8397e01e-b7d9-4aa2-8819-2e0a993f945b\" data-vars-ga-product-sem3-brand=\"Apple\" data-vars-ga-product-sem3-category=\"Notebook tradizionali\" data-vars-ga-gallery-display=\"list\" data-vars-ga-link-treatment=\"(not set) | (not set)\" data-vars-ga-sku=\"B0DZDF1BKR\" data-vars-ga-magento-tracking=\"1\" class=\"product-image-link ebgq4gw7 e12px3ys0 css-g6od0w e1socmtw0\"><img  alt=\"MacBook Air 13''\" title=\"MacBook Air 13''\" data-fp-product-image=\"true\" datafptag=\"data-fp-product-image\" src=\"https:\/\/www.europesays.com\/it\/wp-content\/uploads\/2026\/09\/1788390139_909_1741342670-71ZdDLeldzL.jpg\" width=\"2560\" height=\"2560\" decoding=\"async\" loading=\"lazy\"\/><\/a>Apple MacBook Air 13&#8221;Credit: Courtesy photo<\/p>\n<p>Portatile con design dalle dimensioni ultraridotte, con chip M4 (2025) progettato per Apple Intelligence, iperleggero ed extraveloce. Display Liquid Retina da 13,6&#8221;. 16GB di memoria unificata e 256GB di archiviazione SSD. Touch ID e batteria che dura fino a 18 ore. Videocamera 12MP Center Stage, tre microfoni e quattro altoparlanti con audio spaziale.<\/p>\n<p><a target=\"_blank\" rel=\"nofollow noopener\" data-theme-key=\"product-image-wrapper\" href=\"https:\/\/www.amazon.it\/dp\/B0F457M449?tag=a-esquire-21\" aria-label=\"149\u00a0\u20ac su Amazon per Smart TV F Pro 32\" data-href=\"https:\/\/www.amazon.it\/dp\/B0F457M449\" data-product-url=\"https:\/\/www.amazon.it\/dp\/B0F457M449\" data-affiliate=\"true\" data-affiliate-url=\"https:\/\/www.amazon.it\/dp\/B0F457M449?tag=a-esquire-21\" data-affiliate-network=\"{&quot;site_id&quot;:&quot;ea4bb407-ec21-446a-a75b-8fc7d58bc376&quot;,&quot;metadata&quot;:{&quot;links&quot;:{&quot;default&quot;:&quot;https:\/\/www.amazon.it\/dp\/B0F457M449?tag=a-esquire-21&quot;}},&quot;network&quot;:{&quot;name&quot;:&quot;Amazon&quot;}}\" data-fp-affiliate-inline-link=\"true\" data-fp-affiliate-button-link=\"false\" data-vars-ga-call-to-action=\"149\u00a0\u20ac su Amazon\" data-vars-ga-media-role=\"1\" data-vars-ga-media-type=\"Embedded Gallery List\" data-vars-ga-outbound-link=\"https:\/\/www.amazon.it\/dp\/B0F457M449\" data-vars-ga-product-brand=\"XIAOMI\" data-vars-ga-product-id=\"0768ab0e-7c67-41bc-aadb-c3eb5f37064f\" data-vars-ga-product-price=\"149,00\u00a0\u20ac\" data-vars-ga-product-retailer-id=\"bccf358c-65fe-4691-b74e-a7bba9d53dca\" data-vars-ga-product-sem3-brand=\"XIAOMI\" data-vars-ga-product-sem3-category=\"Televisori\" data-vars-ga-gallery-display=\"list\" data-vars-ga-link-treatment=\"(not set) | (not set)\" data-vars-ga-sku=\"B0F457M449\" data-vars-ga-magento-tracking=\"1\" class=\"product-image-link ebgq4gw7 e12px3ys0 css-g6od0w e1socmtw0\"><img  alt=\"Smart TV F Pro 32\" title=\"Smart TV F Pro 32\" data-fp-product-image=\"true\" datafptag=\"data-fp-product-image\" src=\"https:\/\/www.europesays.com\/it\/wp-content\/uploads\/2026\/09\/1788390139_445_1771588373-61WyC6La91L.jpg\" width=\"1000\" height=\"1000\" decoding=\"async\" loading=\"lazy\"\/><\/a>XIAOMI Smart TV F Pro 32Credit: Courtesy photo<\/p>\n<p>Schermo 32&#8221;, con tecnologia QLED Quantum Dot per colori vivaci, contrasti intensi e una nitidezza straordinaria con oltre un miliardo di colori realistici. Suono cinematografico con Dolby Audio. Controllo Vocale Alexa, compatibile con Apple AirPlay. Triple Tuner DVB-C\/S\/S2\/T\/T2, DTS Virtual:X, DTS-HD.<\/p>\n<p><img src=\"https:\/\/www.europesays.com\/it\/wp-content\/uploads\/2026\/09\/1788390140_61_91f07e8e-33bb-4991-908e-b5ee7dd0c15c_1686210719.file.png\" alt=\"Headshot of Giuseppe Giordano\" title=\"Headshot of Giuseppe Giordano\" width=\"100%\" height=\"100%\" decoding=\"async\" loading=\"lazy\" class=\"css-o0wq4v ev8dhu53\"\/><\/p>\n<p>Guardo film e gioco a videogiochi, da un certo punto della vita in poi ho iniziato anche a scriverne. Mi affascinano gli angolini sperduti di internet, la grafica dei primi videogiochi in 3D e le immagini che ricadono sotto l\u2019ombrello per nulla definito della dicitura aesthetic, rispetto alle quali porto avanti un\u2019attivit\u00e0 di catalogazione compulsiva che ha come punto d\u2019arrivo alcuni profili Instagram. La serie TV con l\u2019estetica migliore (e quella migliore in assoluto) \u00e8 comunque X-Files, che non ho mai finito per non concepire il pensiero \u201cnon esistono altre puntate di X-Files da vedere per il resto della mia vita\u201d. Stessa cosa con Evangelion (il manga). \u00a0<\/p>\n","protected":false},"excerpt":{"rendered":"La frase pi\u00f9 bella di Ink viene pronunciata dal proprietario del Daily Mirror mentre litiga con il direttore&hellip;\n","protected":false},"author":3,"featured_media":662151,"comment_status":"","ping_status":"","sticky":false,"template":"","format":"standard","meta":{"footnotes":"","_share_on_mastodon":"0"},"categories":[1442],"tags":[618,365008,620,203,454,623,204,259632,1537,90,89,210526,619,1521,365007,310758,195811],"class_list":["post-662150","post","type-post","status-publish","format-standard","has-post-thumbnail","category-film","tag-content-type-news","tag-contentid-d8616826-e29e-4685-97b7-5ce95f45942a","tag-displaytype-standard-article","tag-entertainment","tag-film","tag-hasproduct-true","tag-intrattenimento","tag-issyndicated-false","tag-it","tag-italia","tag-italy","tag-la-recensione","tag-locale-it","tag-movies","tag-shorttitle-ink","tag-sponsored-false","tag-subsection-film"],"share_on_mastodon":{"url":"https:\/\/pubeurope.com\/@it\/117203944344045032","error":""},"_links":{"self":[{"href":"https:\/\/www.europesays.com\/it\/wp-json\/wp\/v2\/posts\/662150","targetHints":{"allow":["GET"]}}],"collection":[{"href":"https:\/\/www.europesays.com\/it\/wp-json\/wp\/v2\/posts"}],"about":[{"href":"https:\/\/www.europesays.com\/it\/wp-json\/wp\/v2\/types\/post"}],"author":[{"embeddable":true,"href":"https:\/\/www.europesays.com\/it\/wp-json\/wp\/v2\/users\/3"}],"replies":[{"embeddable":true,"href":"https:\/\/www.europesays.com\/it\/wp-json\/wp\/v2\/comments?post=662150"}],"version-history":[{"count":0,"href":"https:\/\/www.europesays.com\/it\/wp-json\/wp\/v2\/posts\/662150\/revisions"}],"wp:featuredmedia":[{"embeddable":true,"href":"https:\/\/www.europesays.com\/it\/wp-json\/wp\/v2\/media\/662151"}],"wp:attachment":[{"href":"https:\/\/www.europesays.com\/it\/wp-json\/wp\/v2\/media?parent=662150"}],"wp:term":[{"taxonomy":"category","embeddable":true,"href":"https:\/\/www.europesays.com\/it\/wp-json\/wp\/v2\/categories?post=662150"},{"taxonomy":"post_tag","embeddable":true,"href":"https:\/\/www.europesays.com\/it\/wp-json\/wp\/v2\/tags?post=662150"}],"curies":[{"name":"wp","href":"https:\/\/api.w.org\/{rel}","templated":true}]}}