{"id":662232,"date":"2026-09-03T00:12:15","date_gmt":"2026-09-03T00:12:15","guid":{"rendered":"https:\/\/www.europesays.com\/it\/662232\/"},"modified":"2026-09-03T00:12:15","modified_gmt":"2026-09-03T00:12:15","slug":"una-giornata-da-regine-sulle-dolomiti-le-pantere-conquistano-la-marmolada","status":"publish","type":"post","link":"https:\/\/www.europesays.com\/it\/662232\/","title":{"rendered":"Una giornata da regine sulle Dolomiti: le Pantere conquistano la Marmolada"},"content":{"rendered":"<p>Per un giorno palla, bagher, battuta e schiacciata possono aspettare. Al posto della palestra, delle sedute e della fatica dell\u2019alta quota, la Prosecco DOC Imoco Volley ha scelto di respirare a pieni polmoni l\u2019aria delle Dolomiti. Una giornata di pausa dal lavoro intenso del ritiro di Alleghe trasformata in una vera e propria full immersion nella montagna, complice un cielo limpido che ha regalato alle Pantere uno spettacolo difficile da dimenticare. Di buon mattino atlete, Panterine e staff sono saliti da Malga Ciapela fino ai 3.265 metri della Marmolada, la \u00abRegina delle Dolomiti\u00bb. Da lass\u00f9, davanti a loro, si \u00e8 aperto uno skyline mozzafiato sulle cime bellunesi. Una pausa dal campo che ha avuto anche il sapore di un viaggio alla scoperta del territorio che in questi giorni sta ospitando la squadra.<\/p>\n<p>Dopo una merenda al Camping Marmolada, la comitiva \u00e8 scesa verso i Serrai di Sottoguda, percorrendo il suggestivo canyon naturale prima di proseguire verso il Lago di Alleghe. Da qui la salita ai Piani di Pezz\u00e8, quest\u2019anno teatro dell\u2019arrivo di una spettacolare supertappa del Giro d\u2019Italia, e quindi la cabinovia fino ai 2.000 metri del rifugio Col dei Baldi. Pranzo in terrazza, con le montagne a fare da cornice, e un po\u2019 di sole per De Gennaro e compagne prima del rientro alla base, all\u2019Hotel Venezia. A guidare la giornata, insieme alla squadra, anche l\u2019amministrazione comunale di Alleghe. Il sindaco Danilo De Toni ha accolto le Pantere e nel pomeriggio ha ricevuto in Municipio una delegazione ufficiale di atlete e staff, capitanata dalla capitana Asia Wolosz e accompagnata dalla consigliera con delega allo sport Morena Stefanon.<\/p>\n<p>\u00ab\u00c8 stata una bellissima giornata, abbiamo trovato un tempo bellissimo ed \u00e8 stato emozionante salire fino alla Marmolada a goderci lo spettacolo\u00bb, racconta Wolosz, che nella gita ha avuto al suo fianco anche il cagnetto Teddy. \u00abLa montagna mi piace tanto e le Dolomiti in particolare, spesso nei giorni liberi vengo a fare un giro, anche d\u2019inverno, mi godo l\u2019aria che c\u2019\u00e8 qui e i bellissimi paesaggi. Stiamo lavorando duro in questi giorni in allenamento, farlo qui in montagna al fresco \u00e8 una bella novit\u00e0, ringraziamo tutti per la gentilezza e l\u2019ospitalit\u00e0\u00bb. Alle parole della capitana fanno eco quelle di Zhu Ting, che trova nelle Dolomiti qualcosa di familiare: \u00abIo in Cina sono originaria di una zona di montagna, quindi qui mi trovo molto bene, queste montagne sono fantastiche, poi mi piacciono i posti tranquilli e poco affollati, quindi per me \u00e8 l\u2019ideale\u00bb.<\/p>\n<p>Una giornata vissuta intensamente, dunque, nell\u2019aria frizzante delle Dolomiti bellunesi, patrimonio dell\u2019Unesco, che hanno accolto le campionesse della Prosecco DOC Imoco Volley con entusiasmo. Lo stesso entusiasmo che si \u00e8 visto anche alla palestra di Caprile, dove gli allenamenti pomeridiani hanno richiamato una folta presenza di appassionati. E domani, ad assistere alla seduta, ci saranno anche le ragazzine del Volley Agordino.<\/p>\n<p>Il ritiro prosegue cos\u00ec tra lavoro e territorio e si concluder\u00e0 sabato con l\u2019amichevole di Sedico contro Trentino Volley, in programma alle 16.30. Prima, per\u00f2, la serata sar\u00e0 tutta per le compagne impegnate con le rispettive nazionali: al rientro all\u2019Hotel Venezia, le Pantere seguiranno in televisione il quarto di finale dell\u2019Europeo tra l\u2019Italia di Sarah Fahr e Merit Adigwe e la Svezia di Isabelle Haak. Una serata davanti alla tv dopo una giornata con la testa tra le nuvole, ma i piedi ben piantati sulle Dolomiti.<\/p>\n","protected":false},"excerpt":{"rendered":"Per un giorno palla, bagher, battuta e schiacciata possono aspettare. Al posto della palestra, delle sedute e della&hellip;\n","protected":false},"author":3,"featured_media":662233,"comment_status":"","ping_status":"","sticky":false,"template":"","format":"standard","meta":{"footnotes":"","_share_on_mastodon":"0"},"categories":[1474],"tags":[10065,4759,96992,1537,90,89,154083,245,244,1869],"class_list":["post-662232","post","type-post","status-publish","format-standard","has-post-thumbnail","category-volley","tag-conegliano","tag-dolomiti","tag-imoco-volley","tag-it","tag-italia","tag-italy","tag-marmolada","tag-sport","tag-sports","tag-volley"],"share_on_mastodon":{"url":"https:\/\/pubeurope.com\/@it\/117204218356741475","error":""},"_links":{"self":[{"href":"https:\/\/www.europesays.com\/it\/wp-json\/wp\/v2\/posts\/662232","targetHints":{"allow":["GET"]}}],"collection":[{"href":"https:\/\/www.europesays.com\/it\/wp-json\/wp\/v2\/posts"}],"about":[{"href":"https:\/\/www.europesays.com\/it\/wp-json\/wp\/v2\/types\/post"}],"author":[{"embeddable":true,"href":"https:\/\/www.europesays.com\/it\/wp-json\/wp\/v2\/users\/3"}],"replies":[{"embeddable":true,"href":"https:\/\/www.europesays.com\/it\/wp-json\/wp\/v2\/comments?post=662232"}],"version-history":[{"count":0,"href":"https:\/\/www.europesays.com\/it\/wp-json\/wp\/v2\/posts\/662232\/revisions"}],"wp:featuredmedia":[{"embeddable":true,"href":"https:\/\/www.europesays.com\/it\/wp-json\/wp\/v2\/media\/662233"}],"wp:attachment":[{"href":"https:\/\/www.europesays.com\/it\/wp-json\/wp\/v2\/media?parent=662232"}],"wp:term":[{"taxonomy":"category","embeddable":true,"href":"https:\/\/www.europesays.com\/it\/wp-json\/wp\/v2\/categories?post=662232"},{"taxonomy":"post_tag","embeddable":true,"href":"https:\/\/www.europesays.com\/it\/wp-json\/wp\/v2\/tags?post=662232"}],"curies":[{"name":"wp","href":"https:\/\/api.w.org\/{rel}","templated":true}]}}