{"id":662249,"date":"2026-09-03T00:28:15","date_gmt":"2026-09-03T00:28:15","guid":{"rendered":"https:\/\/www.europesays.com\/it\/662249\/"},"modified":"2026-09-03T00:28:15","modified_gmt":"2026-09-03T00:28:15","slug":"dal-red-carpet-del-festival-di-venezia-2026-tutti-i-look-piu-belli-avvistati-scopri-chi-ha-indossato-cosa-e-vota-i-tuoi-preferiti-della-kermesse","status":"publish","type":"post","link":"https:\/\/www.europesays.com\/it\/662249\/","title":{"rendered":"Dal red carpet del Festival di Venezia 2026 tutti i look pi\u00f9 belli avvistati: scopri chi ha indossato cosa e vota i tuoi preferiti della kermesse"},"content":{"rendered":"<p>Se il red carpet del <a href=\"https:\/\/www.vogue.it\/tags\/festival-di-venezia\" target=\"_blank\" rel=\"nofollow noopener\">Festival di Venezia 2026<\/a> \u00e8 la nuova passerella della moda, ecco tutti i dettagli dei look avvistati. Scopri chi ha vestito chi e vota il tuo preferito!<\/p>\n<p>Come tutti gli eventi culturali di fama internazionale, anche il <a href=\"https:\/\/www.vogue.it\/article\/festival-di-venezia-2026-film-ospiti-programma\" target=\"_blank\" rel=\"nofollow noopener\">Festival del Cinema di Venezia<\/a> 2026, in programma al Lido <strong>dal 2 al 12 settembre<\/strong>, raggiunge il grande pubblico. Sospende i telegiornali, i nostri feed Instagram e, ammettiamolo, anche alcune cene con gli amici. Ma non \u00e8 soltanto il cinema a esserne protagonista. Insieme alla Settima Arte e in occasione della kermesse, la moda conquista un ruolo fondamentale diventando presto un&#8217;espediente attrattivo anche per i meno interessati, perch\u00e9 capace di offrire una finestra, il pi\u00f9 delle volte memorabile perch\u00e9 esteticamente perfetta, sullo stile (e la vita) delle nostre star preferite. Rimane impossibile quindi eclissarsi da quella visione: perderemo l&#8217;occasione di guardare un abito-debutto-alla-direzione-creativa (come quello di <a href=\"https:\/\/www.vogue.it\/article\/nicole-kidman-abito-boudoir-versace-outfit\" target=\"_blank\" rel=\"nofollow noopener\">Nicole Kidman<\/a> con Pieter Mulier da Versace), un look realizzato secondo il method dressing o semplicemente di vedere qualcuno vestito veramente bene, sognando di indossare qualcosa di simile un giorno.<\/p>\n<p>Leggi: <a href=\"https:\/\/www.vogue.it\/gallery\/arrivi-star-festival-di-venezia-2026\" target=\"_blank\" rel=\"nofollow noopener\"><strong>Festival di Venezia 2026: gli arrivi delle star e i look pi\u00f9 indimenticabili<\/strong><\/a><\/p>\n<p>Chi saranno gli ospiti sul red carpet di Venezia83?<\/p>\n<p>Mentre la 83\u00aa edizione della Mostra Internazionale d&#8217;Arte Cinematografica viene inaugurata da Ink, il nuovo film di Danny Boyle, sar\u00e0 un film italiano (e Fuori Concorso) a chiudere la kermesse, Dio ride di Giovanni Veronesi, con l&#8217;interpretazione di Pierfrancesco Favino e Silvio Orlando. Ma ogni sera calcheranno il tappeto rosso ospiti, attori, attrici, registi e registe da tutte le realt\u00e0 cinematografiche del mondo. Tra i pi\u00f9 attesi, George Clooney che, insieme a Ellen Burstyn, ricever\u00e0 il Leone d&#8217;Oro alla carriera, Russell Crowe per What Love Builds, di cui \u00e8 regista, Liam e Noel Gallagher per il docufilm a loro dedicato, e ancora Louis Garrel per Succeder\u00e0 questa notte, Robert Pattinson per Primetime, Al Pacino, Rooney Mara, Orlando Bloom per Bucking Fastard, Dakota Johnson per Flesh Impact, Paul Dano. Dall&#8217;Italia ci saranno i protagonisti di sempre: i conduttori Greta Scarano e Nicolas Maupas, Alessandro Borghi, <a href=\"https:\/\/www.vogue.it\/gallery\/chiara-mastroianni-vogue-italia\" target=\"_blank\" rel=\"nofollow noopener\">Chiara Mastroianni<\/a>, Valeria Golino, Valerio Mastandrea, Alba Rohrwacher, Toni Servillo, Luca Marinelli per l&#8217;attesissimo The Echo Chamber, Matilda De Angelis. Insieme a chi sta dietro la macchina da presa: Anna Foglietta al suo esordio, Luca Guadagnino, Francesco Carrozzini e Nanni Moretti. E ognuno di loro avr\u00e0 un look studiatissimo da sfoggiare sul red carpet delle prossime premi\u00e8re.<\/p>\n<p>Nell&#8217;attesa di scoprire chi ha vestito chi, di quale brand \u00e8 quel collier, che stoffa avranno utilizzato per ottenere quel volume, quali prodotti avranno scelto per ottenere quel make-up o hairstyle, nella gallery che segue troverete <strong>tutti i dettagli sui look del red carpet del<\/strong> <a href=\"https:\/\/www.vogue.it\/tags\/festival-di-venezia\" rel=\"nofollow noopener\" target=\"_blank\"><strong>Festival di Venezia<\/strong><\/a> <strong>2026.<\/strong> E se commentare ogni arrivo ha gi\u00e0 invaso le tue conversazioni o chat di gruppo, votare il tuo preferito qui sotto sar\u00e0 facilissimo.<\/p>\n","protected":false},"excerpt":{"rendered":"Se il red carpet del Festival di Venezia 2026 \u00e8 la nuova passerella della moda, ecco tutti i&hellip;\n","protected":false},"author":3,"featured_media":662250,"comment_status":"","ping_status":"","sticky":false,"template":"","format":"standard","meta":{"footnotes":"","_share_on_mastodon":"0"},"categories":[174],"tags":[7511,203,53874,204,1537,90,89,7391],"class_list":["post-662249","post","type-post","status-publish","format-standard","has-post-thumbnail","category-intrattenimento","tag-attualita","tag-entertainment","tag-festival-di-venezia","tag-intrattenimento","tag-it","tag-italia","tag-italy","tag-red-carpet"],"share_on_mastodon":{"url":"https:\/\/pubeurope.com\/@it\/117204281357034983","error":""},"_links":{"self":[{"href":"https:\/\/www.europesays.com\/it\/wp-json\/wp\/v2\/posts\/662249","targetHints":{"allow":["GET"]}}],"collection":[{"href":"https:\/\/www.europesays.com\/it\/wp-json\/wp\/v2\/posts"}],"about":[{"href":"https:\/\/www.europesays.com\/it\/wp-json\/wp\/v2\/types\/post"}],"author":[{"embeddable":true,"href":"https:\/\/www.europesays.com\/it\/wp-json\/wp\/v2\/users\/3"}],"replies":[{"embeddable":true,"href":"https:\/\/www.europesays.com\/it\/wp-json\/wp\/v2\/comments?post=662249"}],"version-history":[{"count":0,"href":"https:\/\/www.europesays.com\/it\/wp-json\/wp\/v2\/posts\/662249\/revisions"}],"wp:featuredmedia":[{"embeddable":true,"href":"https:\/\/www.europesays.com\/it\/wp-json\/wp\/v2\/media\/662250"}],"wp:attachment":[{"href":"https:\/\/www.europesays.com\/it\/wp-json\/wp\/v2\/media?parent=662249"}],"wp:term":[{"taxonomy":"category","embeddable":true,"href":"https:\/\/www.europesays.com\/it\/wp-json\/wp\/v2\/categories?post=662249"},{"taxonomy":"post_tag","embeddable":true,"href":"https:\/\/www.europesays.com\/it\/wp-json\/wp\/v2\/tags?post=662249"}],"curies":[{"name":"wp","href":"https:\/\/api.w.org\/{rel}","templated":true}]}}