{"id":662277,"date":"2026-09-03T00:58:11","date_gmt":"2026-09-03T00:58:11","guid":{"rendered":"https:\/\/www.europesays.com\/it\/662277\/"},"modified":"2026-09-03T00:58:11","modified_gmt":"2026-09-03T00:58:11","slug":"leuropa-sfida-putin-e-serra-i-ranghi-lira-di-von-der-leyen-faremo-piu-pressione","status":"publish","type":"post","link":"https:\/\/www.europesays.com\/it\/662277\/","title":{"rendered":"L\u2019Europa sfida Putin e serra i ranghi, l\u2019ira di von der Leyen: \u00abFaremo pi\u00f9 pressione\u00bb"},"content":{"rendered":"<p>    di<br \/>\n    Francesca Basso<\/p>\n<p class=\"summary-art is-line-h-12\">Kallas torna a chiedere un giro di vite sui visti per i russi. A Lipsia identificati due sospetti: uno aveva il visto italiano<\/p>\n<p class=\"chapter-paragraph\">DALLA NOSTRA CORRISPONDENTE\u00a0<br \/>BRUXELLES L\u2019Unione europea fa quadrato attorno alla Germania, dopo che Berlino ha accusato la Russia di essere la responsabile <a href=\"https:\/\/www.corriere.it\/esteri\/26_settembre_01\/la-germania-accusa-la-russia-i-droni-esplosivi-all-aeroporto-di-lipsia-sono-stati-un-atto-di-guerra-ibrida-sul-suolo-tedesco-bac7d7e6-0cd3-4ede-9b8f-1e2e1ffafxlk.shtml\" rel=\"nofollow noopener\" target=\"_blank\">del drone carico di esplosivo all\u2019aeroporto di Lipsia<\/a>, riscoprendo quell\u2019unit\u00e0  che aveva perso nella crisi migratoria di Ceuta ad agosto.<\/p>\n<p class=\"chapter-paragraph\">A Bruxelles la presidente della Commissione europea Ursula von der Leyen <a href=\"https:\/\/www.corriere.it\/esteri\/diretta-live\/26_settembre_02\/guerra-ucraina-russia-le-notizie-in-diretta-zelensky-finiti-i-giorni-sicuri-nei-cieli-della-russia-berlino-accusa-mosca.shtml\" title=\"Guerra Ucraina-Russia, le notizie in diretta | Von der Leyen: \u00abNon tolleriamo attacchi sul suolo Ue, pronti a rispondere\u00bb. Droni esplosivi a Lipsia: identificati due sospetti, entrambi legati a Mosca\" rel=\"nofollow noopener\" target=\"_blank\">ha incontrato il segretario generale della Nato Mark Rutte<\/a> e in un punto stampa congiunto ha detto che<b> i fatti di Lipsia segnano \u00abuna nuova escalation sul suolo dell\u2019Ue<\/b>, <b>direttamente attribuibile alla Russia\u00bb<\/b> e che l\u2019Unione \u00abnon si limiter\u00e0 a mantenere la pressione sulla Russia, ma la intensificher\u00e0. E non ci fermeremo\u00bb.\u00a0    &#13;<br \/>\n&#13;<br \/>\n&#13;<br \/>\n&#13;<br \/>\n&#13;<br \/>\n&#13;<br \/>\n&#13;<br \/>\n&#13;<br \/>\n&#13;<br \/>\n&#13;<br \/>\n&#13;<br \/>\n&#13;<br \/>\n&#13;<br \/>\n&#13;<br \/>\n&#13;<br \/>\n&#13;<br \/>\n&#13;<br \/>\n&#13;<br \/>\n&#13;<br \/>\n&#13;<br \/>\n&#13;<br \/>\n&#13;<br \/>\n&#13;<br \/>\n&#13;<br \/>\n&#13;<br \/>\n&#13;<br \/>\n&#13;<br \/>\n&#13;<br \/>\n&#13;<br \/>\n&#13;<br \/>\n&#13;<br \/>\n&#13;<br \/>\n&#13;<br \/>\n&#13;<br \/>\n&#13;<br \/>\n&#13;<br \/>\n&#13;<br \/>\n&#13;<br \/>\n&#13;<br \/>\n&#13;<br \/>\n&#13;<br \/>\n&#13;<br \/>\n&#13;<br \/>\n&#13;<br \/>\n&#13;<br \/>\n&#13;<br \/>\n&#13;<br \/>\n&#13;<br \/>\n&#13;<br \/>\n&#13;<br \/>\n&#13;<br \/>\n&#13;<br \/>\n&#13;\n<\/p>\n<p class=\"chapter-paragraph\"><b>Rutte ha ammesso che \u00abla Russia \u00e8 diventata sempre pi\u00f9 sconsiderata\u00bb <\/b>e ci sono \u00abrischi maggiori\u00bb dato il numero in aumento di droni e missili che attraversano lo spazio aereo Nato. <a href=\"https:\/\/www.corriere.it\/oriente-occidente-federico-rampini\/26_settembre_02\/putin-escalation-europa-726ec1e8-2d68-414f-83f3-563f91c19xlk.shtml\" title=\"Il paradosso di Putin: la sua escalation in Europa resusciter\u00e0 la Nato\" rel=\"nofollow noopener\" target=\"_blank\">Ma l\u2019unit\u00e0 dell\u2019Alleanza \u00ab\u00e8 incrollabile\u00bb<\/a>.<\/p>\n<p class=\"chapter-paragraph\">Nelle stesse ore <b>a Wicklow<\/b>, una cinquantina di chilometri a sud  di Dublino, si sono <b>riuniti i ministri degli Esteri dei Ventisette<\/b> sotto la presidenza irlandese di turno dell\u2019Ue. L\u2019Alta rappresentante Ue Kaja Kallas ha detto che quanto accaduto a Lipsia  presenta \u00able caratteristiche di <b>un atto di terrorismo sostenuto da uno Stato\u00bb<\/b> e ha ribadito con fermezza che \u00abi tentativi di intimidire l\u2019Europa falliranno\u00bb.\u00a0<\/p>\n<p class=\"chapter-paragraph\">Il presidente russo Vladimir <b>Putin ha respinto  le accuse \u00abtotalmente inventate\u00bb, <\/b>definendole un \u00abgrave errore\u00bb e cercando di mettere in discussione le prove tedesche. Il capo del Cremlino <b>ha quindi lasciato intendere che la mossa tedesca  fosse dettata da ragioni di politica interna<\/b>, legate all\u2019imminente consultazione elettorale. Inoltre la portavoce del ministero degli Esteri russo, Maria <b>Zakharova, ha avvertito che la risposta alla chiusura del consolato generale russo a Bonn sar\u00e0 dura<\/b> e \u00abal momento opportuno\u00bb.<\/p>\n<p class=\"chapter-paragraph\"><b>\u00c8 alta la tensione tra Mosca e le capitali europee<\/b> che si sentono al centro di una \u00abguerra ibrida\u00bb. <b>Lipsia \u00e8 l\u2019ultima di una serie di provocazioni <\/b>attribuite al Cremlino per mettere alla prova  i Paesi Ue e la Nato con l\u2019obiettivo di minare il loro aiuto all\u2019Ucraina. Ma come ha sottolineato <b>il ministro degli Esteri francese<\/b> Jean-No\u00ebl Barrot, \u00abil risultato di questi tentativi \u00e8 un fallimento e anzi \u00e8 accaduto il contrario, dal momento che il nostro sostegno all\u2019Ucraina non ha smesso di rafforzarsi\u00bb. <b>Un altro effetto \u00e8 il riavvicinamento di Londra all\u2019Unione.<\/b> A Wicklow c\u2019era anche  il ministro degli Esteri britannico, Ed Miliband: \u00abVediamo un tentativo della Russia di dividerci in Europa e di dissuaderci dal sostenere l\u2019Ucraina, e lo dico oggi molto chiaramente a nome del Regno Unito: questo tentativo fallir\u00e0\u00bb.<\/p>\n<p class=\"chapter-paragraph\">Nel settembre di un anno fa, gli scali aerei di Copenaghen e Oslo erano stati temporaneamente chiusi per l\u2019avvistamento di droni di grandi dimensioni nei rispettivi spazi aerei, proprio alla vigilia di un summit Ue che avrebbe portato nella capitale danese i leader dei Ventisette. E poi ci sono <b>gli sconfinamenti  di droni  in Romania, Bulgaria, in Polonia, nei Paesi Baltici<\/b>. Ma quanto accaduto in Germania ha alzato il livello dello scontro. <b>\u00abQuesta \u00e8 la nuova normalit\u00e0 \u2014 ha sottolineato  von der Leyen<\/b> \u2014. Dobbiamo fare di pi\u00f9. E questo significa essere pronti a rispondere all\u2019imprudenza della Russia in modo pi\u00f9 rapido ed efficace\u00bb. In un\u2019intervista a Usa Today l\u2019ambasciatore americano alla Nato Matt Whitaker ha detto che <b>\u00abnon si pu\u00f2 prevedere cosa far\u00e0 il presidente russo Vladimir Putin, n\u00e9 cosa far\u00e0 qualsiasi altro avversario. L\u2019unica cosa che si pu\u00f2 fare \u00e8 prepararsi ed esercitare un\u2019azione di deterrenza\u00bb.<\/b><\/p>\n<p class=\"chapter-paragraph\"><b>Kallas non si stanca di ripetere che la Russia non mostra di voler la pace<\/b> e \u00abse vogliamo porre fine a questa guerra, dobbiamo concentrare tutti i nostri sforzi. Dobbiamo passare a un livello superiore\u00bb.  A Wicklow i Ventisette hanno <b>discusso dell\u2019inasprimento delle sanzioni contro Mosca<\/b> e delle norme sui visti per i cittadini russi che vogliono entrare nell\u2019Ue, incluso il divieto per gli ex combattenti (la proposta, l\u2019ultima volta, era stata bloccata da Italia, Francia e Spagna e Grecia).\u00a0<\/p>\n<p class=\"chapter-paragraph\"><b>Un sospettato dell\u2019attacco all\u2019aeroporto di Lipsia aveva un visto turistico italiano<\/b>.  Kallas ha auspicato che, se il caso sar\u00e0 confermato, \u00abconvinca anche alcuni Stati membri, che finora si sono opposti a ulteriori restrizioni sui visti, che \u00e8 in gioco anche la nostra sicurezza, oltre a quella dell\u2019Ucraina\u00bb.<\/p>\n<p class=\"is-last-update\" datetime=\"2026-09-02T22:07:01+02:00\">2 settembre 2026<\/p>\n<p class=\"is-copyright\">\n            \u00a9 RIPRODUZIONE RISERVATA\n        <\/p>\n","protected":false},"excerpt":{"rendered":"di Francesca Basso Kallas torna a chiedere un giro di vite sui visti per i russi. A Lipsia&hellip;\n","protected":false},"author":3,"featured_media":662278,"comment_status":"","ping_status":"","sticky":false,"template":"","format":"standard","meta":{"footnotes":"","_share_on_mastodon":"0"},"categories":[160],"tags":[500,4112,867,343276,7554,293,395,14,164,165,6515,6516,2149,4467,768,3085,2697,3044,77,1599,1201,6519,8499,6110,963,166,382,2737,7,15,273,857,135,404,39459,10360,383,4477,171,388,15612,15613,6365,796,58311,6801,170,997,2199,11,167,12,168,3712,365051,7466,6526,6527,6528,365052,161,162,163],"class_list":["post-662277","post","type-post","status-publish","format-standard","has-post-thumbnail","category-mondo","tag-accaduto","tag-aerei","tag-aeroporto","tag-aeroporto-lipsia","tag-alta","tag-bruxelles","tag-cremlino","tag-cronaca","tag-dal-mondo","tag-dalmondo","tag-der","tag-der-leyen","tag-dobbiamo","tag-droni","tag-esteri","tag-europa","tag-europea","tag-germania","tag-guerra","tag-italiano","tag-kallas","tag-leyen","tag-lipsia","tag-livello","tag-mettere","tag-mondo","tag-mosca","tag-nato","tag-news","tag-notizie","tag-nuova","tag-paesi","tag-presidente","tag-presidente-russo","tag-presidente-russo-vladimir","tag-pressione","tag-putin","tag-russi","tag-russia","tag-russo","tag-russo-vladimir","tag-russo-vladimir-putin","tag-rutte","tag-sottolineato","tag-tentativi","tag-tentativo","tag-ucraina","tag-ue","tag-ultima","tag-ultime-notizie","tag-ultime-notizie-di-mondo","tag-ultimenotizie","tag-ultimenotiziedimondo","tag-unione","tag-ventisette","tag-visti","tag-von","tag-von-der","tag-von-der-leyen","tag-wicklow","tag-world","tag-world-news","tag-worldnews"],"share_on_mastodon":{"url":"","error":""},"_links":{"self":[{"href":"https:\/\/www.europesays.com\/it\/wp-json\/wp\/v2\/posts\/662277","targetHints":{"allow":["GET"]}}],"collection":[{"href":"https:\/\/www.europesays.com\/it\/wp-json\/wp\/v2\/posts"}],"about":[{"href":"https:\/\/www.europesays.com\/it\/wp-json\/wp\/v2\/types\/post"}],"author":[{"embeddable":true,"href":"https:\/\/www.europesays.com\/it\/wp-json\/wp\/v2\/users\/3"}],"replies":[{"embeddable":true,"href":"https:\/\/www.europesays.com\/it\/wp-json\/wp\/v2\/comments?post=662277"}],"version-history":[{"count":0,"href":"https:\/\/www.europesays.com\/it\/wp-json\/wp\/v2\/posts\/662277\/revisions"}],"wp:featuredmedia":[{"embeddable":true,"href":"https:\/\/www.europesays.com\/it\/wp-json\/wp\/v2\/media\/662278"}],"wp:attachment":[{"href":"https:\/\/www.europesays.com\/it\/wp-json\/wp\/v2\/media?parent=662277"}],"wp:term":[{"taxonomy":"category","embeddable":true,"href":"https:\/\/www.europesays.com\/it\/wp-json\/wp\/v2\/categories?post=662277"},{"taxonomy":"post_tag","embeddable":true,"href":"https:\/\/www.europesays.com\/it\/wp-json\/wp\/v2\/tags?post=662277"}],"curies":[{"name":"wp","href":"https:\/\/api.w.org\/{rel}","templated":true}]}}