{"id":662305,"date":"2026-09-03T01:27:15","date_gmt":"2026-09-03T01:27:15","guid":{"rendered":"https:\/\/www.europesays.com\/it\/662305\/"},"modified":"2026-09-03T01:27:15","modified_gmt":"2026-09-03T01:27:15","slug":"gran-gala-del-calcio-2026-la-top-11-della-serie-a-2025-2026","status":"publish","type":"post","link":"https:\/\/www.europesays.com\/it\/662305\/","title":{"rendered":"Gran Gal\u00e0 del Calcio 2026, la top 11 della Serie A 2025 2026"},"content":{"rendered":"<p><b>Entro, spacco e&#8230; continuo a spaccare.<\/b> Nonostante abbia giocato soltanto met\u00e0 stagione in Serie A, Donyell Malen si \u00e8 preso subito la Roma e un posto nella top 11 del Gran Gal\u00e0 del Calcio AIC. Arrivato a gennaio dall&#8217;Aston Villa, l&#8217;olandese ha chiuso il campionato <b>con 18 presenze, 14 gol e 2 assist<\/b>, diventando il miglior marcatore giallorosso dello scorso campionato. Un impatto immediato, con una media realizzativa da protagonista assoluto. E anche la nuova stagione, dopo il riscatto della Roma, l\u2019ha iniziata bene <b>con cinque reti in due partite\u2026<\/b><\/p>\n<p>\t\t\t\t\t\t<img decoding=\"async\" class=\"c-extended-card__image j-lazyload\" src=\"https:\/\/www.europesays.com\/it\/wp-content\/uploads\/2026\/09\/ansa_malen_roma.jpg\" loading=\"lazy\" alt=\"\"\/><\/p>\n","protected":false},"excerpt":{"rendered":"Entro, spacco e&#8230; continuo a spaccare. Nonostante abbia giocato soltanto met\u00e0 stagione in Serie A, Donyell Malen si&hellip;\n","protected":false},"author":3,"featured_media":662306,"comment_status":"","ping_status":"","sticky":false,"template":"","format":"standard","meta":{"footnotes":"","_share_on_mastodon":"0"},"categories":[6],"tags":[14,365076,8,1537,90,89,7,15,82,9,83,10,251,13,11,80,84,12,81,85],"class_list":["post-662305","post","type-post","status-publish","format-standard","has-post-thumbnail","category-ultime-notizie","tag-cronaca","tag-gran-gala-del-calcio","tag-headlines","tag-it","tag-italia","tag-italy","tag-news","tag-notizie","tag-notizie-di-cronaca","tag-notizie-principali","tag-notiziedicronaca","tag-notizieprincipali","tag-serie-a","tag-titoli","tag-ultime-notizie","tag-ultime-notizie-di-cronaca","tag-ultime-notizie-e-news-di-oggi","tag-ultimenotizie","tag-ultimenotiziedicronaca","tag-ultimenotizieenewsdioggi"],"share_on_mastodon":{"url":"https:\/\/pubeurope.com\/@it\/117204514195228014","error":""},"_links":{"self":[{"href":"https:\/\/www.europesays.com\/it\/wp-json\/wp\/v2\/posts\/662305","targetHints":{"allow":["GET"]}}],"collection":[{"href":"https:\/\/www.europesays.com\/it\/wp-json\/wp\/v2\/posts"}],"about":[{"href":"https:\/\/www.europesays.com\/it\/wp-json\/wp\/v2\/types\/post"}],"author":[{"embeddable":true,"href":"https:\/\/www.europesays.com\/it\/wp-json\/wp\/v2\/users\/3"}],"replies":[{"embeddable":true,"href":"https:\/\/www.europesays.com\/it\/wp-json\/wp\/v2\/comments?post=662305"}],"version-history":[{"count":0,"href":"https:\/\/www.europesays.com\/it\/wp-json\/wp\/v2\/posts\/662305\/revisions"}],"wp:featuredmedia":[{"embeddable":true,"href":"https:\/\/www.europesays.com\/it\/wp-json\/wp\/v2\/media\/662306"}],"wp:attachment":[{"href":"https:\/\/www.europesays.com\/it\/wp-json\/wp\/v2\/media?parent=662305"}],"wp:term":[{"taxonomy":"category","embeddable":true,"href":"https:\/\/www.europesays.com\/it\/wp-json\/wp\/v2\/categories?post=662305"},{"taxonomy":"post_tag","embeddable":true,"href":"https:\/\/www.europesays.com\/it\/wp-json\/wp\/v2\/tags?post=662305"}],"curies":[{"name":"wp","href":"https:\/\/api.w.org\/{rel}","templated":true}]}}